{"id":9894,"date":"2025-03-28T17:04:56","date_gmt":"2025-03-28T17:04:56","guid":{"rendered":"https:\/\/www.lupuscanada.org\/sortez-pour-le-lupus-2025-calgary\/"},"modified":"2025-03-28T17:32:16","modified_gmt":"2025-03-28T17:32:16","slug":"sortez-pour-le-lupus-2025-calgary","status":"publish","type":"post","link":"https:\/\/www.lupuscanada.org\/fr\/sortez-pour-le-lupus-2025-calgary\/","title":{"rendered":"Soutenez la sensibilisation au lupus &#8211; Sortez pour la Marche du lupus 2025 Calgary"},"content":{"rendered":"<p>[et_pb_section fb_built=\u00a0\u00bb1&Prime; _builder_version=\u00a0\u00bb4.25.0&Prime; _module_preset=\u00a0\u00bbdefault\u00a0\u00bb custom_margin=\u00a0\u00bb-20px||||false|false\u00a0\u00bb da_disable_devices=\u00a0\u00bboff|off|off\u00a0\u00bb global_colors_info=\u00a0\u00bb{}\u00a0\u00bb da_is_popup=\u00a0\u00bboff\u00a0\u00bb da_exit_intent=\u00a0\u00bboff\u00a0\u00bb da_has_close=\u00a0\u00bbon\u00a0\u00bb da_alt_close=\u00a0\u00bboff\u00a0\u00bb da_dark_close=\u00a0\u00bboff\u00a0\u00bb da_not_modal=\u00a0\u00bbon\u00a0\u00bb da_is_singular=\u00a0\u00bboff\u00a0\u00bb da_with_loader=\u00a0\u00bboff\u00a0\u00bb da_has_shadow=\u00a0\u00bbon\u00a0\u00bb][et_pb_row _builder_version=\u00a0\u00bb4.27.4&Prime; _module_preset=\u00a0\u00bbdefault\u00a0\u00bb custom_margin=\u00a0\u00bb-28px||||false|false\u00a0\u00bb hover_enabled=\u00a0\u00bb0&Prime; global_colors_info=\u00a0\u00bb{}\u00a0\u00bb sticky_enabled=\u00a0\u00bb0&Prime;][et_pb_column type=\u00a0\u00bb4_4&Prime; _builder_version=\u00a0\u00bb4.25.0&Prime; _module_preset=\u00a0\u00bbdefault\u00a0\u00bb global_colors_info=\u00a0\u00bb{}\u00a0\u00bb][et_pb_text _builder_version=\u00a0\u00bb4.27.4&Prime; _module_preset=\u00a0\u00bbdefault\u00a0\u00bb custom_margin=\u00a0\u00bb15px||||false|false\u00a0\u00bb custom_padding=\u00a0\u00bb|0px|2px|||\u00a0\u00bb global_colors_info=\u00a0\u00bb{}\u00a0\u00bb]<\/p>\n<h5><span>Joignez-vous \u00e0 la Lupus Society of Alberta pour une marche de 3 km afin de sensibiliser le public au lupus<\/span><\/h5>\n<p>[\/et_pb_text][\/et_pb_column][\/et_pb_row][et_pb_row _builder_version=\u00a0\u00bb4.27.4&Prime; _module_preset=\u00a0\u00bbdefault\u00a0\u00bb custom_margin=\u00a0\u00bb-28px||||false|false\u00a0\u00bb hover_enabled=\u00a0\u00bb0&Prime; global_colors_info=\u00a0\u00bb{}\u00a0\u00bb sticky_enabled=\u00a0\u00bb0&Prime;][et_pb_column type=\u00a0\u00bb4_4&Prime; _builder_version=\u00a0\u00bb4.25.0&Prime; _module_preset=\u00a0\u00bbdefault\u00a0\u00bb global_colors_info=\u00a0\u00bb{}\u00a0\u00bb][et_pb_text _builder_version=\u00a0\u00bb4.27.4&Prime; _module_preset=\u00a0\u00bbdefault\u00a0\u00bb custom_margin=\u00a0\u00bb15px||||false|false\u00a0\u00bb custom_padding=\u00a0\u00bb|0px|2px|||\u00a0\u00bb global_colors_info=\u00a0\u00bb{}\u00a0\u00bb]<\/p>\n<p><span><strong data-start=\"374\" data-end=\"396\">Step Out for Lupus<\/strong> est une marche annuelle <strong data-start=\"410\" data-end=\"427\">d\u2019environ 3 km<\/strong> organis\u00e9e par la <strong data-start=\"445\" data-end=\"473\">Lupus Society of Alberta<\/strong>. Cet \u00e9v\u00e9nement est l\u2019occasion pour la <strong data-start=\"512\" data-end=\"556\">communaut\u00e9 du lupus, ses amis et ses partisans<\/strong> de se rassembler, de sensibiliser le public et de <strong data-start=\"596\" data-end=\"645\">collecter des fonds pour des programmes et des services essentiels<\/strong>. <\/span><\/p>\n<p>[\/et_pb_text][\/et_pb_column][\/et_pb_row][et_pb_row _builder_version=\u00a0\u00bb4.27.4&Prime; _module_preset=\u00a0\u00bbdefault\u00a0\u00bb column_structure=\u00a0\u00bb2_5,3_5&Prime; min_height=\u00a0\u00bb167px\u00a0\u00bb hover_enabled=\u00a0\u00bb0&Prime; sticky_enabled=\u00a0\u00bb0&Prime; custom_margin=\u00a0\u00bb18px||-43px||false|false\u00a0\u00bb][et_pb_column _builder_version=\u00a0\u00bb4.27.4&Prime; _module_preset=\u00a0\u00bbdefault\u00a0\u00bb type=\u00a0\u00bb2_5&Prime;][et_pb_image src=\u00a0\u00bbhttps:\/\/www.lupuscanada.org\/wp-content\/uploads\/2025\/03\/327341555_455992589941692_4103922803523204089_n.png\u00a0\u00bb _builder_version=\u00a0\u00bb4.27.4&Prime; _module_preset=\u00a0\u00bbdefault\u00a0\u00bb title_text=\u00a0\u00bbLupus Society of Alberta \u2013 Soutenir la communaut\u00e9 du lupus\u00a0\u00bb hover_enabled=\u00a0\u00bb0&Prime; sticky_enabled=\u00a0\u00bb0&Prime;][\/et_pb_image][\/et_pb_column][et_pb_column _builder_version=\u00a0\u00bb4.27.4&Prime; _module_preset=\u00a0\u00bbdefault\u00a0\u00bb type=\u00a0\u00bb3_5&Prime;][et_pb_text _builder_version=\u00a0\u00bb4.27.4&Prime; _module_preset=\u00a0\u00bbdefault\u00a0\u00bb hover_enabled=\u00a0\u00bb0&Prime; sticky_enabled=\u00a0\u00bb0&Prime; custom_margin=\u00a0\u00bb8px|||-54px|false|false\u00a0\u00bb]<\/p>\n<p><strong data-start=\"267\" data-end=\"276\">Date :<\/strong><span> Le dimanche 27 avril 2025<\/span><br data-start=\"299\" data-end=\"302\"><strong data-start=\"305\" data-end=\"318\"><\/strong><\/p>\n<p><strong data-start=\"305\" data-end=\"318\">Lieu :<\/strong><span> Centre communautaire Rosemont, 2807, 10e rue Nord-Ouest, Calgary<\/span><\/p>\n<p>[\/et_pb_text][et_pb_button button_url=\u00a0\u00bbhttps:\/\/www.canadahelps.org\/en\/charities\/lupus-society-of-alberta\/p2p\/step-out-for-lupus-2025-calgary\/\u00a0\u00bb button_text=\u00a0\u00bbPour en savoir plus\u00a0\u00bb button_alignment=\u00a0\u00bbleft\u00a0\u00bb _builder_version=\u00a0\u00bb4.27.4&Prime; _module_preset=\u00a0\u00bbdefault\u00a0\u00bb custom_button=\u00a0\u00bbon\u00a0\u00bb button_text_size=\u00a0\u00bb16px\u00a0\u00bb button_text_color=\u00a0\u00bb#FFFFFF\u00a0\u00bb button_bg_color=\u00a0\u00bb#6B198A\u00a0\u00bb button_border_width=\u00a0\u00bb0px\u00a0\u00bb hover_enabled=\u00a0\u00bb0&Prime; global_colors_info=\u00a0\u00bb{}\u00a0\u00bb custom_margin=\u00a0\u00bb|||-54px|false|false\u00a0\u00bb sticky_enabled=\u00a0\u00bb0&Prime;][\/et_pb_button][\/et_pb_column][\/et_pb_row][\/et_pb_section][et_pb_section fb_built=\u00a0\u00bb1&Prime; _builder_version=\u00a0\u00bb4.25.0&Prime; _module_preset=\u00a0\u00bbdefault\u00a0\u00bb custom_margin=\u00a0\u00bb-34px||||false|false\u00a0\u00bb da_disable_devices=\u00a0\u00bboff|off|off\u00a0\u00bb global_colors_info=\u00a0\u00bb{}\u00a0\u00bb da_is_popup=\u00a0\u00bboff\u00a0\u00bb da_exit_intent=\u00a0\u00bboff\u00a0\u00bb da_has_close=\u00a0\u00bbon\u00a0\u00bb da_alt_close=\u00a0\u00bboff\u00a0\u00bb da_dark_close=\u00a0\u00bboff\u00a0\u00bb da_not_modal=\u00a0\u00bbon\u00a0\u00bb da_is_singular=\u00a0\u00bboff\u00a0\u00bb da_with_loader=\u00a0\u00bboff\u00a0\u00bb da_has_shadow=\u00a0\u00bbon\u00a0\u00bb][et_pb_row _builder_version=\u00a0\u00bb4.27.4&Prime; _module_preset=\u00a0\u00bbdefault\u00a0\u00bb background_image=\u00a0\u00bbhttps:\/\/www.lupuscanada.org\/wp-content\/uploads\/2024\/05\/Rectangle-1674.png\u00a0\u00bb custom_margin=\u00a0\u00bb-70px||||false|false\u00a0\u00bb global_colors_info=\u00a0\u00bb{}\u00a0\u00bb][et_pb_column type=\u00a0\u00bb4_4&Prime; _builder_version=\u00a0\u00bb4.25.0&Prime; _module_preset=\u00a0\u00bbdefault\u00a0\u00bb global_colors_info=\u00a0\u00bb{}\u00a0\u00bb][et_pb_text _builder_version=\u00a0\u00bb4.27.4&Prime; _module_preset=\u00a0\u00bbdefault\u00a0\u00bb custom_margin=\u00a0\u00bb30px||30px||false|false\u00a0\u00bb global_colors_info=\u00a0\u00bb{}\u00a0\u00bb]<\/p>\n<h3 data-start=\"650\" data-end=\"676\" class=\"\"><span style=\"color: #ffffff;\"><strong data-start=\"654\" data-end=\"674\">Pourquoi participer ?<\/strong><\/span><\/h3>\n<p data-start=\"677\" data-end=\"1013\" class=\"\"><span style=\"color: #ffffff;\"><strong data-start=\"680\" data-end=\"711\">Soutenez la communaut\u00e9 du lupus<\/strong> \u2013 Votre participation aide \u00e0 financer des <strong data-start=\"744\" data-end=\"778\">programmes d\u2019\u00e9ducation et de soutien<\/strong> partout en Alberta.<\/span><br data-start=\"794\" data-end=\"797\"><span style=\"color: #ffffff;\"><strong data-start=\"800\" data-end=\"819\"><\/strong><\/span><\/p>\n<p data-start=\"677\" data-end=\"1013\" class=\"\"><span style=\"color: #ffffff;\"><strong data-start=\"800\" data-end=\"819\">Sensibiliser<\/strong> \u2013 Ensemble, nous pouvons <strong data-start=\"839\" data-end=\"865\">mettre en lumi\u00e8re le lupus<\/strong> et son impact sur les individus et les familles.<\/span><br data-start=\"909\" data-end=\"912\"><span style=\"color: #ffffff;\"><strong data-start=\"915\" data-end=\"949\"><\/strong><\/span><\/p>\n<p data-start=\"677\" data-end=\"1013\" class=\"\"><span style=\"color: #ffffff;\"><strong data-start=\"915\" data-end=\"949\">Amusez-vous avec vos amis et votre famille<\/strong> \u2013 Cr\u00e9ez une \u00e9quipe, mettez-vous au d\u00e9fi les uns les autres et faites une diff\u00e9rence&nbsp;!<\/span><\/p>\n<h3 data-start=\"1015\" data-end=\"1054\" class=\"\"><span style=\"color: #ffffff;\"><strong data-start=\"1019\" data-end=\"1052\">Des r\u00e9compenses de collecte de fonds passionnantes&nbsp;!<\/strong><\/span><\/h3>\n<p data-start=\"1055\" data-end=\"1193\" class=\"\"><span style=\"color: #ffffff;\"><strong data-start=\"1058\" data-end=\"1072\">Amassez 25 $ +<\/strong> \u2013 Recevez un <strong data-start=\"1085\" data-end=\"1115\">t-shirt Step Out for Lupus<\/strong><\/span><br data-start=\"1115\" data-end=\"1118\"><span style=\"color: #ffffff;\"><strong data-start=\"1121\" data-end=\"1136\">Amassez 250 $+<\/strong> \u2013 Obtenez un <strong data-start=\"1145\" data-end=\"1191\">sweat-shirt #ChallengeLupus en \u00e9dition limit\u00e9e<\/strong><\/span><\/p>\n<p>[\/et_pb_text][\/et_pb_column][\/et_pb_row][et_pb_row _builder_version=\u00a0\u00bb4.27.4&Prime; _module_preset=\u00a0\u00bbdefault\u00a0\u00bb global_colors_info=\u00a0\u00bb{}\u00a0\u00bb][et_pb_column type=\u00a0\u00bb4_4&Prime; _builder_version=\u00a0\u00bb4.27.4&Prime; _module_preset=\u00a0\u00bbdefault\u00a0\u00bb global_colors_info=\u00a0\u00bb{}\u00a0\u00bb][et_pb_button button_url=\u00a0\u00bbhttps:\/\/www.canadahelps.org\/en\/charities\/lupus-society-of-alberta\/p2p\/step-out-for-lupus-2025-calgary\/\u00a0\u00bb button_text=\u00a0\u00bbInscrivez-vous d\u00e8s maintenant et aidez-nous \u00e0 faire une diff\u00e9rence&amp;nbsp;!\u00a0\u00bb button_alignment=\u00a0\u00bbcenter\u00a0\u00bb _builder_version=\u00a0\u00bb4.27.4&Prime; _module_preset=\u00a0\u00bbdefault\u00a0\u00bb custom_button=\u00a0\u00bbon\u00a0\u00bb button_text_size=\u00a0\u00bb22px\u00a0\u00bb button_bg_color=\u00a0\u00bb#6B198A\u00a0\u00bb custom_margin=\u00a0\u00bb34px||||false|false\u00a0\u00bb global_colors_info=\u00a0\u00bb{}\u00a0\u00bb][\/et_pb_button][\/et_pb_column][\/et_pb_row][\/et_pb_section]<\/p>\n","protected":false},"excerpt":{"rendered":"<p>Joignez-vous \u00e0 la marche Step Out for Lupus 2025 \u00e0 Calgary pour sensibiliser et soutenir les personnes touch\u00e9es par le lupus. Marchez avec nous le 27 avril pour financer des programmes et des services essentiels. Inscrivez-vous d\u00e8s aujourd\u2019hui&nbsp;!  <\/p>\n","protected":false},"author":4,"featured_media":0,"comment_status":"closed","ping_status":"closed","sticky":false,"template":"","format":"standard","meta":{"_acf_changed":false,"_et_pb_use_builder":"on","_et_pb_old_content":"","_et_gb_content_width":"","footnotes":""},"categories":[92],"tags":[364,366,365,367,205,362,363],"topic":[113,119,120],"audience":[123,126,124],"class_list":["post-9894","post","type-post","status-publish","format-standard","hentry","category-article-fr","tag-evenement-communautaire","tag-evenements-a-calgary","tag-marche-de-collecte-de-fonds","tag-marcher-pour-une-cause","tag-sensibilisation-au-lupus","tag-societe-du-lupus-de-lalberta","tag-sortez-pour-le-lupus","topic-nouvelles-et-evenements","topic-plaidoyer-et-soutien","topic-sensibilisation-et-communaute-fr","audience-j-ai-le-lupus","audience-je-veux-plaider","audience-une-personne-a-qui-je-tiens-a-le-lupus"],"acf":[],"_links":{"self":[{"href":"https:\/\/www.lupuscanada.org\/fr\/wp-json\/wp\/v2\/posts\/9894","targetHints":{"allow":["GET"]}}],"collection":[{"href":"https:\/\/www.lupuscanada.org\/fr\/wp-json\/wp\/v2\/posts"}],"about":[{"href":"https:\/\/www.lupuscanada.org\/fr\/wp-json\/wp\/v2\/types\/post"}],"author":[{"embeddable":true,"href":"https:\/\/www.lupuscanada.org\/fr\/wp-json\/wp\/v2\/users\/4"}],"replies":[{"embeddable":true,"href":"https:\/\/www.lupuscanada.org\/fr\/wp-json\/wp\/v2\/comments?post=9894"}],"version-history":[{"count":0,"href":"https:\/\/www.lupuscanada.org\/fr\/wp-json\/wp\/v2\/posts\/9894\/revisions"}],"wp:attachment":[{"href":"https:\/\/www.lupuscanada.org\/fr\/wp-json\/wp\/v2\/media?parent=9894"}],"wp:term":[{"taxonomy":"category","embeddable":true,"href":"https:\/\/www.lupuscanada.org\/fr\/wp-json\/wp\/v2\/categories?post=9894"},{"taxonomy":"post_tag","embeddable":true,"href":"https:\/\/www.lupuscanada.org\/fr\/wp-json\/wp\/v2\/tags?post=9894"},{"taxonomy":"topic","embeddable":true,"href":"https:\/\/www.lupuscanada.org\/fr\/wp-json\/wp\/v2\/topic?post=9894"},{"taxonomy":"audience","embeddable":true,"href":"https:\/\/www.lupuscanada.org\/fr\/wp-json\/wp\/v2\/audience?post=9894"}],"curies":[{"name":"wp","href":"https:\/\/api.w.org\/{rel}","templated":true}]}}