{"id":9398,"date":"2024-10-25T21:20:39","date_gmt":"2024-10-25T21:20:39","guid":{"rendered":"https:\/\/www.lupuscanada.org\/lhistoire-de-mon-lupus-nathan-s\/"},"modified":"2024-10-31T02:39:19","modified_gmt":"2024-10-31T02:39:19","slug":"lhistoire-de-mon-lupus-nathan-s","status":"publish","type":"post","link":"https:\/\/www.lupuscanada.org\/fr\/lhistoire-de-mon-lupus-nathan-s\/","title":{"rendered":"L\u2019HISTOIRE DE MON LUPUS| Nathan S."},"content":{"rendered":"<p>[et_pb_section fb_built=\u00a0\u00bb1&Prime; _builder_version=\u00a0\u00bb4.27.0&Prime; _module_preset=\u00a0\u00bbdefault\u00a0\u00bb da_disable_devices=\u00a0\u00bboff|off|off\u00a0\u00bb global_colors_info=\u00a0\u00bb{}\u00a0\u00bb da_is_popup=\u00a0\u00bboff\u00a0\u00bb da_exit_intent=\u00a0\u00bboff\u00a0\u00bb da_has_close=\u00a0\u00bbon\u00a0\u00bb da_alt_close=\u00a0\u00bboff\u00a0\u00bb da_dark_close=\u00a0\u00bboff\u00a0\u00bb da_not_modal=\u00a0\u00bbon\u00a0\u00bb da_is_singular=\u00a0\u00bboff\u00a0\u00bb da_with_loader=\u00a0\u00bboff\u00a0\u00bb da_has_shadow=\u00a0\u00bbon\u00a0\u00bb][et_pb_row column_structure=\u00a0\u00bb1_2,1_2&Prime; _builder_version=\u00a0\u00bb4.27.2&Prime; _module_preset=\u00a0\u00bbdefault\u00a0\u00bb custom_margin=\u00a0\u00bb-53px||||false|false\u00a0\u00bb hover_enabled=\u00a0\u00bb0&Prime; global_colors_info=\u00a0\u00bb{}\u00a0\u00bb sticky_enabled=\u00a0\u00bb0&Prime;][et_pb_column type=\u00a0\u00bb1_2&Prime; _builder_version=\u00a0\u00bb4.27.0&Prime; _module_preset=\u00a0\u00bbdefault\u00a0\u00bb global_colors_info=\u00a0\u00bb{}\u00a0\u00bb][et_pb_image src=\u00a0\u00bbhttps:\/\/www.lupuscanada.org\/wp-content\/uploads\/2024\/10\/IMG-20241006-WA00202.jpg\u00a0\u00bb title_text=\u00a0\u00bbNathan S.\u00a0\u00bb _builder_version=\u00a0\u00bb4.27.2&Prime; _module_preset=\u00a0\u00bbdefault\u00a0\u00bb height=\u00a0\u00bb450px\u00a0\u00bb hover_enabled=\u00a0\u00bb0&Prime; global_colors_info=\u00a0\u00bb{}\u00a0\u00bb sticky_enabled=\u00a0\u00bb0&Prime;][\/et_pb_image][\/et_pb_column][et_pb_column type=\u00a0\u00bb1_2&Prime; _builder_version=\u00a0\u00bb4.27.0&Prime; _module_preset=\u00a0\u00bbdefault\u00a0\u00bb global_colors_info=\u00a0\u00bb{}\u00a0\u00bb][et_pb_text _builder_version=\u00a0\u00bb4.27.0&Prime; _module_preset=\u00a0\u00bbdefault\u00a0\u00bb global_colors_info=\u00a0\u00bb{}\u00a0\u00bb custom_padding=\u00a0\u00bb||0px|||\u00a0\u00bb]<\/p>\n<p><span>En tant que personne confront\u00e9e aux d\u00e9fis du lupus, je voulais partager mon parcours dans l\u2019espoir qu\u2019il trouve un \u00e9cho avec d\u2019autres personnes confront\u00e9es \u00e0 des difficult\u00e9s similaires.  <\/span><\/p>\n<p><span>Pour moi, cela a commenc\u00e9 par un gonflement de diff\u00e9rentes articulations et parties de mon corps. L\u2019enflure allait et venait, et avec elle d\u2019immenses quantit\u00e9s de douleur. C\u2019est arriv\u00e9 au point o\u00f9 mon corps avait l\u2019impression d\u2019\u00eatre fait de verre. J\u2019avais l\u2019impression que mon poids \u00e9tait tout simplement trop lourd pour que mon corps puisse le supporter. Peu de temps apr\u00e8s, j\u2019ai remarqu\u00e9 que mes cheveux s\u2019amincissaient et j\u2019ai \u00e9t\u00e9 admise \u00e0 l\u2019h\u00f4pital. \u00c0 ce moment-l\u00e0, j\u2019\u00e9tais \u00e0 peine capable de me lever du lit et de bouger sans aide.     <\/span><\/p>\n<p>[\/et_pb_text][\/et_pb_column][\/et_pb_row][et_pb_row _builder_version=\u00a0\u00bb4.27.0&Prime; _module_preset=\u00a0\u00bbdefault\u00a0\u00bb custom_margin=\u00a0\u00bb23px||||false|false\u00a0\u00bb global_colors_info=\u00a0\u00bb{}\u00a0\u00bb][et_pb_column type=\u00a0\u00bb4_4&Prime; _builder_version=\u00a0\u00bb4.27.0&Prime; _module_preset=\u00a0\u00bbdefault\u00a0\u00bb global_colors_info=\u00a0\u00bb{}\u00a0\u00bb][et_pb_text _builder_version=\u00a0\u00bb4.27.0&Prime; _module_preset=\u00a0\u00bbdefault\u00a0\u00bb global_colors_info=\u00a0\u00bb{}\u00a0\u00bb]<\/p>\n<p><span style=\"font-weight: 400;\"><span>Lorsque j\u2019ai re\u00e7u mon diagnostic pour la premi\u00e8re fois en 2014 apr\u00e8s des semaines de tests, je me suis sentie d\u00e9pass\u00e9e et effray\u00e9e. L\u2019incertitude de vivre avec une maladie chronique me pesait lourdement \u00e0 l\u2019\u00e2ge de 22 ans. Vais-je vivre une vie normale ? Pourquoi moi? Tant de questions et d\u2019\u00e9motions m\u2019ont envahi. Cependant, au milieu de la peur, j\u2019ai d\u00e9couvert un profond sentiment de r\u00e9silience que je ne savais pas que j\u2019avais et je suis ici aujourd\u2019hui un homme beaucoup plus fort \u00e0 cause de cela.     <\/span><\/span><\/p>\n<p><span style=\"font-weight: 400;\"><\/span><span style=\"font-weight: 400;\"><span>L\u2019un des aspects les plus prometteurs de mon parcours a \u00e9t\u00e9 l\u2019incroyable soutien de la communaut\u00e9 du lupus. Se connecter avec d\u2019autres personnes qui comprennent les d\u00e9fis quotidiens a \u00e9t\u00e9 transformateur. Que ce soit par le biais de groupes de soutien, de forums en ligne ou de rencontres locales, le partage de nos exp\u00e9riences m\u2019a aid\u00e9 \u00e0 me sentir moins seul.<br \/>J\u2019ai mes bons et mes mauvais jours comme tout le monde, et quand je le fais, je m\u2019appuie beaucoup sur ma famille qui est toujours l\u00e0 pour moi et qui est devenue mon roc quand les choses deviennent difficiles.    <\/span><\/span><\/p>\n<p>[\/et_pb_text][\/et_pb_column][\/et_pb_row][et_pb_row _builder_version=\u00a0\u00bb4.27.0&Prime; _module_preset=\u00a0\u00bbdefault\u00a0\u00bb background_color=\u00a0\u00bb#6B198A\u00a0\u00bb background_image=\u00a0\u00bbhttps:\/\/www.lupuscanada.org\/wp-content\/uploads\/2024\/08\/Custom-Gradient-1080&#215;1080@2x.png\u00a0\u00bb custom_margin=\u00a0\u00bb24px||||false|false\u00a0\u00bb global_colors_info=\u00a0\u00bb{}\u00a0\u00bb][et_pb_column type=\u00a0\u00bb4_4&Prime; _builder_version=\u00a0\u00bb4.27.0&Prime; _module_preset=\u00a0\u00bbdefault\u00a0\u00bb global_colors_info=\u00a0\u00bb{}\u00a0\u00bb][et_pb_text _builder_version=\u00a0\u00bb4.27.2&Prime; _module_preset=\u00a0\u00bbdefault\u00a0\u00bb custom_margin=\u00a0\u00bb29px||27px||false|false\u00a0\u00bb hover_enabled=\u00a0\u00bb0&Prime; global_colors_info=\u00a0\u00bb{}\u00a0\u00bb sticky_enabled=\u00a0\u00bb0&Prime;]<\/p>\n<p><span style=\"font-weight: 400; color: #ffffff;\">De plus, j\u2019ai appris l\u2019importance de l\u2019autonomie sociale et de trouver une \u00e9quipe de soins de sant\u00e9 qui m\u2019\u00e9coute et me soutient. En me renseignant sur le lupus et en comprenant mon propre corps, j\u2019ai pu prendre des d\u00e9cisions \u00e9clair\u00e9es concernant ma sant\u00e9. <\/span><\/p>\n<p><span style=\"color: #ffffff;\">Apprendre \u00e0 vivre avec le lupus m\u2019a d\u00e9finitivement forc\u00e9 \u00e0 changer certains aspects de ma vie, que ce soit mon alimentation ou apprendre \u00e0 \u00e9couter mon corps. Ces changements m\u2019ont \u00e9galement appris \u00e9norm\u00e9ment sur moi-m\u00eame et sur la patience. <\/span><\/p>\n<p><span style=\"color: #ffffff;\">Au cours de ce voyage, j\u2019ai r\u00e9alis\u00e9 que m\u00eame si le lupus peut \u00eatre impr\u00e9visible et diff\u00e9rent pour tout le monde, la vuln\u00e9rabilit\u00e9 est forte. J\u2019encourage tout le monde \u00e0 s\u2019appuyer sur ses r\u00e9seaux de soutien, \u00e0 prendre soin de soi et \u00e0 se rappeler qu\u2019il n\u2019est pas seul.   <\/span><span style=\"font-weight: 400; color: #ffffff;\"><span style=\"font-weight: 400;\"><\/span><\/span><\/p>\n<p>[\/et_pb_text][\/et_pb_column][\/et_pb_row][\/et_pb_section]<\/p>\n","protected":false},"excerpt":{"rendered":"<p>En tant que personne confront\u00e9e aux d\u00e9fis du lupus, je voulais partager mon parcours dans l\u2019espoir qu\u2019il trouve un \u00e9cho avec d\u2019autres personnes confront\u00e9es \u00e0 des difficult\u00e9s similaires. Pour moi, cela a commenc\u00e9 par un gonflement de diff\u00e9rentes articulations et parties de mon corps. L\u2019enflure allait et venait, et avec elle d\u2019immenses quantit\u00e9s de douleur. [&hellip;]<\/p>\n","protected":false},"author":4,"featured_media":0,"comment_status":"closed","ping_status":"closed","sticky":false,"template":"","format":"standard","meta":{"_acf_changed":false,"_et_pb_use_builder":"on","_et_pb_old_content":"","_et_gb_content_width":"","footnotes":""},"categories":[92],"tags":[],"topic":[118],"audience":[123,122,126,124],"class_list":["post-9398","post","type-post","status-publish","format-standard","hentry","category-article-fr","topic-recits-personnels","audience-j-ai-le-lupus","audience-j-ai-recemment-recu-un-diagnostic","audience-je-veux-plaider","audience-une-personne-a-qui-je-tiens-a-le-lupus"],"acf":[],"_links":{"self":[{"href":"https:\/\/www.lupuscanada.org\/fr\/wp-json\/wp\/v2\/posts\/9398","targetHints":{"allow":["GET"]}}],"collection":[{"href":"https:\/\/www.lupuscanada.org\/fr\/wp-json\/wp\/v2\/posts"}],"about":[{"href":"https:\/\/www.lupuscanada.org\/fr\/wp-json\/wp\/v2\/types\/post"}],"author":[{"embeddable":true,"href":"https:\/\/www.lupuscanada.org\/fr\/wp-json\/wp\/v2\/users\/4"}],"replies":[{"embeddable":true,"href":"https:\/\/www.lupuscanada.org\/fr\/wp-json\/wp\/v2\/comments?post=9398"}],"version-history":[{"count":0,"href":"https:\/\/www.lupuscanada.org\/fr\/wp-json\/wp\/v2\/posts\/9398\/revisions"}],"wp:attachment":[{"href":"https:\/\/www.lupuscanada.org\/fr\/wp-json\/wp\/v2\/media?parent=9398"}],"wp:term":[{"taxonomy":"category","embeddable":true,"href":"https:\/\/www.lupuscanada.org\/fr\/wp-json\/wp\/v2\/categories?post=9398"},{"taxonomy":"post_tag","embeddable":true,"href":"https:\/\/www.lupuscanada.org\/fr\/wp-json\/wp\/v2\/tags?post=9398"},{"taxonomy":"topic","embeddable":true,"href":"https:\/\/www.lupuscanada.org\/fr\/wp-json\/wp\/v2\/topic?post=9398"},{"taxonomy":"audience","embeddable":true,"href":"https:\/\/www.lupuscanada.org\/fr\/wp-json\/wp\/v2\/audience?post=9398"}],"curies":[{"name":"wp","href":"https:\/\/api.w.org\/{rel}","templated":true}]}}