{"id":9378,"date":"2024-10-18T19:01:27","date_gmt":"2024-10-18T19:01:27","guid":{"rendered":"https:\/\/www.lupuscanada.org\/la-3-edition-annuelle-de-lencan-silencieux-de-lupus-canada\/"},"modified":"2024-10-31T02:40:32","modified_gmt":"2024-10-31T02:40:32","slug":"la-3-edition-annuelle-de-lencan-silencieux-de-lupus-canada","status":"publish","type":"post","link":"https:\/\/www.lupuscanada.org\/fr\/la-3-edition-annuelle-de-lencan-silencieux-de-lupus-canada\/","title":{"rendered":"La 3 \u00e9dition annuelle de l\u2019encan silencieux de Lupus Canada !"},"content":{"rendered":"<p>[et_pb_section fb_built=\u00a0\u00bb1&Prime; _builder_version=\u00a0\u00bb4.27.2&Prime; _module_preset=\u00a0\u00bbdefault\u00a0\u00bb custom_margin=\u00a0\u00bb-14px||||false|false\u00a0\u00bb da_disable_devices=\u00a0\u00bboff|off|off\u00a0\u00bb global_colors_info=\u00a0\u00bb{}\u00a0\u00bb da_is_popup=\u00a0\u00bboff\u00a0\u00bb da_exit_intent=\u00a0\u00bboff\u00a0\u00bb da_has_close=\u00a0\u00bbon\u00a0\u00bb da_alt_close=\u00a0\u00bboff\u00a0\u00bb da_dark_close=\u00a0\u00bboff\u00a0\u00bb da_not_modal=\u00a0\u00bbon\u00a0\u00bb da_is_singular=\u00a0\u00bboff\u00a0\u00bb da_with_loader=\u00a0\u00bboff\u00a0\u00bb da_has_shadow=\u00a0\u00bbon\u00a0\u00bb][et_pb_row _builder_version=\u00a0\u00bb4.27.2&Prime; _module_preset=\u00a0\u00bbdefault\u00a0\u00bb global_colors_info=\u00a0\u00bb{}\u00a0\u00bb][et_pb_column type=\u00a0\u00bb4_4&Prime; _builder_version=\u00a0\u00bb4.27.2&Prime; _module_preset=\u00a0\u00bbdefault\u00a0\u00bb global_colors_info=\u00a0\u00bb{}\u00a0\u00bb][et_pb_text _builder_version=\u00a0\u00bb4.27.2&Prime; _module_preset=\u00a0\u00bbdefault\u00a0\u00bb custom_margin=\u00a0\u00bb-30px||||false|false\u00a0\u00bb global_colors_info=\u00a0\u00bb{}\u00a0\u00bb]<\/p>\n<h4 style=\"text-align: center;\"><strong><span>3 encan silencieux annuel de Lupus Canada<\/span><\/strong><\/h4>\n<p>[\/et_pb_text][et_pb_text _builder_version=\u00a0\u00bb4.27.2&Prime; _module_preset=\u00a0\u00bbdefault\u00a0\u00bb custom_margin=\u00a0\u00bb-13px||||false|false\u00a0\u00bb global_colors_info=\u00a0\u00bb{}\u00a0\u00bb]<\/p>\n<h5 style=\"text-align: center;\"><em>Dates : 18 \u2013 25 novembre 2024<\/em><\/h5>\n<p>[\/et_pb_text][\/et_pb_column][\/et_pb_row][et_pb_row _builder_version=\u00a0\u00bb4.27.2&Prime; _module_preset=\u00a0\u00bbdefault\u00a0\u00bb global_colors_info=\u00a0\u00bb{}\u00a0\u00bb][et_pb_column type=\u00a0\u00bb4_4&Prime; _builder_version=\u00a0\u00bb4.27.2&Prime; _module_preset=\u00a0\u00bbdefault\u00a0\u00bb global_colors_info=\u00a0\u00bb{}\u00a0\u00bb][et_pb_text _builder_version=\u00a0\u00bb4.27.2&Prime; _module_preset=\u00a0\u00bbdefault\u00a0\u00bb custom_margin=\u00a0\u00bb25px||||false|false\u00a0\u00bb global_colors_info=\u00a0\u00bb{}\u00a0\u00bb]<\/p>\n<p><span>Pr\u00e9parez-vous pour la 3 \u00e9dition annuelle de l\u2019encan silencieux virtuel de Lupus Canada ! Cet \u00e9v\u00e9nement passionnant est l\u2019occasion pour vous de miser sur  <\/span><strong>Articles, exp\u00e9riences et services uniques<\/strong><span> tout en soutenant les Canadiens touch\u00e9s par le lupus. Que vous soyez \u00e0 la recherche du cadeau de No\u00ebl parfait ou que vous cherchiez simplement \u00e0 faire une diff\u00e9rence, il y en a pour tous les go\u00fbts. <\/span><\/p>\n<p>[\/et_pb_text][\/et_pb_column][\/et_pb_row][et_pb_row _builder_version=\u00a0\u00bb4.27.2&Prime; _module_preset=\u00a0\u00bbdefault\u00a0\u00bb background_image=\u00a0\u00bbhttps:\/\/www.lupuscanada.org\/wp-content\/uploads\/2024\/08\/Custom-Gradient-1080&#215;1080@2x.png\u00a0\u00bb custom_margin=\u00a0\u00bb20px||||false|false\u00a0\u00bb global_colors_info=\u00a0\u00bb{}\u00a0\u00bb][et_pb_column type=\u00a0\u00bb4_4&Prime; _builder_version=\u00a0\u00bb4.27.2&Prime; _module_preset=\u00a0\u00bbdefault\u00a0\u00bb global_colors_info=\u00a0\u00bb{}\u00a0\u00bb][et_pb_text _builder_version=\u00a0\u00bb4.27.2&Prime; _module_preset=\u00a0\u00bbdefault\u00a0\u00bb global_colors_info=\u00a0\u00bb{}\u00a0\u00bb]<\/p>\n<h5 style=\"text-align: center;\"><span style=\"color: #ffffff;\"><strong><\/strong><\/span><\/h5>\n<h5 style=\"text-align: center;\"><span style=\"color: #ffffff;\"><strong>Objectif de collecte de fonds de 15 000 $ : Aidez-nous<\/strong> \u00e0 atteindre notre objectif !<\/span><\/h5>\n<p><span style=\"color: #ffffff;\"><\/span><\/p>\n<p>[\/et_pb_text][\/et_pb_column][\/et_pb_row][et_pb_row _builder_version=\u00a0\u00bb4.27.2&Prime; _module_preset=\u00a0\u00bbdefault\u00a0\u00bb global_colors_info=\u00a0\u00bb{}\u00a0\u00bb][et_pb_column type=\u00a0\u00bb4_4&Prime; _builder_version=\u00a0\u00bb4.27.2&Prime; _module_preset=\u00a0\u00bbdefault\u00a0\u00bb global_colors_info=\u00a0\u00bb{}\u00a0\u00bb][et_pb_text _builder_version=\u00a0\u00bb4.27.2&Prime; _module_preset=\u00a0\u00bbdefault\u00a0\u00bb custom_margin=\u00a0\u00bb25px||||false|false\u00a0\u00bb custom_padding=\u00a0\u00bb||0px|||\u00a0\u00bb global_colors_info=\u00a0\u00bb{}\u00a0\u00bb]<\/p>\n<h5>Pourquoi participer ?<\/h5>\n<p>Chaque soumission aide Lupus Canada \u00e0 faire un pas de plus vers l\u2019am\u00e9lioration de la vie des personnes atteintes de lupus. Votre soutien contribue directement \u00e0 des domaines essentiels tels que <strong>la recherche, la sensibilisation du public, la d\u00e9fense des droits<\/strong> et <strong>le soutien aux patients<\/strong>. <\/p>\n<p>[\/et_pb_text][\/et_pb_column][\/et_pb_row][et_pb_row _builder_version=\u00a0\u00bb4.27.2&Prime; _module_preset=\u00a0\u00bbdefault\u00a0\u00bb global_colors_info=\u00a0\u00bb{}\u00a0\u00bb][et_pb_column type=\u00a0\u00bb4_4&Prime; _builder_version=\u00a0\u00bb4.27.2&Prime; _module_preset=\u00a0\u00bbdefault\u00a0\u00bb global_colors_info=\u00a0\u00bb{}\u00a0\u00bb][et_pb_text _builder_version=\u00a0\u00bb4.27.2&Prime; _module_preset=\u00a0\u00bbdefault\u00a0\u00bb custom_margin=\u00a0\u00bb25px||||false|false\u00a0\u00bb global_colors_info=\u00a0\u00bb{}\u00a0\u00bb]<\/p>\n<h5>Vous voulez contribuer ?<\/h5>\n<p>Vous souhaitez faire don d\u2019un article ou d\u2019une exp\u00e9rience \u00e0 notre vente aux ench\u00e8res ? <strong>Contactez-nous d\u00e8s aujourd\u2019hui<\/strong> et contribuez \u00e0 rendre cet \u00e9v\u00e9nement inoubliable. Ensemble, nous pouvons avoir un impact durable sur la vie des personnes touch\u00e9es par le lupus. <\/p>\n<p><strong>Contact:<\/strong> Heather Coates chez <span style=\"text-decoration: underline;\"><a rel=\"noopener\">heather.coates@lupuscanada.org<\/a><\/span><\/p>\n<p>[\/et_pb_text][et_pb_divider color=\u00a0\u00bb#6B198A\u00a0\u00bb divider_weight=\u00a0\u00bb4px\u00a0\u00bb _builder_version=\u00a0\u00bb4.27.2&Prime; _module_preset=\u00a0\u00bbdefault\u00a0\u00bb custom_margin=\u00a0\u00bb25px||||false|false\u00a0\u00bb global_colors_info=\u00a0\u00bb{}\u00a0\u00bb][\/et_pb_divider][et_pb_text _builder_version=\u00a0\u00bb4.27.2&Prime; _module_preset=\u00a0\u00bbdefault\u00a0\u00bb custom_margin=\u00a0\u00bb25px||25px||false|false\u00a0\u00bb global_colors_info=\u00a0\u00bb{}\u00a0\u00bb]<\/p>\n<h5 style=\"text-align: center;\"><span>Le lupus peut toucher n\u2019importe qui, n\u2019importe quel organe, n\u2019importe quel moment, et avec votre g\u00e9n\u00e9reux soutien, nous pouvons poursuivre notre mission vers une <\/span><strong>\u00ab vie sans lupus \u00bb.<\/strong><\/h5>\n<p>[\/et_pb_text][et_pb_divider color=\u00a0\u00bb#6B198A\u00a0\u00bb divider_weight=\u00a0\u00bb4px\u00a0\u00bb _builder_version=\u00a0\u00bb4.27.2&Prime; _module_preset=\u00a0\u00bbdefault\u00a0\u00bb global_colors_info=\u00a0\u00bb{}\u00a0\u00bb][\/et_pb_divider][\/et_pb_column][\/et_pb_row][\/et_pb_section]<\/p>\n","protected":false},"excerpt":{"rendered":"<p>3 encan silencieux annuel de Lupus CanadaDates : 18 \u2013 25 novembre 2024Pr\u00e9parez-vous pour la 3 \u00e9dition annuelle de l\u2019encan silencieux virtuel de Lupus Canada ! Cet \u00e9v\u00e9nement passionnant est l\u2019occasion pour vous de miser sur Articles, exp\u00e9riences et services uniques tout en soutenant les Canadiens touch\u00e9s par le lupus. Que vous soyez \u00e0 la [&hellip;]<\/p>\n","protected":false},"author":4,"featured_media":9374,"comment_status":"closed","ping_status":"closed","sticky":false,"template":"","format":"standard","meta":{"_acf_changed":false,"_et_pb_use_builder":"on","_et_pb_old_content":"","_et_gb_content_width":"","footnotes":""},"categories":[92],"tags":[243,244,247,238],"topic":[83],"audience":[123,125,124],"class_list":["post-9378","post","type-post","status-publish","format-standard","has-post-thumbnail","hentry","category-article-fr","tag-collecte-de-fonds","tag-communaute","tag-engagement-communautaire-fr","tag-evenement-lupus-canada","topic-awareness-community","audience-j-ai-le-lupus","audience-professionnel-de-la-sante","audience-une-personne-a-qui-je-tiens-a-le-lupus"],"acf":[],"_links":{"self":[{"href":"https:\/\/www.lupuscanada.org\/fr\/wp-json\/wp\/v2\/posts\/9378","targetHints":{"allow":["GET"]}}],"collection":[{"href":"https:\/\/www.lupuscanada.org\/fr\/wp-json\/wp\/v2\/posts"}],"about":[{"href":"https:\/\/www.lupuscanada.org\/fr\/wp-json\/wp\/v2\/types\/post"}],"author":[{"embeddable":true,"href":"https:\/\/www.lupuscanada.org\/fr\/wp-json\/wp\/v2\/users\/4"}],"replies":[{"embeddable":true,"href":"https:\/\/www.lupuscanada.org\/fr\/wp-json\/wp\/v2\/comments?post=9378"}],"version-history":[{"count":0,"href":"https:\/\/www.lupuscanada.org\/fr\/wp-json\/wp\/v2\/posts\/9378\/revisions"}],"wp:featuredmedia":[{"embeddable":true,"href":"https:\/\/www.lupuscanada.org\/fr\/wp-json\/wp\/v2\/media\/9374"}],"wp:attachment":[{"href":"https:\/\/www.lupuscanada.org\/fr\/wp-json\/wp\/v2\/media?parent=9378"}],"wp:term":[{"taxonomy":"category","embeddable":true,"href":"https:\/\/www.lupuscanada.org\/fr\/wp-json\/wp\/v2\/categories?post=9378"},{"taxonomy":"post_tag","embeddable":true,"href":"https:\/\/www.lupuscanada.org\/fr\/wp-json\/wp\/v2\/tags?post=9378"},{"taxonomy":"topic","embeddable":true,"href":"https:\/\/www.lupuscanada.org\/fr\/wp-json\/wp\/v2\/topic?post=9378"},{"taxonomy":"audience","embeddable":true,"href":"https:\/\/www.lupuscanada.org\/fr\/wp-json\/wp\/v2\/audience?post=9378"}],"curies":[{"name":"wp","href":"https:\/\/api.w.org\/{rel}","templated":true}]}}