{"id":9060,"date":"2024-08-27T15:56:33","date_gmt":"2024-08-27T15:56:33","guid":{"rendered":"https:\/\/www.lupuscanada.org\/?p=9060"},"modified":"2024-08-27T16:02:36","modified_gmt":"2024-08-27T16:02:36","slug":"vivre-avec-le-lupus-corner-avec-mauricia-ambrose-le-diagnostic","status":"publish","type":"post","link":"https:\/\/www.lupuscanada.org\/fr\/vivre-avec-le-lupus-corner-avec-mauricia-ambrose-le-diagnostic\/","title":{"rendered":"Vivre avec le lupus Corner avec Mauricia Ambrose | Le diagnostic"},"content":{"rendered":"<p>[et_pb_section fb_built=\u00a0\u00bb1&Prime; _builder_version=\u00a0\u00bb4.16&Prime; da_disable_devices=\u00a0\u00bboff|off|off\u00a0\u00bb global_colors_info=\u00a0\u00bb{}\u00a0\u00bb da_is_popup=\u00a0\u00bboff\u00a0\u00bb da_exit_intent=\u00a0\u00bboff\u00a0\u00bb da_has_close=\u00a0\u00bbon\u00a0\u00bb da_alt_close=\u00a0\u00bboff\u00a0\u00bb da_dark_close=\u00a0\u00bboff\u00a0\u00bb da_not_modal=\u00a0\u00bbon\u00a0\u00bb da_is_singular=\u00a0\u00bboff\u00a0\u00bb da_with_loader=\u00a0\u00bboff\u00a0\u00bb da_has_shadow=\u00a0\u00bbon\u00a0\u00bb][et_pb_row _builder_version=\u00a0\u00bb4.16&Prime; background_size=\u00a0\u00bbinitial\u00a0\u00bb background_position=\u00a0\u00bbtop_left\u00a0\u00bb background_repeat=\u00a0\u00bbrepeat\u00a0\u00bb global_colors_info=\u00a0\u00bb{}\u00a0\u00bb][et_pb_column type=\u00a0\u00bb4_4&Prime; _builder_version=\u00a0\u00bb4.16&Prime; custom_padding=\u00a0\u00bb|||\u00a0\u00bb global_colors_info=\u00a0\u00bb{}\u00a0\u00bb custom_padding__hover=\u00a0\u00bb|||\u00a0\u00bb][et_pb_text _builder_version=\u00a0\u00bb4.25.0&Prime; text_font_size=\u00a0\u00bb16px\u00a0\u00bb header_font_size=\u00a0\u00bb55px\u00a0\u00bb background_size=\u00a0\u00bbinitial\u00a0\u00bb background_position=\u00a0\u00bbtop_left\u00a0\u00bb background_repeat=\u00a0\u00bbrepeat\u00a0\u00bb custom_margin=\u00a0\u00bb-66px||-30px||false|false\u00a0\u00bb global_colors_info=\u00a0\u00bb{}\u00a0\u00bb]<\/p>\n<p><!-- divi:paragraph -->Lupus Canada est heureux de pr\u00e9senter <strong>Living with Lupus Corner avec Mauricia Ambrose<\/strong><\/p>\n<p>&nbsp;<\/p>\n<p><!-- \/divi:paragraph --><\/p>\n<p>[\/et_pb_text][\/et_pb_column][\/et_pb_row][et_pb_row _builder_version=\u00a0\u00bb4.25.0&Prime; _module_preset=\u00a0\u00bbdefault\u00a0\u00bb global_colors_info=\u00a0\u00bb{}\u00a0\u00bb][et_pb_column type=\u00a0\u00bb4_4&Prime; _builder_version=\u00a0\u00bb4.25.0&Prime; _module_preset=\u00a0\u00bbdefault\u00a0\u00bb global_colors_info=\u00a0\u00bb{}\u00a0\u00bb][et_pb_heading title=\u00a0\u00bbLe diagnostic\u00a0\u00bb _builder_version=\u00a0\u00bb4.27.0&Prime; _module_preset=\u00a0\u00bbdefault\u00a0\u00bb title_font=\u00a0\u00bb||on||||||\u00a0\u00bb title_text_color=\u00a0\u00bb#6B198A\u00a0\u00bb title_font_size=\u00a0\u00bb22px\u00a0\u00bb custom_margin=\u00a0\u00bb22px||15px||false|false\u00a0\u00bb hover_enabled=\u00a0\u00bb0&Prime; global_colors_info=\u00a0\u00bb{}\u00a0\u00bb sticky_enabled=\u00a0\u00bb0&Prime;][\/et_pb_heading][\/et_pb_column][\/et_pb_row][et_pb_row _builder_version=\u00a0\u00bb4.25.0&Prime; _module_preset=\u00a0\u00bbdefault\u00a0\u00bb custom_margin=\u00a0\u00bb||32px||false|false\u00a0\u00bb global_colors_info=\u00a0\u00bb{}\u00a0\u00bb][et_pb_column type=\u00a0\u00bb4_4&Prime; _builder_version=\u00a0\u00bb4.25.0&Prime; _module_preset=\u00a0\u00bbdefault\u00a0\u00bb global_colors_info=\u00a0\u00bb{}\u00a0\u00bb][et_pb_text _builder_version=\u00a0\u00bb4.25.0&Prime; _module_preset=\u00a0\u00bbdefault\u00a0\u00bb global_colors_info=\u00a0\u00bb{}\u00a0\u00bb]<\/p>\n<p><span style=\"font-weight: 400;\">Quand j\u2019ai re\u00e7u un diagnostic de lupus, j\u2019\u00e9tais jeune.<br \/>\nC\u2019\u00e9tait ma derni\u00e8re ann\u00e9e \u00e0 l\u2019universit\u00e9 et mes cheveux tombaient en touffes.<br \/>\nJ\u2019avais souffert de douleurs articulaires toute ma vie.<br \/>\nJe ne pouvais pas sortir au soleil parce que je tomberais malade et que j\u2019aurais une terrible \u00e9ruption cutan\u00e9e.<br \/>\nJe savais que quelque chose n\u2019allait pas chez moi, mais les m\u00e9decins que nous avons vus (ma m\u00e8re \u00e9tait \u00e0 mes c\u00f4t\u00e9s \u00e0 chaque \u00e9tape du processus) ont trait\u00e9 mes sympt\u00f4mes, pas la cause profonde.<br \/>\nFinalement, en 1988, nous avons finalement trouv\u00e9 un m\u00e9decin qui regardait au-del\u00e0 des sympt\u00f4mes.<br \/>\nOn m\u2019a diagnostiqu\u00e9 un lupus \u00e9ryth\u00e9mateux diss\u00e9min\u00e9.        <\/span><\/p>\n<p><span style=\"font-weight: 400;\">Mais que faire maintenant ?<br \/>\n\u00c0 l\u2019\u00e9poque, tout ce que je voulais faire, c\u2019\u00e9tait obtenir mon dipl\u00f4me.<br \/>\nJ\u2019ai pris les pilules qu\u2019ils m\u2019ont donn\u00e9es et j\u2019ai esp\u00e9r\u00e9 que tout irait pour le mieux.<br \/>\nLa gravit\u00e9 de ma situation n\u2019avait pas \u00e9t\u00e9 r\u00e9alis\u00e9e.<br \/>\nComment g\u00e9rez-vous l\u2019annonce d\u2019une maladie chronique ?<br \/>\nVous vautrez-vous dans l\u2019apitoiement sur vous-m\u00eame ou continuez-vous ?<br \/>\nJ\u2019\u00e9tais trop jeune pour savoir ce qui se passait.<br \/>\nCertes, \u00e0 19 ans, j\u2019aurais probablement d\u00fb \u00eatre plus engag\u00e9, mais j\u2019avais d\u2019autres priorit\u00e9s : les examens.<br \/>\nEn tant qu\u2019adulte, je sais que j\u2019ai de meilleures capacit\u00e9s d\u2019adaptation.<br \/>\nQue feriez-vous si vous receviez un diagnostic de maladie chronique&nbsp;?         <\/span><\/p>\n<p>[\/et_pb_text][\/et_pb_column][\/et_pb_row][et_pb_row _builder_version=\u00a0\u00bb4.25.0&Prime; _module_preset=\u00a0\u00bbdefault\u00a0\u00bb global_colors_info=\u00a0\u00bb{}\u00a0\u00bb][et_pb_column type=\u00a0\u00bb4_4&Prime; _builder_version=\u00a0\u00bb4.25.0&Prime; _module_preset=\u00a0\u00bbdefault\u00a0\u00bb global_colors_info=\u00a0\u00bb{}\u00a0\u00bb][et_pb_toggle title=\u00a0\u00bbRestez calme\u00a0\u00bb _builder_version=\u00a0\u00bb4.25.0&Prime; _module_preset=\u00a0\u00bbdefault\u00a0\u00bb title_text_color=\u00a0\u00bb#6B198A\u00a0\u00bb title_font=\u00a0\u00bb|700|||||||\u00a0\u00bb title_font_size=\u00a0\u00bb18px\u00a0\u00bb body_text_color=\u00a0\u00bb#6B198A\u00a0\u00bb body_font_size=\u00a0\u00bb16px\u00a0\u00bb global_colors_info=\u00a0\u00bb{}\u00a0\u00bb]<\/p>\n<p><span style=\"font-weight: 400;\">Apr\u00e8s avoir pleur\u00e9 un bon coup, respirez.<br \/>\nOui, c\u2019est une pilule difficile \u00e0 avaler.<br \/>\nVous avez une vie \u00e0 vivre, et cela va rendre les choses difficiles, mais pensez-y de cette fa\u00e7on, il y a d\u2019autres personnes qui traversent la m\u00eame chose et qui survivent.<br \/>\nAlors, respirez.<br \/>\nFaites une promenade, allez courir, faites du v\u00e9lo, \u00e9loignez-vous de la situation pendant une minute pour calmer vos pens\u00e9es.<br \/>\nVous venez d\u2019\u00eatre diagnostiqu\u00e9 et vous n\u2019avez pas encore toutes les informations.       <\/span><\/p>\n<p>[\/et_pb_toggle][et_pb_toggle title=\u00a0\u00bbPosez des questions\u00a0\u00bb open_toggle_text_color=\u00a0\u00bb#6B198A\u00a0\u00bb _builder_version=\u00a0\u00bb4.25.0&Prime; _module_preset=\u00a0\u00bbdefault\u00a0\u00bb title_text_color=\u00a0\u00bb#6B198A\u00a0\u00bb title_font=\u00a0\u00bb|700|||||||\u00a0\u00bb title_font_size=\u00a0\u00bb18px\u00a0\u00bb global_colors_info=\u00a0\u00bb{}\u00a0\u00bb]<\/p>\n<p><span style=\"font-weight: 400;\">Faites autant de recherches que possible pour vous assurer de prendre des d\u00e9cisions \u00e9clair\u00e9es.<br \/>\nNotez toutes vos questions avant de vous rendre \u00e0 votre prochain rendez-vous chez le m\u00e9decin afin de ne rien oublier.<br \/>\nParlez-en \u00e9galement au travailleur social.<br \/>\nJ\u2019ai eu acc\u00e8s \u00e0 des services gratuits auxquels je ne savais pas que j\u2019\u00e9tais admissible jusqu\u2019\u00e0 ce que j\u2019en parle \u00e0 la travailleuse sociale.<br \/>\nIl n\u2019y a pas de questions stupides.<br \/>\nTravaillez avec votre \u00e9quipe (m\u00e9decins, infirmi\u00e8res et travailleurs sociaux) pour vous assurer d\u2019avoir tout ce dont vous avez besoin pour vous \u00e9panouir (pas seulement survivre).     <\/span><\/p>\n<p>[\/et_pb_toggle][et_pb_toggle title=\u00a0\u00bbRestez en bonne sant\u00e9\u00a0\u00bb _builder_version=\u00a0\u00bb4.25.0&Prime; _module_preset=\u00a0\u00bbdefault\u00a0\u00bb title_text_color=\u00a0\u00bb#6B198A\u00a0\u00bb title_font=\u00a0\u00bb|700|||||||\u00a0\u00bb title_font_size=\u00a0\u00bb18px\u00a0\u00bb global_colors_info=\u00a0\u00bb{}\u00a0\u00bb]<\/p>\n<p><span style=\"font-weight: 400;\">Ce n\u2019est pas parce que vous souffrez d\u2019une maladie chronique que votre sant\u00e9 globale doit \u00eatre n\u00e9glig\u00e9e.<br \/>\nJe suis constamment \u00e0 la recherche de moyens de rester en bonne sant\u00e9, parfois par le biais d\u2019un r\u00e9gime alimentaire et de l\u2019exercice.<br \/>\nJe travaille avec la di\u00e9t\u00e9tiste de l\u2019h\u00f4pital pour trouver des aliments que je peux manger sans aggraver ma maladie.<br \/>\nJe tiens un registre des aliments que je mange et de l\u2019effet qu\u2019ils ont sur mon corps, puis je travaille avec le di\u00e9t\u00e9ticien pour trouver des alternatives viables afin de ne pas manquer de nutriments essentiels dans mon alimentation.<br \/>\nSi je trouve un suppl\u00e9ment que je veux prendre \u2013 peut-\u00eatre pour la perte de cheveux ou les douleurs articulaires \u2013 je partage les ingr\u00e9dients avec mon infirmi\u00e8re et la di\u00e9t\u00e9ticienne avant de le prendre.      <\/span><\/p>\n<p><span style=\"font-weight: 400;\">J\u2019aimerais pouvoir dire que je fais de l\u2019exercice r\u00e9guli\u00e8rement aussi, mais je ne suis pas parfait.<br \/>\nJ\u2019essaie, mais \u00e0 la fin de ma journ\u00e9e, je suis g\u00e9n\u00e9ralement \u00e9puis\u00e9.<br \/>\nJ\u2019ai fait des exercices l\u00e9gers et des \u00e9tirements, donc je suppose que je ne suis pas d\u00e9sesp\u00e9r\u00e9.<br \/>\nJe me suis engag\u00e9e \u00e0 promener les chiens plus souvent.<br \/>\nMaintenant qu\u2019il est dans l\u2019univers, je suppose que je dois m\u2019y tenir.<br \/>\nJe vous donnerai une mise \u00e0 jour la prochaine fois.<br \/>\nVous pouvez me garder honn\u00eate.        <\/span><\/p>\n<p>[\/et_pb_toggle][et_pb_toggle title=\u00a0\u00bbTrouver de l\u2019aide\u00a0\u00bb _builder_version=\u00a0\u00bb4.25.0&Prime; _module_preset=\u00a0\u00bbdefault\u00a0\u00bb title_text_color=\u00a0\u00bb#6B198A\u00a0\u00bb title_font=\u00a0\u00bb|700|||||||\u00a0\u00bb title_font_size=\u00a0\u00bb18px\u00a0\u00bb global_colors_info=\u00a0\u00bb{}\u00a0\u00bb]<\/p>\n<p><span style=\"font-weight: 400;\">Demandez de l\u2019aide lorsque vous sentez que c\u2019est trop.<br \/>\nLes travailleurs sociaux de l\u2019h\u00f4pital sont l\u00e0 pour vous fournir le soutien mental dont vous avez besoin pour traverser tout cela.<br \/>\nVous pouvez \u00e9galement faire appel \u00e0 votre syst\u00e8me de soutien personnel \u2013 amis et famille.<br \/>\nPlus important encore, ne pensez jamais que vous \u00eates seul.<br \/>\nSi vous n\u2019avez pas de membres de votre famille ou d\u2019amis en qui vous avez confiance, demandez \u00e0 votre m\u00e9decin de famille de vous recommander un th\u00e9rapeute.<br \/>\nUtilisez les ressources \u00e0 votre disposition pour obtenir l\u2019aide dont vous avez besoin.       <\/span><\/p>\n<p><span style=\"font-weight: 400;\">Je dois \u00eatre honn\u00eate ; J\u2019ai toujours l\u2019impression de me plaindre quand je commence \u00e0 parler de ma maladie.<br \/>\nJe pense que c\u2019est \u00e0 cause de mon \u00e9ducation \u2013 nous n\u2019avons jamais vraiment parl\u00e9 de quoi que ce soit dans ma famille.<br \/>\nJ\u2019apprends les avantages de parler simplement.<br \/>\nParfois, je n\u2019ai pas besoin de conseils, j\u2019ai juste besoin de le dis-le \u00e0 voix haute.<br \/>\nC\u2019est cathartique.<br \/>\nC\u2019est comme tenir un journal.<br \/>\n\u00c0 la fin, on a l\u2019impression qu\u2019un poids a \u00e9t\u00e9 enlev\u00e9.      <\/span><\/p>\n<p>[\/et_pb_toggle][\/et_pb_column][\/et_pb_row][et_pb_row _builder_version=\u00a0\u00bb4.25.0&Prime; _module_preset=\u00a0\u00bbdefault\u00a0\u00bb global_colors_info=\u00a0\u00bb{}\u00a0\u00bb][et_pb_column type=\u00a0\u00bb4_4&Prime; _builder_version=\u00a0\u00bb4.25.0&Prime; _module_preset=\u00a0\u00bbdefault\u00a0\u00bb global_colors_info=\u00a0\u00bb{}\u00a0\u00bb][et_pb_text _builder_version=\u00a0\u00bb4.25.0&Prime; _module_preset=\u00a0\u00bbdefault\u00a0\u00bb custom_margin=\u00a0\u00bb25px||0px||false|false\u00a0\u00bb custom_padding=\u00a0\u00bb||2px|||\u00a0\u00bb global_colors_info=\u00a0\u00bb{}\u00a0\u00bb]<\/p>\n<p><span style=\"font-weight: 400;\">Aucun d\u2019entre nous n\u2019est seul dans cette lutte.<br \/>\nPour prosp\u00e9rer, nous devons nous \u00e9quiper des bons outils.<br \/>\nCela inclut une attitude mentale positive qui dit que nous ne sommes pas vaincus \u2013 nous gagnerons chaque bataille un jour \u00e0 la fois.    <\/span><\/p>\n<p>[\/et_pb_text][\/et_pb_column][\/et_pb_row][et_pb_row _builder_version=\u00a0\u00bb4.25.0&Prime; _module_preset=\u00a0\u00bbdefault\u00a0\u00bb global_colors_info=\u00a0\u00bb{}\u00a0\u00bb][et_pb_column type=\u00a0\u00bb4_4&Prime; _builder_version=\u00a0\u00bb4.25.0&Prime; _module_preset=\u00a0\u00bbdefault\u00a0\u00bb global_colors_info=\u00a0\u00bb{}\u00a0\u00bb][et_pb_text _builder_version=\u00a0\u00bb4.25.0&Prime; _module_preset=\u00a0\u00bbdefault\u00a0\u00bb custom_margin=\u00a0\u00bb25px||||false|false\u00a0\u00bb global_colors_info=\u00a0\u00bb{}\u00a0\u00bb]<\/p>\n<p style=\"text-align: center;\"><b>N\u2019oubliez pas que vos luttes ne devraient pas vous d\u00e9finir&nbsp;; Ils devraient vous motiver.  <\/b><\/p>\n<p style=\"text-align: center;\"><span style=\"font-weight: 400;\">Blogue <\/span><a href=\"https:\/\/parentingonedayatatime.com\/\" target=\"_blank\" rel=\"noopener\"><span style=\"font-weight: 400;\">\u00catre parent un jour \u00e0 la fois<\/span><\/a><span style=\"font-weight: 400;\"> <\/span><\/p>\n<p style=\"text-align: center;\"><span style=\"font-weight: 400;\">Facebook <\/span><a href=\"https:\/\/www.facebook.com\/groups\/725159805764926\" target=\"_blank\" rel=\"noopener\"><span style=\"font-weight: 400;\">\u00catre parent un jour \u00e0 la fois | Sur Facebook<\/span><\/a><span style=\"font-weight: 400;\"> <\/span><\/p>\n<p style=\"text-align: center;\"><span style=\"font-weight: 400;\">LinkedIn <\/span><a href=\"https:\/\/www.linkedin.com\/in\/mauricia-ambrose-248365193\/\" target=\"_blank\" rel=\"noopener\"><span style=\"font-weight: 400;\">Mauricia Ambrose | Lien LinkedIn<\/span><\/a><span style=\"font-weight: 400;\"><\/span><\/p>\n<p style=\"text-align: center;\"><span style=\"font-weight: 400;\">Mon livre <a href=\"https:\/\/www.amazon.ca\/Turn-into-Storm-survive-reinvention\/dp\/B0D6W3BN4C\/ref=sr_1_1?crid=4TVDXUOD9BDM&amp;dib=eyJ2IjoiMSJ9.khvb8EweiG4jrBi5zrrQl-Z_TLj6Xc0z0eVNrc6Ca81gd3STnOnzLfvO_9ThldqWoaSfMITtACNtEKEqk0K4YkGWGP3o0yRbugXZo2pTRmDtlPZVnDWYMw5qKMu8j6BOErMl_1kAfbeTizgRiNAauri55-VSRE2kb_xugt1dcUf6PAB5I9h1JEOAhS6UQbYV55Wg5D-1EfsVdbLtcknYYldsEVCjdq9VTIBz7_OIagaK4x6lAhM0Zr3vNoOKJF7dHfhBUqAzp5_fETaKUbOYJX8nbLDdVJhGVkP_DZz3hFE.rXUdr5RTeQ7eQu12FlWKlZHwkU52AhsZT_1fA1yyFuE&amp;dib_tag=se&amp;keywords=turn+into+the+storm&amp;qid=1721734342&amp;s=generic&amp;sprefix=turn+into+%2Cspecialty-aps%2C1450&amp;sr=8-1\" target=\"_blank\" rel=\"noopener\">Turn into the Storm&nbsp;: Le combat d\u2019une femme pour survivre et son parcours vers la r\u00e9invention<\/a><\/span><\/p>\n<p>[\/et_pb_text][\/et_pb_column][\/et_pb_row][\/et_pb_section]<\/p>\n","protected":false},"excerpt":{"rendered":"<p>Lupus Canada est heureux de pr\u00e9senter Living with Lupus Corner avec Mauricia Ambrose &nbsp; Quand j\u2019ai re\u00e7u un diagnostic de lupus, j\u2019\u00e9tais jeune. C\u2019\u00e9tait ma derni\u00e8re ann\u00e9e \u00e0 l\u2019universit\u00e9 et mes cheveux tombaient en touffes. J\u2019avais souffert de douleurs articulaires toute ma vie. Je ne pouvais pas sortir au soleil parce que je tomberais malade [&hellip;]<\/p>\n","protected":false},"author":4,"featured_media":9057,"comment_status":"closed","ping_status":"closed","sticky":false,"template":"","format":"standard","meta":{"_acf_changed":false,"_et_pb_use_builder":"on","_et_pb_old_content":"","_et_gb_content_width":"","footnotes":""},"categories":[92],"tags":[144,179,143,153,210,205,206],"topic":[118,120,117],"audience":[121,123,122,126,124],"class_list":["post-9060","post","type-post","status-publish","format-standard","has-post-thumbnail","hentry","category-article-fr","tag-guerrier-du-lupus","tag-maladie-auto-immune","tag-maladie-chronique","tag-maman-et-le-lupus","tag-plaidoyer-contre-le-lupus","tag-sensibilisation-au-lupus","tag-vivre-avec-le-lupus","topic-recits-personnels","topic-sensibilisation-et-communaute-fr","topic-vie-et-bien-etre","audience-ai-je-le-lupus","audience-j-ai-le-lupus","audience-j-ai-recemment-recu-un-diagnostic","audience-je-veux-plaider","audience-une-personne-a-qui-je-tiens-a-le-lupus"],"acf":[],"_links":{"self":[{"href":"https:\/\/www.lupuscanada.org\/fr\/wp-json\/wp\/v2\/posts\/9060","targetHints":{"allow":["GET"]}}],"collection":[{"href":"https:\/\/www.lupuscanada.org\/fr\/wp-json\/wp\/v2\/posts"}],"about":[{"href":"https:\/\/www.lupuscanada.org\/fr\/wp-json\/wp\/v2\/types\/post"}],"author":[{"embeddable":true,"href":"https:\/\/www.lupuscanada.org\/fr\/wp-json\/wp\/v2\/users\/4"}],"replies":[{"embeddable":true,"href":"https:\/\/www.lupuscanada.org\/fr\/wp-json\/wp\/v2\/comments?post=9060"}],"version-history":[{"count":0,"href":"https:\/\/www.lupuscanada.org\/fr\/wp-json\/wp\/v2\/posts\/9060\/revisions"}],"wp:featuredmedia":[{"embeddable":true,"href":"https:\/\/www.lupuscanada.org\/fr\/wp-json\/wp\/v2\/media\/9057"}],"wp:attachment":[{"href":"https:\/\/www.lupuscanada.org\/fr\/wp-json\/wp\/v2\/media?parent=9060"}],"wp:term":[{"taxonomy":"category","embeddable":true,"href":"https:\/\/www.lupuscanada.org\/fr\/wp-json\/wp\/v2\/categories?post=9060"},{"taxonomy":"post_tag","embeddable":true,"href":"https:\/\/www.lupuscanada.org\/fr\/wp-json\/wp\/v2\/tags?post=9060"},{"taxonomy":"topic","embeddable":true,"href":"https:\/\/www.lupuscanada.org\/fr\/wp-json\/wp\/v2\/topic?post=9060"},{"taxonomy":"audience","embeddable":true,"href":"https:\/\/www.lupuscanada.org\/fr\/wp-json\/wp\/v2\/audience?post=9060"}],"curies":[{"name":"wp","href":"https:\/\/api.w.org\/{rel}","templated":true}]}}