{"id":9051,"date":"2024-08-27T12:08:58","date_gmt":"2024-08-27T12:08:58","guid":{"rendered":"https:\/\/www.lupuscanada.org\/appel-estival\/"},"modified":"2024-08-27T14:49:15","modified_gmt":"2024-08-27T14:49:15","slug":"appel-estival","status":"publish","type":"post","link":"https:\/\/www.lupuscanada.org\/fr\/appel-estival\/","title":{"rendered":"Appel estival"},"content":{"rendered":"<p>[et_pb_section fb_built=\u00a0\u00bb1&Prime; _builder_version=\u00a0\u00bb4.27.0&Prime; _module_preset=\u00a0\u00bbdefault\u00a0\u00bb da_disable_devices=\u00a0\u00bboff|off|off\u00a0\u00bb global_colors_info=\u00a0\u00bb{}\u00a0\u00bb da_is_popup=\u00a0\u00bboff\u00a0\u00bb da_exit_intent=\u00a0\u00bboff\u00a0\u00bb da_has_close=\u00a0\u00bbon\u00a0\u00bb da_alt_close=\u00a0\u00bboff\u00a0\u00bb da_dark_close=\u00a0\u00bboff\u00a0\u00bb da_not_modal=\u00a0\u00bbon\u00a0\u00bb da_is_singular=\u00a0\u00bboff\u00a0\u00bb da_with_loader=\u00a0\u00bboff\u00a0\u00bb da_has_shadow=\u00a0\u00bbon\u00a0\u00bb][et_pb_row _builder_version=\u00a0\u00bb4.27.0&Prime; _module_preset=\u00a0\u00bbdefault\u00a0\u00bb global_colors_info=\u00a0\u00bb{}\u00a0\u00bb][et_pb_column type=\u00a0\u00bb4_4&Prime; _builder_version=\u00a0\u00bb4.27.0&Prime; _module_preset=\u00a0\u00bbdefault\u00a0\u00bb global_colors_info=\u00a0\u00bb{}\u00a0\u00bb][et_pb_text _builder_version=\u00a0\u00bb4.27.0&Prime; _module_preset=\u00a0\u00bbdefault\u00a0\u00bb global_colors_info=\u00a0\u00bb{}\u00a0\u00bb]<\/p>\n<h4 style=\"text-align: left;\"><strong>Les enfants atteints de lupus sont confront\u00e9s \u00e0 des d\u00e9fis quotidiens.<br \/>\nAllez-vous nous aider \u00e0 les soutenir ? <\/strong><\/h4>\n<p>[\/et_pb_text][et_pb_text _builder_version=\u00a0\u00bb4.27.0&Prime; _module_preset=\u00a0\u00bbdefault\u00a0\u00bb global_colors_info=\u00a0\u00bb{}\u00a0\u00bb]<\/p>\n<p>L\u2019agitation famili\u00e8re de la rentr\u00e9e scolaire emplit l\u2019air.<br \/>\nPour la plupart des enfants, c\u2019est une p\u00e9riode d\u2019excitation, d\u2019anticipation et peut-\u00eatre m\u00eame une touche de nervosit\u00e9.<br \/>\nDe nouvelles salles de classe, de nouveaux enseignants et la possibilit\u00e9 de nouer de nouvelles amiti\u00e9s \u2013 c\u2019est une p\u00e9riode qui regorge de possibilit\u00e9s infinies.    <strong>Mais pour les enfants atteints de lupus, la joie de la rentr\u00e9e scolaire peut \u00eatre alourdie par les d\u00e9fis de leur maladie chronique.<\/strong><\/p>\n<p>Le lupus est une maladie chronique caract\u00e9ris\u00e9e par une inflammation dans une ou plusieurs parties du corps.<br \/>\nPlus de 1 Canadien sur 1 000 est atteint de lupus, et il peut toucher n\u2019importe qui, y compris les enfants, n\u2019importe quel organe, n\u2019importe quand.<br \/>\nLe lupus infantile, qui touche 10 \u00e0 20 % des personnes diagnostiqu\u00e9es, peut \u00eatre grave.<br \/>\nContrairement au lupus de l\u2019adulte, il cible souvent les reins et peut avoir un impact significatif \u00e0 long terme.<br \/>\nMalheureusement, le lupus a tendance \u00e0 \u00eatre plus agressif et plus grave chez les enfants que chez les adultes.      <strong>Pour ces enfants, la routine quotidienne de l\u2019\u00e9cole peut souvent ressembler davantage \u00e0 une lutte quotidienne.<\/strong><\/p>\n<p>Imaginez que vous essayez de vous concentrer pendant une journ\u00e9e compl\u00e8te de le\u00e7ons lorsque la fatigue est votre compagnon constant.<br \/>\nLes sympt\u00f4mes neurologiques comme le brouillard c\u00e9r\u00e9bral peuvent entraver davantage la m\u00e9moire et la concentration.<br \/>\nLa douleur, la raideur et m\u00eame la sensibilit\u00e9 \u00e0 la lumi\u00e8re deviennent des obstacles suppl\u00e9mentaires \u00e0 l\u2019apprentissage et \u00e0 la pleine participation.  <\/p>\n<p>[\/et_pb_text][\/et_pb_column][\/et_pb_row][et_pb_row column_structure=\u00a0\u00bb1_2,1_2&Prime; _builder_version=\u00a0\u00bb4.27.0&Prime; _module_preset=\u00a0\u00bbdefault\u00a0\u00bb global_colors_info=\u00a0\u00bb{}\u00a0\u00bb][et_pb_column type=\u00a0\u00bb1_2&Prime; _builder_version=\u00a0\u00bb4.27.0&Prime; _module_preset=\u00a0\u00bbdefault\u00a0\u00bb global_colors_info=\u00a0\u00bb{}\u00a0\u00bb][et_pb_image src=\u00a0\u00bbhttps:\/\/www.lupuscanada.org\/wp-content\/uploads\/2024\/08\/dm-2.png\u00a0\u00bb _builder_version=\u00a0\u00bb4.27.0&Prime; _module_preset=\u00a0\u00bbdefault\u00a0\u00bb global_colors_info=\u00a0\u00bb{}\u00a0\u00bb][\/et_pb_image][\/et_pb_column][et_pb_column type=\u00a0\u00bb1_2&Prime; _builder_version=\u00a0\u00bb4.27.0&Prime; _module_preset=\u00a0\u00bbdefault\u00a0\u00bb global_colors_info=\u00a0\u00bb{}\u00a0\u00bb][et_pb_text _builder_version=\u00a0\u00bb4.27.0&Prime; _module_preset=\u00a0\u00bbdefault\u00a0\u00bb custom_margin=\u00a0\u00bb14px||||false|false\u00a0\u00bb custom_padding=\u00a0\u00bb||8px|||\u00a0\u00bb global_colors_info=\u00a0\u00bb{}\u00a0\u00bb]<\/p>\n<p>La socialisation, un \u00e9l\u00e9ment crucial de l\u2019exp\u00e9rience scolaire, peut \u00eatre tout aussi difficile pour les enfants atteints de lupus.<br \/>\nLa menace constante d\u2019une pouss\u00e9e, d\u00e9clench\u00e9e par le stress, une infection ou m\u00eame des changements de temp\u00e9rature, peut entra\u00eener des angoisses de manquer quelque chose et de s\u2019isoler socialement.<br \/>\nDe plus, certains m\u00e9dicaments contre le lupus peuvent entra\u00eener une prise de poids et d\u2019autres changements physiques, entra\u00eenant des ins\u00e9curit\u00e9s et des taquineries potentielles de la part des pairs.  <\/p>\n<p>[\/et_pb_text][\/et_pb_column][\/et_pb_row][et_pb_row _builder_version=\u00a0\u00bb4.27.0&Prime; _module_preset=\u00a0\u00bbdefault\u00a0\u00bb global_colors_info=\u00a0\u00bb{}\u00a0\u00bb][et_pb_column type=\u00a0\u00bb4_4&Prime; _builder_version=\u00a0\u00bb4.27.0&Prime; _module_preset=\u00a0\u00bbdefault\u00a0\u00bb global_colors_info=\u00a0\u00bb{}\u00a0\u00bb][et_pb_text _builder_version=\u00a0\u00bb4.27.0&Prime; _module_preset=\u00a0\u00bbdefault\u00a0\u00bb global_colors_info=\u00a0\u00bb{}\u00a0\u00bb]<\/p>\n<p>Il suffit d\u2019\u00e9couter Isaac, <strong>un \u00e9tudiant atteint de lupus, exprimer sa peur de ne pas \u00eatre compris<\/strong> : \u00ab Au quotidien, j\u2019ai peut-\u00eatre l\u2019air en parfaite sant\u00e9, mais si j\u2019avais une pouss\u00e9e&#8230; Cela m\u2019emp\u00eachait de m\u2019absenter pendant des semaines, et les gens ne pouvaient pas comprendre, et encore moins m\u2019accueillir.<\/p>\n<p><span>C\u2019est l\u00e0 qu\u2019intervient Lupus Canada.<br \/>\nNous croyons que chaque enfant m\u00e9rite une chance \u00e9quitable d\u2019acc\u00e9der \u00e0 l\u2019\u00e9ducation.<br \/>\nHeureusement, avec le soutien de g\u00e9n\u00e9reux donateurs comme vous, nous pouvons aider les enfants atteints de lupus et leurs familles afin qu\u2019ils puissent s\u2019\u00e9panouir \u00e0 l\u2019\u00e9cole et r\u00e9aliser leur potentiel.  <\/span><\/p>\n<p>[\/et_pb_text][et_pb_divider color=\u00a0\u00bb#6B198A\u00a0\u00bb divider_style=\u00a0\u00bbdotted\u00a0\u00bb divider_weight=\u00a0\u00bb5px\u00a0\u00bb _builder_version=\u00a0\u00bb4.27.0&Prime; _module_preset=\u00a0\u00bbdefault\u00a0\u00bb global_colors_info=\u00a0\u00bb{}\u00a0\u00bb][\/et_pb_divider][et_pb_text _builder_version=\u00a0\u00bb4.27.0&Prime; _module_preset=\u00a0\u00bbdefault\u00a0\u00bb global_colors_info=\u00a0\u00bb{}\u00a0\u00bb]<\/p>\n<p><strong>Veuillez faire un don \u00e0 Lupus Canada d\u00e8s aujourd\u2019hui, afin que nous puissions continuer \u00e0 sensibiliser et \u00e0 d\u00e9fendre les int\u00e9r\u00eats de cette maladie d\u00e9bilitante, continuer \u00e0 financer des recherches qui changent des vies, recueillir des fonds pour notre programme de bourses d\u2019\u00e9tudes et, un jour, d\u00e9couvrir un rem\u00e8de.<\/strong><\/p>\n<p>[\/et_pb_text][et_pb_divider color=\u00a0\u00bb#6B198A\u00a0\u00bb divider_style=\u00a0\u00bbdotted\u00a0\u00bb divider_weight=\u00a0\u00bb5px\u00a0\u00bb _builder_version=\u00a0\u00bb4.27.0&Prime; _module_preset=\u00a0\u00bbdefault\u00a0\u00bb global_colors_info=\u00a0\u00bb{}\u00a0\u00bb][\/et_pb_divider][\/et_pb_column][\/et_pb_row][et_pb_row _builder_version=\u00a0\u00bb4.27.0&Prime; _module_preset=\u00a0\u00bbdefault\u00a0\u00bb global_colors_info=\u00a0\u00bb{}\u00a0\u00bb][et_pb_column type=\u00a0\u00bb4_4&Prime; _builder_version=\u00a0\u00bb4.27.0&Prime; _module_preset=\u00a0\u00bbdefault\u00a0\u00bb global_colors_info=\u00a0\u00bb{}\u00a0\u00bb][et_pb_text _builder_version=\u00a0\u00bb4.27.0&Prime; _module_preset=\u00a0\u00bbdefault\u00a0\u00bb global_colors_info=\u00a0\u00bb{}\u00a0\u00bb]<\/p>\n<p><strong>Les plans d\u2019\u00e9ducation individualis\u00e9s (PEI) sont un outil crucial pour aider les enfants atteints de lupus.<\/strong><\/p>\n<p>Ces plans, \u00e9labor\u00e9s par une \u00e9quipe d\u2019enseignants, de parents et de professionnels de la sant\u00e9, d\u00e9crivent le soutien sp\u00e9cifique dont un enfant a besoin pour r\u00e9ussir.<br \/>\nLes mesures d\u2019adaptation peuvent inclure : <\/p>\n<p><strong>\u25aa\ufe0f Horaires flexibles<\/strong> pour s\u2019adapter aux rendez-vous chez le m\u00e9decin ou aux pouss\u00e9es.<\/p>\n<p><strong>\u25aa\ufe0f Temps prolong\u00e9 sur les tests<\/strong> pour compenser la fatigue ou le brouillard c\u00e9r\u00e9bral.<\/p>\n<p><strong>\u25aa\ufe0f Programmes d\u2019\u00e9ducation physique modifi\u00e9s<\/strong> pour \u00e9viter les activit\u00e9s intenses.<\/p>\n<p><strong>\u25aa\ufe0f Acc\u00e8s \u00e0 un conseiller scolaire ou \u00e0 un travailleur social<\/strong> pour un soutien \u00e9motionnel.<\/p>\n<p><strong>\u25aa\ufe0f Utilisation de distributeurs de d\u00e9sinfectant pour les mains<\/strong> au lieu d\u2019\u00e9viers communs pour minimiser le risque d\u2019infection.<\/p>\n<p><strong>\u25aa\ufe0f Filtres de lumi\u00e8re sur les fen\u00eatres et \u00e9clairage r\u00e9glable<\/strong> pour g\u00e9rer la sensibilit\u00e9 \u00e0 la lumi\u00e8re.<\/p>\n<p>[\/et_pb_text][et_pb_text _builder_version=\u00a0\u00bb4.27.0&Prime; _module_preset=\u00a0\u00bbdefault\u00a0\u00bb global_colors_info=\u00a0\u00bb{}\u00a0\u00bb]<\/p>\n<p>Ce ne sont l\u00e0 que quelques exemples. <strong>Lupus Canada travaille d\u2019arrache-pied pour s\u2019assurer que les enfants atteints de lupus disposent des ressources n\u00e9cessaires pour r\u00e9ussir.<\/strong> Avec votre soutien, nous pouvons continuer \u00e0 d\u00e9velopper ces ressources, en veillant \u00e0 ce que ces \u00e9tudiants puissent participer pleinement \u00e0 leur \u00e9ducation. <strong>Nous proposons \u00e9galement des ressources aux enseignants<\/strong> pour les aider \u00e0 comprendre le lupus et son impact sur l\u2019apprentissage.<\/p>\n<p>Au-del\u00e0 des \u00e9tudes, le bien-\u00eatre \u00e9motionnel et social des enfants atteints de lupus est tout aussi important.<br \/>\nNous ne pouvons pas ignorer les cons\u00e9quences d\u2019une maladie chronique sur la sant\u00e9 mentale et \u00e9motionnelle des parents.<br \/>\nLupus Canada pr\u00e9conise des syst\u00e8mes et des ressources pour soutenir les parents qui font face au fardeau constant de s\u2019inqui\u00e9ter du bien-\u00eatre de leur enfant, ce qui contribue \u00e0 all\u00e9ger une partie de cette pression.    <\/p>\n<p>Mais nous ne pouvons pas continuer \u00e0 sensibiliser le public et \u00e0 recueillir des fonds pour la recherche pour les enfants atteints de lupus partout au pays sans des gens comme vous.<br \/>\nVotre g\u00e9n\u00e9reux don \u00e0 Lupus Canada fait une r\u00e9elle diff\u00e9rence. <\/p>\n<p><strong>S\u2019il vous pla\u00eet, donnez g\u00e9n\u00e9reusement \u00e0 Lupus Canada, aujourd\u2019hui<\/strong>.<\/p>\n<p><strong>Envisageriez-vous un don mensuel de 10 $&nbsp;?<\/strong>  Joignez-vous \u00e0 notre programme de dons mensuels pour soutenir l\u2019ann\u00e9e scolaire d\u2019un \u00e9l\u00e8ve avec espoir, opportunit\u00e9s et succ\u00e8s.<br \/>\nAvec votre soutien, nous pouvons nous assurer que chaque enfant atteint de lupus a les m\u00eames chances que les autres enfants d\u2019exceller \u00e0 l\u2019\u00e9cole et de poursuivre leurs r\u00eaves. <\/p>\n<p>Imaginez un monde o\u00f9 les enfants atteints de lupus peuvent <strong>entrer \u00e0 l\u2019\u00e9cole en toute confiance, en se concentrant sur ce qui compte vraiment : les amiti\u00e9s, l\u2019apprentissage et un avenir prometteur.<\/strong> Avec votre soutien, nous n\u2019avons pas \u00e0 nous contenter de l\u2019imaginer : nous pouvons vous aider \u00e0 en faire une r\u00e9alit\u00e9.<\/p>\n<p>  Avec une profonde gratitude,<\/p>\n<p><em>Leanne Mielczarek<\/em><br \/><em>Directeur g\u00e9n\u00e9ral, Lupus Canada<\/em><\/p>\n<p>[\/et_pb_text][et_pb_button button_url=\u00a0\u00bbhttps:\/\/www.lupuscanada.org\/fr\/don\/\u00a0\u00bb url_new_window=\u00a0\u00bbon\u00a0\u00bb button_text=\u00a0\u00bbFaites un don aujourd\u2019hui\u00a0\u00bb button_alignment=\u00a0\u00bbcenter\u00a0\u00bb _builder_version=\u00a0\u00bb4.27.0&Prime; _module_preset=\u00a0\u00bbdefault\u00a0\u00bb custom_button=\u00a0\u00bbon\u00a0\u00bb button_text_size=\u00a0\u00bb29px\u00a0\u00bb button_text_color=\u00a0\u00bb#FFFFFF\u00a0\u00bb button_bg_image=\u00a0\u00bbhttps:\/\/www.lupuscanada.org\/wp-content\/uploads\/2024\/08\/Custom-Gradient-1080&#215;1080@2x.png\u00a0\u00bb button_border_width=\u00a0\u00bb0px\u00a0\u00bb button_border_radius=\u00a0\u00bb62px\u00a0\u00bb button_letter_spacing=\u00a0\u00bb1px\u00a0\u00bb custom_margin=\u00a0\u00bb0px||0px||false|false\u00a0\u00bb animation_style=\u00a0\u00bbslide\u00a0\u00bb animation_delay=\u00a0\u00bb350ms\u00a0\u00bb animation_intensity_slide=\u00a0\u00bb41%\u00a0\u00bb box_shadow_style=\u00a0\u00bbpreset1&Prime; box_shadow_blur=\u00a0\u00bb12px\u00a0\u00bb box_shadow_spread=\u00a0\u00bb-53px\u00a0\u00bb global_colors_info=\u00a0\u00bb{}\u00a0\u00bb][\/et_pb_button][\/et_pb_column][\/et_pb_row][\/et_pb_section]<\/p>\n","protected":false},"excerpt":{"rendered":"<p>Les enfants atteints de lupus sont confront\u00e9s \u00e0 des d\u00e9fis quotidiens.<br \/>\nAllez-vous nous aider \u00e0 les soutenir ? <\/p>\n","protected":false},"author":4,"featured_media":9043,"comment_status":"closed","ping_status":"closed","sticky":false,"template":"","format":"standard","meta":{"_acf_changed":false,"_et_pb_use_builder":"on","_et_pb_old_content":"","_et_gb_content_width":"","footnotes":""},"categories":[92],"tags":[223,224,221,222,220],"topic":[],"audience":[123,122,126,124],"class_list":["post-9051","post","type-post","status-publish","format-standard","has-post-thumbnail","hentry","category-article-fr","tag-canada-retour-a-lecole","tag-education-et-lupus","tag-etudiants","tag-le-lupus-et-les-enfants","tag-retour-a-lecole","audience-j-ai-le-lupus","audience-j-ai-recemment-recu-un-diagnostic","audience-je-veux-plaider","audience-une-personne-a-qui-je-tiens-a-le-lupus"],"acf":[],"_links":{"self":[{"href":"https:\/\/www.lupuscanada.org\/fr\/wp-json\/wp\/v2\/posts\/9051","targetHints":{"allow":["GET"]}}],"collection":[{"href":"https:\/\/www.lupuscanada.org\/fr\/wp-json\/wp\/v2\/posts"}],"about":[{"href":"https:\/\/www.lupuscanada.org\/fr\/wp-json\/wp\/v2\/types\/post"}],"author":[{"embeddable":true,"href":"https:\/\/www.lupuscanada.org\/fr\/wp-json\/wp\/v2\/users\/4"}],"replies":[{"embeddable":true,"href":"https:\/\/www.lupuscanada.org\/fr\/wp-json\/wp\/v2\/comments?post=9051"}],"version-history":[{"count":0,"href":"https:\/\/www.lupuscanada.org\/fr\/wp-json\/wp\/v2\/posts\/9051\/revisions"}],"wp:featuredmedia":[{"embeddable":true,"href":"https:\/\/www.lupuscanada.org\/fr\/wp-json\/wp\/v2\/media\/9043"}],"wp:attachment":[{"href":"https:\/\/www.lupuscanada.org\/fr\/wp-json\/wp\/v2\/media?parent=9051"}],"wp:term":[{"taxonomy":"category","embeddable":true,"href":"https:\/\/www.lupuscanada.org\/fr\/wp-json\/wp\/v2\/categories?post=9051"},{"taxonomy":"post_tag","embeddable":true,"href":"https:\/\/www.lupuscanada.org\/fr\/wp-json\/wp\/v2\/tags?post=9051"},{"taxonomy":"topic","embeddable":true,"href":"https:\/\/www.lupuscanada.org\/fr\/wp-json\/wp\/v2\/topic?post=9051"},{"taxonomy":"audience","embeddable":true,"href":"https:\/\/www.lupuscanada.org\/fr\/wp-json\/wp\/v2\/audience?post=9051"}],"curies":[{"name":"wp","href":"https:\/\/api.w.org\/{rel}","templated":true}]}}