{"id":8788,"date":"2024-06-03T21:10:06","date_gmt":"2024-06-03T21:10:06","guid":{"rendered":"https:\/\/www.lupuscanada.org\/vivre-avec-le-coin-du-lupus-avec-mauricia-ambrose-2\/"},"modified":"2024-06-24T23:24:42","modified_gmt":"2024-06-24T23:24:42","slug":"vivre-avec-le-coin-du-lupus-avec-mauricia-ambrose-2","status":"publish","type":"post","link":"https:\/\/www.lupuscanada.org\/fr\/vivre-avec-le-coin-du-lupus-avec-mauricia-ambrose-2\/","title":{"rendered":"Vivre avec le coin du lupus avec Mauricia Ambrose"},"content":{"rendered":"<p>[et_pb_section fb_built=\u00a0\u00bb1&Prime; _builder_version=\u00a0\u00bb4.16&Prime; da_disable_devices=\u00a0\u00bboff|off|off\u00a0\u00bb global_colors_info=\u00a0\u00bb{}\u00a0\u00bb da_is_popup=\u00a0\u00bboff\u00a0\u00bb da_exit_intent=\u00a0\u00bboff\u00a0\u00bb da_has_close=\u00a0\u00bbon\u00a0\u00bb da_alt_close=\u00a0\u00bboff\u00a0\u00bb da_dark_close=\u00a0\u00bboff\u00a0\u00bb da_not_modal=\u00a0\u00bbon\u00a0\u00bb da_is_singular=\u00a0\u00bboff\u00a0\u00bb da_with_loader=\u00a0\u00bboff\u00a0\u00bb da_has_shadow=\u00a0\u00bbon\u00a0\u00bb][et_pb_row _builder_version=\u00a0\u00bb4.16&Prime; background_size=\u00a0\u00bbinitial\u00a0\u00bb background_position=\u00a0\u00bbtop_left\u00a0\u00bb background_repeat=\u00a0\u00bbrepeat\u00a0\u00bb global_colors_info=\u00a0\u00bb{}\u00a0\u00bb][et_pb_column type=\u00a0\u00bb4_4&Prime; _builder_version=\u00a0\u00bb4.16&Prime; custom_padding=\u00a0\u00bb|||\u00a0\u00bb global_colors_info=\u00a0\u00bb{}\u00a0\u00bb custom_padding__hover=\u00a0\u00bb|||\u00a0\u00bb][et_pb_text _builder_version=\u00a0\u00bb4.25.0&Prime; text_font_size=\u00a0\u00bb16px\u00a0\u00bb header_font_size=\u00a0\u00bb55px\u00a0\u00bb background_size=\u00a0\u00bbinitial\u00a0\u00bb background_position=\u00a0\u00bbtop_left\u00a0\u00bb background_repeat=\u00a0\u00bbrepeat\u00a0\u00bb custom_margin=\u00a0\u00bb-16px||0px||false|false\u00a0\u00bb hover_enabled=\u00a0\u00bb0&Prime; global_colors_info=\u00a0\u00bb{}\u00a0\u00bb sticky_enabled=\u00a0\u00bb0&Prime;]<\/p>\n<p><!-- divi:paragraph -->Lupus Canada est heureux de pr\u00e9senter <strong>Living with Lupus Corner avec Mauricia Ambrose<\/strong><\/p>\n<p><!-- \/divi:paragraph --><\/p>\n<p>[\/et_pb_text][\/et_pb_column][\/et_pb_row][et_pb_row _builder_version=\u00a0\u00bb4.25.0&Prime; _module_preset=\u00a0\u00bbdefault\u00a0\u00bb global_colors_info=\u00a0\u00bb{}\u00a0\u00bb][et_pb_column type=\u00a0\u00bb4_4&Prime; _builder_version=\u00a0\u00bb4.25.0&Prime; _module_preset=\u00a0\u00bbdefault\u00a0\u00bb global_colors_info=\u00a0\u00bb{}\u00a0\u00bb][et_pb_heading title=\u00a0\u00bbSant\u00e9 des hommes et f\u00eate des p\u00e8res  \u00a0\u00bb _builder_version=\u00a0\u00bb4.25.0&Prime; _module_preset=\u00a0\u00bbdefault\u00a0\u00bb title_font=\u00a0\u00bb||on||||||\u00a0\u00bb title_text_color=\u00a0\u00bb#6B198A\u00a0\u00bb title_font_size=\u00a0\u00bb22px\u00a0\u00bb custom_margin=\u00a0\u00bb-10px||15px||false|false\u00a0\u00bb hover_enabled=\u00a0\u00bb0&Prime; global_colors_info=\u00a0\u00bb{}\u00a0\u00bb sticky_enabled=\u00a0\u00bb0&Prime;][\/et_pb_heading][\/et_pb_column][\/et_pb_row][et_pb_row column_structure=\u00a0\u00bb1_2,1_2&Prime; _builder_version=\u00a0\u00bb4.25.0&Prime; _module_preset=\u00a0\u00bbdefault\u00a0\u00bb global_colors_info=\u00a0\u00bb{}\u00a0\u00bb][et_pb_column type=\u00a0\u00bb1_2&Prime; _builder_version=\u00a0\u00bb4.25.0&Prime; _module_preset=\u00a0\u00bbdefault\u00a0\u00bb global_colors_info=\u00a0\u00bb{}\u00a0\u00bb][et_pb_text _builder_version=\u00a0\u00bb4.25.0&Prime; _module_preset=\u00a0\u00bbdefault\u00a0\u00bb global_colors_info=\u00a0\u00bb{}\u00a0\u00bb]<\/p>\n<p><span style=\"font-weight: 400;\">Lorsque j\u2019ai re\u00e7u un diagnostic de maladie r\u00e9nale terminale \u00e0 cause du lupus, je n\u2019ai rien dit \u00e0 mon fils \u00e0 propos de ma maladie. C\u2019\u00e9tait un bambin et il n\u2019aurait pas compris. Je pense que la seule chose que j\u2019aurais accomplie, si j\u2019avais fait cela, c\u2019est de lui faire peur. Mon objectif \u00e9tait de rendre sa vie aussi normale que possible.  <\/span><span style=\"font-weight: 400;\"><\/span><\/p>\n<p>[\/et_pb_text][\/et_pb_column][et_pb_column type=\u00a0\u00bb1_2&Prime; _builder_version=\u00a0\u00bb4.25.0&Prime; _module_preset=\u00a0\u00bbdefault\u00a0\u00bb global_colors_info=\u00a0\u00bb{}\u00a0\u00bb][et_pb_image src=\u00a0\u00bbhttps:\/\/www.lupuscanada.org\/wp-content\/uploads\/2024\/06\/Lupus-Corner.png\u00a0\u00bb title_text=\u00a0\u00bbCoin du lupus\u00a0\u00bb _builder_version=\u00a0\u00bb4.25.0&Prime; _module_preset=\u00a0\u00bbdefault\u00a0\u00bb width=\u00a0\u00bb79%\u00a0\u00bb custom_margin=\u00a0\u00bb-14px||4px||false|false\u00a0\u00bb global_colors_info=\u00a0\u00bb{}\u00a0\u00bb][\/et_pb_image][\/et_pb_column][\/et_pb_row][et_pb_row _builder_version=\u00a0\u00bb4.25.0&Prime; _module_preset=\u00a0\u00bbdefault\u00a0\u00bb global_colors_info=\u00a0\u00bb{}\u00a0\u00bb][et_pb_column type=\u00a0\u00bb4_4&Prime; _builder_version=\u00a0\u00bb4.25.0&Prime; _module_preset=\u00a0\u00bbdefault\u00a0\u00bb global_colors_info=\u00a0\u00bb{}\u00a0\u00bb][et_pb_text _builder_version=\u00a0\u00bb4.25.0&Prime; _module_preset=\u00a0\u00bbdefault\u00a0\u00bb custom_margin=\u00a0\u00bb||25px||false|false\u00a0\u00bb global_colors_info=\u00a0\u00bb{}\u00a0\u00bb]<\/p>\n<p><span style=\"font-weight: 400;\">La normalit\u00e9 pour un enfant dont un parent atteint d\u2019une maladie chronique peut \u00eatre l\u00e9g\u00e8rement diff\u00e9rente de celle de nombreux enfants, mais pour la plupart, la routine quotidienne est la m\u00eame. Maintenant qu\u2019il est plus \u00e2g\u00e9, j\u2019ai essay\u00e9 de lui apprendre \u00e0 faire face aux hauts et aux bas de notre situation. Je parle ouvertement de ma maladie et je ne pr\u00e9tends pas que tout va bien quand ce n\u2019est pas le cas. Je lui dis ce qui ne va pas et ce qui est fait. Il est rassur\u00e9 que les choses sont trait\u00e9es et qu\u2019il n\u2019y a aucune raison d\u2019avoir peur. Je pense qu\u2019il est devenu une personne plus empathique \u00e0 cause de cela.  <\/span><\/p>\n<p><span style=\"font-weight: 400;\">Il y a des le\u00e7ons fondamentales que j\u2019ai essay\u00e9 de lui enseigner pour maintenir sa sant\u00e9 physique et \u00e9motionnelle.<\/span><\/p>\n<p>[\/et_pb_text][\/et_pb_column][\/et_pb_row][et_pb_row _builder_version=\u00a0\u00bb4.25.0&Prime; _module_preset=\u00a0\u00bbdefault\u00a0\u00bb global_colors_info=\u00a0\u00bb{}\u00a0\u00bb][et_pb_column type=\u00a0\u00bb4_4&Prime; _builder_version=\u00a0\u00bb4.25.0&Prime; _module_preset=\u00a0\u00bbdefault\u00a0\u00bb global_colors_info=\u00a0\u00bb{}\u00a0\u00bb][et_pb_toggle title=\u00a0\u00bbDemander de l\u2019aide\u00a0\u00bb _builder_version=\u00a0\u00bb4.25.0&Prime; _module_preset=\u00a0\u00bbdefault\u00a0\u00bb title_text_color=\u00a0\u00bb#6B198A\u00a0\u00bb title_font=\u00a0\u00bb|700|||||||\u00a0\u00bb title_font_size=\u00a0\u00bb18px\u00a0\u00bb body_text_color=\u00a0\u00bb#6B198A\u00a0\u00bb body_font_size=\u00a0\u00bb16px\u00a0\u00bb global_colors_info=\u00a0\u00bb{}\u00a0\u00bb]<\/p>\n<p><span style=\"font-weight: 400;\">C\u2019est une le\u00e7on qui a \u00e9t\u00e9 tr\u00e8s difficile pour moi. Demander de l\u2019aide signifiait que j\u2019\u00e9tais incapable. J\u2019ai appris que demander de l\u2019aide peut \u00eatre une source de force. C\u2019est normal de tendre la main \u00e0 quelqu\u2019un en qui vous avez confiance. Il n\u2019y a pas de honte \u00e0 avoir besoin de quelqu\u2019un \u00e0 qui parler ou d\u2019une \u00e9paule sur laquelle pleurer. Cela all\u00e8ge la charge et me permet de rester en bonne sant\u00e9. On apprend aux hommes \u00e0 \u00eatre ind\u00e9pendants, mais mon fils comprend que ce sont les gens qui vous entourent qui vous rendent fort. Qu\u2019il devrait s\u2019entourer d\u2019amis qui seront l\u00e0 pour lui, m\u00eame lorsque cela ne lui convient pas.  <\/span><\/p>\n<p>[\/et_pb_toggle][et_pb_toggle title=\u00a0\u00bbApprendre quand s\u2019arr\u00eater ou ralentir\u00a0\u00bb open_toggle_text_color=\u00a0\u00bb#6B198A\u00a0\u00bb _builder_version=\u00a0\u00bb4.25.0&Prime; _module_preset=\u00a0\u00bbdefault\u00a0\u00bb title_text_color=\u00a0\u00bb#6B198A\u00a0\u00bb title_font=\u00a0\u00bb|700|||||||\u00a0\u00bb title_font_size=\u00a0\u00bb18px\u00a0\u00bb global_colors_info=\u00a0\u00bb{}\u00a0\u00bb]<\/p>\n<p><span style=\"font-weight: 400;\">Nous sommes tous tellement occup\u00e9s que parfois nous oublions de nous arr\u00eater ou de ralentir. Je me souviens, il y a de nombreuses ann\u00e9es, que je marchais tr\u00e8s vite d\u2019une r\u00e9union \u00e0 l\u2019autre m\u00eame quand je n\u2019\u00e9tais pas en retard. Je me pr\u00e9cipitais constamment en pilote automatique. Cela n\u2019a profit\u00e9 \u00e0 personne d\u2019autre ou \u00e0 moi lorsque je me suis pouss\u00e9 au point de rupture. J\u2019ai appris cette le\u00e7on \u00e0 la dure. La cl\u00e9 pour comprendre quand s\u2019arr\u00eater ou ralentir est d\u2019\u00e9couter votre corps.  <\/span><\/p>\n<p>[\/et_pb_toggle][et_pb_toggle title=\u00a0\u00bb\u00c9couter son corps\u00a0\u00bb _builder_version=\u00a0\u00bb4.25.0&Prime; _module_preset=\u00a0\u00bbdefault\u00a0\u00bb title_text_color=\u00a0\u00bb#6B198A\u00a0\u00bb title_font=\u00a0\u00bb|700|||||||\u00a0\u00bb title_font_size=\u00a0\u00bb18px\u00a0\u00bb global_colors_info=\u00a0\u00bb{}\u00a0\u00bb]<\/p>\n<p><span style=\"font-weight: 400;\">J\u2019ai lamentablement \u00e9chou\u00e9 \u00e0 cela. Je vais mieux. Maintenant, je comprends les sympt\u00f4mes qui conduisent \u00e0 quelque chose de plus grave et ceux qui sont l\u00e9gers et peuvent \u00eatre \u00ab&nbsp;ignor\u00e9s&nbsp;\u00bb pendant un certain temps. Je sais combien mon corps peut supporter et je travaille avec mon \u00e9quipe m\u00e9dicale \u2013 oui, j\u2019ai une \u00e9quipe \u2013 pour surveiller mes analyses sanguines et m\u2019assurer que les choses restent dans la fourchette normale. Cela n\u2019arrive pas toujours. J\u2019ai \u00e9t\u00e9 pris au d\u00e9pourvu \u00e0 plusieurs reprises, mais je finis par me remettre sur les rails. J\u2019essaie d\u2019apprendre \u00e0 mon fils \u00e0 \u00e9couter, quand il souffre, et \u00e0 comprendre son \u00e9tat \u00e9motionnel afin qu\u2019il puisse r\u00e9agir de mani\u00e8re appropri\u00e9e.<\/span><\/p>\n<p>[\/et_pb_toggle][et_pb_toggle title=\u00a0\u00bbMettez dans votre corps ce que vous voulez en retirer  \u00a0\u00bb _builder_version=\u00a0\u00bb4.25.0&Prime; _module_preset=\u00a0\u00bbdefault\u00a0\u00bb title_text_color=\u00a0\u00bb#6B198A\u00a0\u00bb title_font=\u00a0\u00bb|700|||||||\u00a0\u00bb title_font_size=\u00a0\u00bb18px\u00a0\u00bb global_colors_info=\u00a0\u00bb{}\u00a0\u00bb]<\/p>\n<p><span style=\"font-weight: 400;\">Tr\u00e8s jeune, mon fils a compris les dangers du tabagisme. Que quelqu\u2019un avec un corps en parfaite sant\u00e9 le mette d\u00e9lib\u00e9r\u00e9ment en danger avec des agents canc\u00e9rig\u00e8nes m\u2019a toujours d\u00e9concert\u00e9. Je suppose que certains commencent jeunes et ne sont pas conscients du danger, puis au moment o\u00f9 ils prennent conscience, ils sont d\u00e9pendants. Je suis heureux qu\u2019il ait appris cette le\u00e7on si jeune. Maintenant, quand je lui demande s\u2019il fumera un jour, c\u2019est un non cat\u00e9gorique. L\u2019alcool est une autre histoire. Il a demand\u00e9 une bi\u00e8re ce week-end \u2013 il a 13 ans. Bien s\u00fbr, je lui ai dit non et il a jur\u00e9 qu\u2019il go\u00fbterait \u00e0 la bi\u00e8re d\u00e8s qu\u2019il serait assez grand. Une bataille que je m\u00e8nerai un autre jour.  <\/span><\/p>\n<p>[\/et_pb_toggle][et_pb_toggle title=\u00a0\u00bbExercice\u00a0\u00bb _builder_version=\u00a0\u00bb4.25.0&Prime; _module_preset=\u00a0\u00bbdefault\u00a0\u00bb title_text_color=\u00a0\u00bb#6B198A\u00a0\u00bb title_font=\u00a0\u00bb|700|||||||\u00a0\u00bb title_font_size=\u00a0\u00bb18px\u00a0\u00bb global_colors_info=\u00a0\u00bb{}\u00a0\u00bb]<\/p>\n<p><span style=\"font-weight: 400;\">Je n\u2019ai jamais \u00e9t\u00e9 une personne particuli\u00e8rement sportive. Pour \u00eatre tout \u00e0 fait honn\u00eate, je n\u2019ai pas d\u2019os athl\u00e9tique dans mon corps. Cependant, je comprends et appr\u00e9cie l\u2019importance de l\u2019exercice. Mon fils et moi allions nous promener \u00e0 la plage en \u00e9t\u00e9 et prenions le petit-d\u00e9jeuner dans un caf\u00e9 du quartier. Nous avons \u00e9galement fait du v\u00e9lo dans le quartier. Cela n\u2019arrive plus aussi souvent maintenant qu\u2019il est plus \u00e2g\u00e9 et qu\u2019il a d\u00e9couvert l\u2019excitation du jeu. Il y a environ une semaine, je l\u2019ai convaincu de promener les chiens avec moi. Il y a encore de l\u2019espoir.  <\/span><\/p>\n<p>[\/et_pb_toggle][\/et_pb_column][\/et_pb_row][et_pb_row _builder_version=\u00a0\u00bb4.25.0&Prime; _module_preset=\u00a0\u00bbdefault\u00a0\u00bb global_colors_info=\u00a0\u00bb{}\u00a0\u00bb][et_pb_column type=\u00a0\u00bb4_4&Prime; _builder_version=\u00a0\u00bb4.25.0&Prime; _module_preset=\u00a0\u00bbdefault\u00a0\u00bb global_colors_info=\u00a0\u00bb{}\u00a0\u00bb][et_pb_text _builder_version=\u00a0\u00bb4.25.0&Prime; _module_preset=\u00a0\u00bbdefault\u00a0\u00bb custom_margin=\u00a0\u00bb25px||0px||false|false\u00a0\u00bb global_colors_info=\u00a0\u00bb{}\u00a0\u00bb]<\/p>\n<p><span style=\"font-weight: 400;\">La f\u00eate des p\u00e8res approche \u00e0 grands pas. J\u2019ai d\u00fb \u00eatre \u00e0 la fois m\u00e8re et p\u00e8re pour mon fils. Parfois, je me demande si je fais bien les choses. J\u2019esp\u00e8re que les le\u00e7ons que je lui ai enseign\u00e9es, et que je continue de lui enseigner, resteront avec lui jusqu\u2019\u00e0 l\u2019\u00e2ge adulte. Je veux ce que chaque m\u00e8re veut pour son enfant, qu\u2019il soit en bonne sant\u00e9 physique et \u00e9motionnelle. Je crois que s\u2019il s\u2019entoure des bonnes personnes, respecte son corps et apprend \u00e0 ralentir, il aura la vie que je veux pour lui.  <\/span><\/p>\n<p>[\/et_pb_text][\/et_pb_column][\/et_pb_row][et_pb_row _builder_version=\u00a0\u00bb4.25.0&Prime; _module_preset=\u00a0\u00bbdefault\u00a0\u00bb global_colors_info=\u00a0\u00bb{}\u00a0\u00bb][et_pb_column type=\u00a0\u00bb4_4&Prime; _builder_version=\u00a0\u00bb4.25.0&Prime; _module_preset=\u00a0\u00bbdefault\u00a0\u00bb global_colors_info=\u00a0\u00bb{}\u00a0\u00bb][et_pb_text _builder_version=\u00a0\u00bb4.25.0&Prime; _module_preset=\u00a0\u00bbdefault\u00a0\u00bb custom_margin=\u00a0\u00bb25px||||false|false\u00a0\u00bb global_colors_info=\u00a0\u00bb{}\u00a0\u00bb]<\/p>\n<p style=\"text-align: center;\"><b>N\u2019oubliez pas que vos luttes ne devraient pas vous d\u00e9finir&nbsp;; Ils devraient vous motiver.  <\/b><\/p>\n<p style=\"text-align: center;\"><span style=\"font-weight: 400;\">Blogue <\/span><a href=\"https:\/\/parentingonedayatatime.com\/\" target=\"_blank\" rel=\"noopener\"><span style=\"font-weight: 400;\">\u00catre parent un jour \u00e0 la fois<\/span><\/a><span style=\"font-weight: 400;\"> <\/span><\/p>\n<p style=\"text-align: center;\"><span style=\"font-weight: 400;\">Facebook <\/span><a href=\"https:\/\/www.facebook.com\/groups\/725159805764926\" target=\"_blank\" rel=\"noopener\"><span style=\"font-weight: 400;\">\u00catre parent un jour \u00e0 la fois | Sur Facebook<\/span><\/a><span style=\"font-weight: 400;\"> <\/span><\/p>\n<p style=\"text-align: center;\"><span style=\"font-weight: 400;\">LinkedIn <\/span><a href=\"https:\/\/www.linkedin.com\/in\/mauricia-ambrose-248365193\/\" target=\"_blank\" rel=\"noopener\"><span style=\"font-weight: 400;\">Mauricia Ambrose | LinkedIn<\/span><\/a><\/p>\n<p>[\/et_pb_text][\/et_pb_column][\/et_pb_row][\/et_pb_section]<\/p>\n","protected":false},"excerpt":{"rendered":"<p>Lupus Canada est heureux de pr\u00e9senter Living with Lupus Corner avec Mauricia Ambrose Lorsque j\u2019ai re\u00e7u un diagnostic de maladie r\u00e9nale terminale \u00e0 cause du lupus, je n\u2019ai rien dit \u00e0 mon fils \u00e0 propos de ma maladie. C\u2019\u00e9tait un bambin et il n\u2019aurait pas compris. Je pense que la seule chose que j\u2019aurais accomplie, [&hellip;]<\/p>\n","protected":false},"author":4,"featured_media":0,"comment_status":"closed","ping_status":"closed","sticky":false,"template":"","format":"standard","meta":{"_acf_changed":false,"_et_pb_use_builder":"on","_et_pb_old_content":"","_et_gb_content_width":"","footnotes":""},"categories":[92],"tags":[144,152,151,153],"topic":[118,120,117],"audience":[121,123,122,126,124],"class_list":["post-8788","post","type-post","status-publish","format-standard","hentry","category-article-fr","tag-guerrier-du-lupus","tag-les-garcons-et-le-lupus","tag-les-hommes-et-le-lupus","tag-maman-et-le-lupus","topic-recits-personnels","topic-sensibilisation-et-communaute-fr","topic-vie-et-bien-etre","audience-ai-je-le-lupus","audience-j-ai-le-lupus","audience-j-ai-recemment-recu-un-diagnostic","audience-je-veux-plaider","audience-une-personne-a-qui-je-tiens-a-le-lupus"],"acf":[],"_links":{"self":[{"href":"https:\/\/www.lupuscanada.org\/fr\/wp-json\/wp\/v2\/posts\/8788","targetHints":{"allow":["GET"]}}],"collection":[{"href":"https:\/\/www.lupuscanada.org\/fr\/wp-json\/wp\/v2\/posts"}],"about":[{"href":"https:\/\/www.lupuscanada.org\/fr\/wp-json\/wp\/v2\/types\/post"}],"author":[{"embeddable":true,"href":"https:\/\/www.lupuscanada.org\/fr\/wp-json\/wp\/v2\/users\/4"}],"replies":[{"embeddable":true,"href":"https:\/\/www.lupuscanada.org\/fr\/wp-json\/wp\/v2\/comments?post=8788"}],"version-history":[{"count":0,"href":"https:\/\/www.lupuscanada.org\/fr\/wp-json\/wp\/v2\/posts\/8788\/revisions"}],"wp:attachment":[{"href":"https:\/\/www.lupuscanada.org\/fr\/wp-json\/wp\/v2\/media?parent=8788"}],"wp:term":[{"taxonomy":"category","embeddable":true,"href":"https:\/\/www.lupuscanada.org\/fr\/wp-json\/wp\/v2\/categories?post=8788"},{"taxonomy":"post_tag","embeddable":true,"href":"https:\/\/www.lupuscanada.org\/fr\/wp-json\/wp\/v2\/tags?post=8788"},{"taxonomy":"topic","embeddable":true,"href":"https:\/\/www.lupuscanada.org\/fr\/wp-json\/wp\/v2\/topic?post=8788"},{"taxonomy":"audience","embeddable":true,"href":"https:\/\/www.lupuscanada.org\/fr\/wp-json\/wp\/v2\/audience?post=8788"}],"curies":[{"name":"wp","href":"https:\/\/api.w.org\/{rel}","templated":true}]}}