{"id":8668,"date":"2021-12-09T02:22:43","date_gmt":"2021-12-09T02:22:43","guid":{"rendered":"https:\/\/www.lupuscanada.org\/sante-mentale-et-lupus-gerer-les-attentes-pendant-la-periode-des-fetes\/"},"modified":"2024-06-03T03:37:44","modified_gmt":"2024-06-03T03:37:44","slug":"sante-mentale-et-lupus-gerer-les-attentes-pendant-la-periode-des-fetes","status":"publish","type":"post","link":"https:\/\/www.lupuscanada.org\/fr\/sante-mentale-et-lupus-gerer-les-attentes-pendant-la-periode-des-fetes\/","title":{"rendered":"Sant\u00e9 mentale et lupus &#8211; G\u00e9rer les attentes pendant la p\u00e9riode des F\u00eates"},"content":{"rendered":"\n<p>Le 9 d\u00e9cembre 2021, Lupus Canada a organis\u00e9 le webinaire \u00ab Sant\u00e9 mentale et lupus \u2013 G\u00e9rer les attentes pendant la p\u00e9riode des F\u00eates \u00bb. Nous remercions Janice LeBlanc, psychoth\u00e9rapeute agr\u00e9\u00e9e, qui a abord\u00e9 la question des soins personnels pendant la p\u00e9riode des F\u00eates. <\/p>\n\n<p>Janice a plus de 20 ans d\u2019exp\u00e9rience clinique aupr\u00e8s de personnes qui ont subi des traumatismes et des abus dans l\u2019enfance, des accidents de la route et de la violence familiale, ainsi que des personnes aux prises avec des probl\u00e8mes de sant\u00e9 mentale tels que le SSPT, la d\u00e9pression et l\u2019anxi\u00e9t\u00e9. Actuellement en pratique priv\u00e9e, elle offre un soutien continu aux premiers r\u00e9pondants et \u00e0 leurs familles. Elle poss\u00e8de une vaste exp\u00e9rience de travail avec des personnes ayant des besoins sp\u00e9ciaux tels que le TDAH, les troubles d\u2019apprentissage et les troubles du spectre de l\u2019autisme. Janice a une formation sp\u00e9cialis\u00e9e en art-th\u00e9rapie, en th\u00e9rapie EMDR, en th\u00e9rapie cognitivo-comportementale, en th\u00e9rapie de traitement cognitif et est une conf\u00e9renci\u00e8re nationale sur les soins personnels pour les professionnels, l\u2019anxi\u00e9t\u00e9 chez les enfants et les jeunes et la gestion des maladies chroniques. Elle travaille avec tous les milieux, y compris les enfants, les jeunes, les adultes et les personnes \u00e2g\u00e9es, et est \u00e9galement une \u00e9ducatrice secondaire \u00e0 la retraite.<\/p>\n\n<figure class=\"wp-block-image size-full\"><a href=\"https:\/\/www.lupuscanada.org\/wp-content\/uploads\/2024\/04\/Janice-LeBlanc-Photo-150x150-1.png\"><img loading=\"lazy\" decoding=\"async\" width=\"150\" height=\"150\" src=\"https:\/\/www.lupuscanada.org\/wp-content\/uploads\/2024\/04\/Janice-LeBlanc-Photo-150x150-1.png\" alt=\"Janice\" class=\"wp-image-4981\" srcset=\"https:\/\/www.lupuscanada.org\/wp-content\/uploads\/2024\/04\/Janice-LeBlanc-Photo-150x150-1.png 150w, https:\/\/www.lupuscanada.org\/wp-content\/uploads\/2024\/04\/Janice-LeBlanc-Photo-150x150-1-100x100.png 100w\" sizes=\"(max-width: 150px) 100vw, 150px\" \/><\/a><\/figure>\n\n<p>Janice LeBlanc \u2013 Psychoth\u00e9rapeute agr\u00e9\u00e9e, art-th\u00e9rapeute agr\u00e9\u00e9e, sp\u00e9cialiste certifi\u00e9e en traumatologie et r\u00e9silience, th\u00e9rapeute EMDR<\/p>\n","protected":false},"excerpt":{"rendered":"<p>Le 9 d\u00e9cembre 2021, Lupus Canada a organis\u00e9 le webinaire \u00ab Sant\u00e9 mentale et lupus \u2013 G\u00e9rer les attentes pendant la p\u00e9riode des F\u00eates \u00bb. Nous remercions Janice LeBlanc, psychoth\u00e9rapeute agr\u00e9\u00e9e, qui a abord\u00e9 la question des soins personnels pendant la p\u00e9riode des F\u00eates. Janice a plus de 20 ans d\u2019exp\u00e9rience clinique aupr\u00e8s de personnes [&hellip;]<\/p>\n","protected":false},"author":1,"featured_media":0,"comment_status":"closed","ping_status":"closed","sticky":false,"template":"","format":"standard","meta":{"_acf_changed":false,"_et_pb_use_builder":"off","_et_pb_old_content":"","_et_gb_content_width":"","footnotes":""},"categories":[91],"tags":[],"topic":[116,119,115,120,117],"audience":[121,123,122,125,124],"class_list":["post-8668","post","type-post","status-publish","format-standard","hentry","category-video-fr","topic-connaissances-medicales","topic-plaidoyer-et-soutien","topic-recherche-et-essais-cliniques","topic-sensibilisation-et-communaute-fr","topic-vie-et-bien-etre","audience-ai-je-le-lupus","audience-j-ai-le-lupus","audience-j-ai-recemment-recu-un-diagnostic","audience-professionnel-de-la-sante","audience-une-personne-a-qui-je-tiens-a-le-lupus"],"acf":[],"_links":{"self":[{"href":"https:\/\/www.lupuscanada.org\/fr\/wp-json\/wp\/v2\/posts\/8668","targetHints":{"allow":["GET"]}}],"collection":[{"href":"https:\/\/www.lupuscanada.org\/fr\/wp-json\/wp\/v2\/posts"}],"about":[{"href":"https:\/\/www.lupuscanada.org\/fr\/wp-json\/wp\/v2\/types\/post"}],"author":[{"embeddable":true,"href":"https:\/\/www.lupuscanada.org\/fr\/wp-json\/wp\/v2\/users\/1"}],"replies":[{"embeddable":true,"href":"https:\/\/www.lupuscanada.org\/fr\/wp-json\/wp\/v2\/comments?post=8668"}],"version-history":[{"count":0,"href":"https:\/\/www.lupuscanada.org\/fr\/wp-json\/wp\/v2\/posts\/8668\/revisions"}],"wp:attachment":[{"href":"https:\/\/www.lupuscanada.org\/fr\/wp-json\/wp\/v2\/media?parent=8668"}],"wp:term":[{"taxonomy":"category","embeddable":true,"href":"https:\/\/www.lupuscanada.org\/fr\/wp-json\/wp\/v2\/categories?post=8668"},{"taxonomy":"post_tag","embeddable":true,"href":"https:\/\/www.lupuscanada.org\/fr\/wp-json\/wp\/v2\/tags?post=8668"},{"taxonomy":"topic","embeddable":true,"href":"https:\/\/www.lupuscanada.org\/fr\/wp-json\/wp\/v2\/topic?post=8668"},{"taxonomy":"audience","embeddable":true,"href":"https:\/\/www.lupuscanada.org\/fr\/wp-json\/wp\/v2\/audience?post=8668"}],"curies":[{"name":"wp","href":"https:\/\/api.w.org\/{rel}","templated":true}]}}