{"id":8665,"date":"2021-10-13T02:35:26","date_gmt":"2021-10-13T02:35:26","guid":{"rendered":"https:\/\/www.lupuscanada.org\/le-lupus-et-le-vaccin-contre-la-covid-19\/"},"modified":"2024-06-03T03:38:12","modified_gmt":"2024-06-03T03:38:12","slug":"le-lupus-et-le-vaccin-contre-la-covid-19","status":"publish","type":"post","link":"https:\/\/www.lupuscanada.org\/fr\/le-lupus-et-le-vaccin-contre-la-covid-19\/","title":{"rendered":"Le lupus et le vaccin contre la COVID-19"},"content":{"rendered":"\n<p>Le 13 octobre 2021, Lupus Canada a organis\u00e9 le webinaire d\u2019autorepr\u00e9sentation \u00ab Le lupus et le vaccin contre la COVID-19 \u00bb pr\u00e9sent\u00e9 par la Dre Matsos.<\/p>\n\n<figure class=\"wp-block-image size-full\"><a href=\"https:\/\/www.lupuscanada.org\/wp-content\/uploads\/2024\/04\/Dr.-Mark-Matsos-300x216-1.jpg\"><img loading=\"lazy\" decoding=\"async\" width=\"300\" height=\"216\" src=\"https:\/\/www.lupuscanada.org\/wp-content\/uploads\/2024\/04\/Dr.-Mark-Matsos-300x216-1.jpg\" alt=\"Dr.-Mark-Matsos\" class=\"wp-image-4986\"\/><\/a><\/figure>\n\n<p>Dr Mark Matsos, professeur agr\u00e9g\u00e9 de m\u00e9decine au FRCPC, \u00c9cole de m\u00e9decine Michael G. DeGroote, Universit\u00e9 McMaster, Clinique du lupus McMaster-Clinique Boris (site McMaster-Hamilton Health Sciences), Chef de service en rhumatologie, Hamilton Health Sciences<\/p>\n","protected":false},"excerpt":{"rendered":"<p>Le 13 octobre 2021, Lupus Canada a organis\u00e9 le webinaire d\u2019autorepr\u00e9sentation \u00ab Le lupus et le vaccin contre la COVID-19 \u00bb pr\u00e9sent\u00e9 par la Dre Matsos. Dr Mark Matsos, professeur agr\u00e9g\u00e9 de m\u00e9decine au FRCPC, \u00c9cole de m\u00e9decine Michael G. DeGroote, Universit\u00e9 McMaster, Clinique du lupus McMaster-Clinique Boris (site McMaster-Hamilton Health Sciences), Chef de service [&hellip;]<\/p>\n","protected":false},"author":1,"featured_media":0,"comment_status":"closed","ping_status":"closed","sticky":false,"template":"","format":"standard","meta":{"_acf_changed":false,"_et_pb_use_builder":"off","_et_pb_old_content":"","_et_gb_content_width":"","footnotes":""},"categories":[91],"tags":[],"topic":[116,119,115,120,117],"audience":[121,123,122,125,124],"class_list":["post-8665","post","type-post","status-publish","format-standard","hentry","category-video-fr","topic-connaissances-medicales","topic-plaidoyer-et-soutien","topic-recherche-et-essais-cliniques","topic-sensibilisation-et-communaute-fr","topic-vie-et-bien-etre","audience-ai-je-le-lupus","audience-j-ai-le-lupus","audience-j-ai-recemment-recu-un-diagnostic","audience-professionnel-de-la-sante","audience-une-personne-a-qui-je-tiens-a-le-lupus"],"acf":[],"_links":{"self":[{"href":"https:\/\/www.lupuscanada.org\/fr\/wp-json\/wp\/v2\/posts\/8665","targetHints":{"allow":["GET"]}}],"collection":[{"href":"https:\/\/www.lupuscanada.org\/fr\/wp-json\/wp\/v2\/posts"}],"about":[{"href":"https:\/\/www.lupuscanada.org\/fr\/wp-json\/wp\/v2\/types\/post"}],"author":[{"embeddable":true,"href":"https:\/\/www.lupuscanada.org\/fr\/wp-json\/wp\/v2\/users\/1"}],"replies":[{"embeddable":true,"href":"https:\/\/www.lupuscanada.org\/fr\/wp-json\/wp\/v2\/comments?post=8665"}],"version-history":[{"count":0,"href":"https:\/\/www.lupuscanada.org\/fr\/wp-json\/wp\/v2\/posts\/8665\/revisions"}],"wp:attachment":[{"href":"https:\/\/www.lupuscanada.org\/fr\/wp-json\/wp\/v2\/media?parent=8665"}],"wp:term":[{"taxonomy":"category","embeddable":true,"href":"https:\/\/www.lupuscanada.org\/fr\/wp-json\/wp\/v2\/categories?post=8665"},{"taxonomy":"post_tag","embeddable":true,"href":"https:\/\/www.lupuscanada.org\/fr\/wp-json\/wp\/v2\/tags?post=8665"},{"taxonomy":"topic","embeddable":true,"href":"https:\/\/www.lupuscanada.org\/fr\/wp-json\/wp\/v2\/topic?post=8665"},{"taxonomy":"audience","embeddable":true,"href":"https:\/\/www.lupuscanada.org\/fr\/wp-json\/wp\/v2\/audience?post=8665"}],"curies":[{"name":"wp","href":"https:\/\/api.w.org\/{rel}","templated":true}]}}