{"id":8663,"date":"2021-09-23T02:37:25","date_gmt":"2021-09-23T02:37:25","guid":{"rendered":"https:\/\/www.lupuscanada.org\/comment-les-nouveaux-medicaments-parviennent-ils-aux-patients-au-canada-comment-pouvez-vous-vous-impliquer\/"},"modified":"2024-06-03T03:38:26","modified_gmt":"2024-06-03T03:38:26","slug":"comment-les-nouveaux-medicaments-parviennent-ils-aux-patients-au-canada-comment-pouvez-vous-vous-impliquer","status":"publish","type":"post","link":"https:\/\/www.lupuscanada.org\/fr\/comment-les-nouveaux-medicaments-parviennent-ils-aux-patients-au-canada-comment-pouvez-vous-vous-impliquer\/","title":{"rendered":"Comment les nouveaux m\u00e9dicaments parviennent-ils aux patients au Canada \u2013 Comment pouvez-vous vous impliquer ?"},"content":{"rendered":"\n<p>Le 23 septembre 2021, Lupus Canada a organis\u00e9 le webinaire d\u2019autorepr\u00e9sentation intitul\u00e9 <em>\u00ab Comment les nouveaux m\u00e9dicaments parviennent-ils aux patients au Canada \u2013 comment pouvez-vous vous impliquer \u00bb pr\u00e9sent\u00e9 par AstraZeneca<\/em>. Merci aux conf\u00e9renciers suivants : Deborah Wong, Jonathan Feairs et Priscilla Nykoliation.<\/p>\n","protected":false},"excerpt":{"rendered":"<p>Le 23 septembre 2021, Lupus Canada a organis\u00e9 le webinaire d\u2019autorepr\u00e9sentation intitul\u00e9 \u00ab Comment les nouveaux m\u00e9dicaments parviennent-ils aux patients au Canada \u2013 comment pouvez-vous vous impliquer \u00bb pr\u00e9sent\u00e9 par AstraZeneca. Merci aux conf\u00e9renciers suivants : Deborah Wong, Jonathan Feairs et Priscilla Nykoliation.<\/p>\n","protected":false},"author":1,"featured_media":0,"comment_status":"closed","ping_status":"closed","sticky":false,"template":"","format":"standard","meta":{"_acf_changed":false,"_et_pb_use_builder":"off","_et_pb_old_content":"","_et_gb_content_width":"","footnotes":""},"categories":[91],"tags":[],"topic":[116,119,115,120,117],"audience":[121,123,122,125,124],"class_list":["post-8663","post","type-post","status-publish","format-standard","hentry","category-video-fr","topic-connaissances-medicales","topic-plaidoyer-et-soutien","topic-recherche-et-essais-cliniques","topic-sensibilisation-et-communaute-fr","topic-vie-et-bien-etre","audience-ai-je-le-lupus","audience-j-ai-le-lupus","audience-j-ai-recemment-recu-un-diagnostic","audience-professionnel-de-la-sante","audience-une-personne-a-qui-je-tiens-a-le-lupus"],"acf":[],"_links":{"self":[{"href":"https:\/\/www.lupuscanada.org\/fr\/wp-json\/wp\/v2\/posts\/8663","targetHints":{"allow":["GET"]}}],"collection":[{"href":"https:\/\/www.lupuscanada.org\/fr\/wp-json\/wp\/v2\/posts"}],"about":[{"href":"https:\/\/www.lupuscanada.org\/fr\/wp-json\/wp\/v2\/types\/post"}],"author":[{"embeddable":true,"href":"https:\/\/www.lupuscanada.org\/fr\/wp-json\/wp\/v2\/users\/1"}],"replies":[{"embeddable":true,"href":"https:\/\/www.lupuscanada.org\/fr\/wp-json\/wp\/v2\/comments?post=8663"}],"version-history":[{"count":0,"href":"https:\/\/www.lupuscanada.org\/fr\/wp-json\/wp\/v2\/posts\/8663\/revisions"}],"wp:attachment":[{"href":"https:\/\/www.lupuscanada.org\/fr\/wp-json\/wp\/v2\/media?parent=8663"}],"wp:term":[{"taxonomy":"category","embeddable":true,"href":"https:\/\/www.lupuscanada.org\/fr\/wp-json\/wp\/v2\/categories?post=8663"},{"taxonomy":"post_tag","embeddable":true,"href":"https:\/\/www.lupuscanada.org\/fr\/wp-json\/wp\/v2\/tags?post=8663"},{"taxonomy":"topic","embeddable":true,"href":"https:\/\/www.lupuscanada.org\/fr\/wp-json\/wp\/v2\/topic?post=8663"},{"taxonomy":"audience","embeddable":true,"href":"https:\/\/www.lupuscanada.org\/fr\/wp-json\/wp\/v2\/audience?post=8663"}],"curies":[{"name":"wp","href":"https:\/\/api.w.org\/{rel}","templated":true}]}}