{"id":8659,"date":"2021-06-10T02:42:29","date_gmt":"2021-06-10T02:42:29","guid":{"rendered":"https:\/\/www.lupuscanada.org\/lupus-et-nutrition\/"},"modified":"2024-06-03T03:38:53","modified_gmt":"2024-06-03T03:38:53","slug":"lupus-et-nutrition","status":"publish","type":"post","link":"https:\/\/www.lupuscanada.org\/fr\/lupus-et-nutrition\/","title":{"rendered":"Lupus et nutrition"},"content":{"rendered":"\n<p>Notre cinqui\u00e8me webinaire sur l\u2019autonomie sociale a eu lieu le 10 juin 2021. Notre conf\u00e9renci\u00e8re invit\u00e9e, Melissa Hemphill, nutritionniste holistique, a discut\u00e9 du lupus et de la nutrition.<\/p>\n\n<p>Les passions de Melissa sont li\u00e9es \u00e0 la nourriture. Titulaire d\u2019un dipl\u00f4me en biochimie de l\u2019Universit\u00e9 de Guelph, Melissa a poursuivi des \u00e9tudes en nutrition naturelle et a d\u00e9velopp\u00e9 une carri\u00e8re en tant que nutritionniste holistique. En apprenant tout ce qu\u2019elle a fait sur l\u2019importance de nourrir notre corps avec le bon carburant, il est devenu de plus en plus \u00e9vident que c\u2019est notre syst\u00e8me alimentaire qui nous m\u00e8ne \u00e0 la maladie.<\/p>\n\n<p><br\/>Apr\u00e8s avoir d\u00e9m\u00e9nag\u00e9 \u00e0 Revelstoke en 2006, Melissa s\u2019est impliqu\u00e9e aupr\u00e8s de la North Columbia Environmental Society et a contribu\u00e9 \u00e0 la cr\u00e9ation du premier jardin communautaire par l\u2019entremise de ce qui \u00e9tait alors un comit\u00e9 du NCES appel\u00e9 Local Food Initiative. Melissa a \u00e9t\u00e9 membre et pr\u00e9sidente de ce comit\u00e9, puis a cr\u00e9\u00e9 le poste de coordonnatrice en 2014 et l\u2019a occup\u00e9 pendant 18 mois. Elle a contribu\u00e9 \u00e0 la cr\u00e9ation de la Revelstoke Local Food Initiative en tant que soci\u00e9t\u00e9 \u00e0 part enti\u00e8re et continue d\u2019occuper un poste de membre du conseil d\u2019administration. Melissa est actuellement coordonnatrice de la s\u00e9curit\u00e9 alimentaire \u00e0 la Community Connections (Revelstoke) Society et travaille \u00e0 la mise en \u0153uvre des recommandations de la Strat\u00e9gie de s\u00e9curit\u00e9 alimentaire de Revelstoke afin de faire de Revelstoke une communaut\u00e9 plus s\u00fbre sur le plan alimentaire.<\/p>\n\n<figure class=\"wp-block-image size-full\"><a href=\"https:\/\/www.lupuscanada.org\/wp-content\/uploads\/2024\/04\/Headshot-Melissa-Hemphill-284x300-1.jpg\"><img loading=\"lazy\" decoding=\"async\" width=\"284\" height=\"300\" src=\"https:\/\/www.lupuscanada.org\/wp-content\/uploads\/2024\/04\/Headshot-Melissa-Hemphill-284x300-1.jpg\" alt=\"M&#xE9;lissa Hemphill\" class=\"wp-image-5011\"\/><\/a><\/figure>\n\n<p>Melissa Hemphill, nutritionniste holistique<\/p>\n","protected":false},"excerpt":{"rendered":"<p>Notre cinqui\u00e8me webinaire sur l\u2019autonomie sociale a eu lieu le 10 juin 2021. Notre conf\u00e9renci\u00e8re invit\u00e9e, Melissa Hemphill, nutritionniste holistique, a discut\u00e9 du lupus et de la nutrition. Les passions de Melissa sont li\u00e9es \u00e0 la nourriture. Titulaire d\u2019un dipl\u00f4me en biochimie de l\u2019Universit\u00e9 de Guelph, Melissa a poursuivi des \u00e9tudes en nutrition naturelle et [&hellip;]<\/p>\n","protected":false},"author":1,"featured_media":0,"comment_status":"closed","ping_status":"closed","sticky":false,"template":"","format":"standard","meta":{"_acf_changed":false,"_et_pb_use_builder":"off","_et_pb_old_content":"","_et_gb_content_width":"","footnotes":""},"categories":[91],"tags":[],"topic":[116,119,115,120,117],"audience":[121,123,122,125,124],"class_list":["post-8659","post","type-post","status-publish","format-standard","hentry","category-video-fr","topic-connaissances-medicales","topic-plaidoyer-et-soutien","topic-recherche-et-essais-cliniques","topic-sensibilisation-et-communaute-fr","topic-vie-et-bien-etre","audience-ai-je-le-lupus","audience-j-ai-le-lupus","audience-j-ai-recemment-recu-un-diagnostic","audience-professionnel-de-la-sante","audience-une-personne-a-qui-je-tiens-a-le-lupus"],"acf":[],"_links":{"self":[{"href":"https:\/\/www.lupuscanada.org\/fr\/wp-json\/wp\/v2\/posts\/8659","targetHints":{"allow":["GET"]}}],"collection":[{"href":"https:\/\/www.lupuscanada.org\/fr\/wp-json\/wp\/v2\/posts"}],"about":[{"href":"https:\/\/www.lupuscanada.org\/fr\/wp-json\/wp\/v2\/types\/post"}],"author":[{"embeddable":true,"href":"https:\/\/www.lupuscanada.org\/fr\/wp-json\/wp\/v2\/users\/1"}],"replies":[{"embeddable":true,"href":"https:\/\/www.lupuscanada.org\/fr\/wp-json\/wp\/v2\/comments?post=8659"}],"version-history":[{"count":0,"href":"https:\/\/www.lupuscanada.org\/fr\/wp-json\/wp\/v2\/posts\/8659\/revisions"}],"wp:attachment":[{"href":"https:\/\/www.lupuscanada.org\/fr\/wp-json\/wp\/v2\/media?parent=8659"}],"wp:term":[{"taxonomy":"category","embeddable":true,"href":"https:\/\/www.lupuscanada.org\/fr\/wp-json\/wp\/v2\/categories?post=8659"},{"taxonomy":"post_tag","embeddable":true,"href":"https:\/\/www.lupuscanada.org\/fr\/wp-json\/wp\/v2\/tags?post=8659"},{"taxonomy":"topic","embeddable":true,"href":"https:\/\/www.lupuscanada.org\/fr\/wp-json\/wp\/v2\/topic?post=8659"},{"taxonomy":"audience","embeddable":true,"href":"https:\/\/www.lupuscanada.org\/fr\/wp-json\/wp\/v2\/audience?post=8659"}],"curies":[{"name":"wp","href":"https:\/\/api.w.org\/{rel}","templated":true}]}}