{"id":8520,"date":"2018-05-14T00:09:00","date_gmt":"2018-05-14T00:09:00","guid":{"rendered":"https:\/\/www.lupuscanada.org\/subvention-catalyseur-de-concours-2017-18-3\/"},"modified":"2024-05-14T00:28:05","modified_gmt":"2024-05-14T00:28:05","slug":"subvention-catalyseur-de-concours-2017-18-3","status":"publish","type":"post","link":"https:\/\/www.lupuscanada.org\/fr\/subvention-catalyseur-de-concours-2017-18-3\/","title":{"rendered":"Subvention Catalyseur de concours 2017-18"},"content":{"rendered":"\n<p><strong>Param\u00e8tres des demandes : <\/strong>3\/6 demandes financ\u00e9es<\/p>\n\n<p><strong>Chercheuse principale : <\/strong>Dre Ann Clarke<\/p>\n\n<p><strong>Institution: <\/strong>Universit\u00e9 de Calgary<\/p>\n\n<p><strong>Financement re\u00e7u : <\/strong>34 500 $ accord\u00e9s<\/p>\n\n<p><strong>Titre du projet : <\/strong>Am\u00e9liorer la vie professionnelle des personnes atteintes d\u2019ELS tout en favorisant la compr\u00e9hension du public : une approche int\u00e9gr\u00e9e d\u2019application des connaissances.<\/p>\n\n<p><strong>R\u00e9sum\u00e9 du projet : <\/strong>Les personnes touch\u00e9es par le LED font face \u00e0 des d\u00e9fis \u00e9conomiques consid\u00e9rables. Leurs co\u00fbts croissants et impr\u00e9visibles des soins de sant\u00e9 et leur lutte perp\u00e9tuelle pour maintenir un emploi r\u00e9gulier et prendre soin de leur famille ont un impact sur l\u2019estime de soi, les trajectoires de carri\u00e8re et la d\u00e9finition des r\u00f4les. Il s\u2019agit l\u00e0 de pr\u00e9occupations majeures et n\u00e9glig\u00e9es. Dans le cadre de nos recherches en cours, nous avons utilis\u00e9 une approche mixte (quantitative\/qualitative) pour mieux comprendre ces enjeux. Nous avons interrog\u00e9 plus de 1300 patients sur leur utilisation des soins de sant\u00e9 et leur perte de productivit\u00e9. Nous avons men\u00e9 des entrevues approfondies avec des patients, des d\u00e9fenseurs des droits des patients et des m\u00e9decins afin de comprendre comment ces probl\u00e8mes \u00e9conomiques affectaient les patients et leurs familles. Les patients atteints de LED poursuivent souvent une carri\u00e8re moins satisfaisante et financi\u00e8rement stable en raison d\u2019une mauvaise compr\u00e9hension de la maladie par le public, d\u2019un manque d\u2019am\u00e9nagements en milieu de travail et de politiques gouvernementales et professionnelles d\u00e9ficientes. Pour apporter des changements, nous devons regarder au-del\u00e0 des interventions individuelles ou en milieu de travail et nous concentrer sur le niveau des syst\u00e8mes (c\u2019est-\u00e0-dire les institutions, le gouvernement, les politiques et la soci\u00e9t\u00e9). Nous organisons actuellement des ateliers avec des intervenants de partout au Canada afin de d\u00e9terminer les domaines prioritaires dans lesquels nous devons cibler les mesures \u00e0 l\u2019\u00e9chelle des syst\u00e8mes. Dans le cadre de notre projet de recherche, nous \u00e9laborerons et mettrons en \u0153uvre une nouvelle initiative d\u2019application int\u00e9gr\u00e9e des connaissances (ACi) qui appuiera la coproduction de connaissances entre les chercheurs et les utilisateurs des connaissances. Il abordera, pour la premi\u00e8re fois au Canada, le changement syst\u00e9mique visant \u00e0 am\u00e9liorer la vie professionnelle des personnes ayant des probl\u00e8mes de sant\u00e9.<\/p>\n\n<p>LED et promouvoir la compr\u00e9hension de la maladie par le public. Nous travaillerons avec un groupe multipartite pour tirer parti des r\u00e9sultats de notre \u00e9tude pr\u00e9c\u00e9dente et, par le biais de consultations aupr\u00e8s des intervenants, de webinaires et de hackathons, \u00e9laborer des interventions \u00e0 l\u2019\u00e9chelle des syst\u00e8mes. Cette recherche se traduira par des partenariats plus solides avec les intervenants, des id\u00e9es d\u2019interventions sp\u00e9cifiques et r\u00e9alisables \u00e0 l\u2019\u00e9chelle des syst\u00e8mes pour am\u00e9liorer la vie au travail, et une sensibilisation accrue du public au LED.<\/p>\n","protected":false},"excerpt":{"rendered":"<p>Param\u00e8tres des demandes : 3\/6 demandes financ\u00e9es Chercheuse principale : Dre Ann Clarke Institution: Universit\u00e9 de Calgary Financement re\u00e7u : 34 500 $ accord\u00e9s Titre du projet : Am\u00e9liorer la vie professionnelle des personnes atteintes d\u2019ELS tout en favorisant la compr\u00e9hension du public : une approche int\u00e9gr\u00e9e d\u2019application des connaissances. R\u00e9sum\u00e9 du projet : Les [&hellip;]<\/p>\n","protected":false},"author":1,"featured_media":0,"comment_status":"closed","ping_status":"closed","sticky":false,"template":"","format":"standard","meta":{"_acf_changed":false,"_et_pb_use_builder":"off","_et_pb_old_content":"","_et_gb_content_width":"","footnotes":""},"categories":[92],"tags":[],"topic":[113,115,130],"audience":[125],"class_list":["post-8520","post","type-post","status-publish","format-standard","hentry","category-article-fr","topic-nouvelles-et-evenements","topic-recherche-et-essais-cliniques","topic-subvention-catalyseur","audience-professionnel-de-la-sante"],"acf":[],"_links":{"self":[{"href":"https:\/\/www.lupuscanada.org\/fr\/wp-json\/wp\/v2\/posts\/8520","targetHints":{"allow":["GET"]}}],"collection":[{"href":"https:\/\/www.lupuscanada.org\/fr\/wp-json\/wp\/v2\/posts"}],"about":[{"href":"https:\/\/www.lupuscanada.org\/fr\/wp-json\/wp\/v2\/types\/post"}],"author":[{"embeddable":true,"href":"https:\/\/www.lupuscanada.org\/fr\/wp-json\/wp\/v2\/users\/1"}],"replies":[{"embeddable":true,"href":"https:\/\/www.lupuscanada.org\/fr\/wp-json\/wp\/v2\/comments?post=8520"}],"version-history":[{"count":0,"href":"https:\/\/www.lupuscanada.org\/fr\/wp-json\/wp\/v2\/posts\/8520\/revisions"}],"wp:attachment":[{"href":"https:\/\/www.lupuscanada.org\/fr\/wp-json\/wp\/v2\/media?parent=8520"}],"wp:term":[{"taxonomy":"category","embeddable":true,"href":"https:\/\/www.lupuscanada.org\/fr\/wp-json\/wp\/v2\/categories?post=8520"},{"taxonomy":"post_tag","embeddable":true,"href":"https:\/\/www.lupuscanada.org\/fr\/wp-json\/wp\/v2\/tags?post=8520"},{"taxonomy":"topic","embeddable":true,"href":"https:\/\/www.lupuscanada.org\/fr\/wp-json\/wp\/v2\/topic?post=8520"},{"taxonomy":"audience","embeddable":true,"href":"https:\/\/www.lupuscanada.org\/fr\/wp-json\/wp\/v2\/audience?post=8520"}],"curies":[{"name":"wp","href":"https:\/\/api.w.org\/{rel}","templated":true}]}}