{"id":8305,"date":"2024-05-04T05:25:16","date_gmt":"2024-05-04T05:25:16","guid":{"rendered":"https:\/\/lupus.treefrog.dev\/anifrolumab-saphnelo-3\/"},"modified":"2024-05-24T13:57:42","modified_gmt":"2024-05-24T13:57:42","slug":"anifrolumab-saphnelo-3-2","status":"publish","type":"post","link":"https:\/\/www.lupuscanada.org\/fr\/anifrolumab-saphnelo-3-2\/","title":{"rendered":"Anifrolumab (Saphnelo) \u00e0 l\u2019\u00cele-du-Prince-\u00c9douard"},"content":{"rendered":"\n<p><em>Le 23 avril 2024<\/em> \u2013 Lupus Canada a le plaisir d\u2019annoncer que Saphnelo a \u00e9t\u00e9 inscrit \u00e0 l\u2019\u00cele-du-Prince-\u00c9douard \u00e0 compter du 23 avril 2024.<\/p>\n\n<p>Pour de plus amples renseignements, veuillez consulter le site Web du <a class=\"\" href=\"https:\/\/src.healthpei.ca\/sites\/src.healthpei.ca\/files\/PEI%20Pharmacare\/PB%202024-05.pdf\" target=\"_blank\" rel=\"noreferrer noopener\">Programme d\u2019assurance-m\u00e9dicaments de l\u2019\u00cele-du-Prince-\u00c9douard<\/a> .<\/p>\n","protected":false},"excerpt":{"rendered":"<p>Le 23 avril 2024 \u2013 Lupus Canada a le plaisir d\u2019annoncer que Saphnelo a \u00e9t\u00e9 inscrit \u00e0 l\u2019\u00cele-du-Prince-\u00c9douard \u00e0 compter du 23 avril 2024. Pour de plus amples renseignements, veuillez consulter le site Web du Programme d\u2019assurance-m\u00e9dicaments de l\u2019\u00cele-du-Prince-\u00c9douard .<\/p>\n","protected":false},"author":1,"featured_media":0,"comment_status":"closed","ping_status":"closed","sticky":false,"template":"","format":"standard","meta":{"_acf_changed":false,"_et_pb_use_builder":"off","_et_pb_old_content":"","_et_gb_content_width":"","footnotes":""},"categories":[92],"tags":[],"topic":[116,113,119,120,117],"audience":[123,122,126,125,124],"class_list":["post-8305","post","type-post","status-publish","format-standard","hentry","category-article-fr","topic-connaissances-medicales","topic-nouvelles-et-evenements","topic-plaidoyer-et-soutien","topic-sensibilisation-et-communaute-fr","topic-vie-et-bien-etre","audience-j-ai-le-lupus","audience-j-ai-recemment-recu-un-diagnostic","audience-je-veux-plaider","audience-professionnel-de-la-sante","audience-une-personne-a-qui-je-tiens-a-le-lupus"],"acf":[],"_links":{"self":[{"href":"https:\/\/www.lupuscanada.org\/fr\/wp-json\/wp\/v2\/posts\/8305","targetHints":{"allow":["GET"]}}],"collection":[{"href":"https:\/\/www.lupuscanada.org\/fr\/wp-json\/wp\/v2\/posts"}],"about":[{"href":"https:\/\/www.lupuscanada.org\/fr\/wp-json\/wp\/v2\/types\/post"}],"author":[{"embeddable":true,"href":"https:\/\/www.lupuscanada.org\/fr\/wp-json\/wp\/v2\/users\/1"}],"replies":[{"embeddable":true,"href":"https:\/\/www.lupuscanada.org\/fr\/wp-json\/wp\/v2\/comments?post=8305"}],"version-history":[{"count":0,"href":"https:\/\/www.lupuscanada.org\/fr\/wp-json\/wp\/v2\/posts\/8305\/revisions"}],"wp:attachment":[{"href":"https:\/\/www.lupuscanada.org\/fr\/wp-json\/wp\/v2\/media?parent=8305"}],"wp:term":[{"taxonomy":"category","embeddable":true,"href":"https:\/\/www.lupuscanada.org\/fr\/wp-json\/wp\/v2\/categories?post=8305"},{"taxonomy":"post_tag","embeddable":true,"href":"https:\/\/www.lupuscanada.org\/fr\/wp-json\/wp\/v2\/tags?post=8305"},{"taxonomy":"topic","embeddable":true,"href":"https:\/\/www.lupuscanada.org\/fr\/wp-json\/wp\/v2\/topic?post=8305"},{"taxonomy":"audience","embeddable":true,"href":"https:\/\/www.lupuscanada.org\/fr\/wp-json\/wp\/v2\/audience?post=8305"}],"curies":[{"name":"wp","href":"https:\/\/api.w.org\/{rel}","templated":true}]}}