{"id":7534,"date":"2024-04-17T10:08:42","date_gmt":"2024-04-17T10:08:42","guid":{"rendered":"https:\/\/lupus.treefrog.dev\/webinaires\/"},"modified":"2024-05-06T15:39:27","modified_gmt":"2024-05-06T15:39:27","slug":"webinaires","status":"publish","type":"post","link":"https:\/\/www.lupuscanada.org\/fr\/webinaires\/","title":{"rendered":"WEBINAIRES"},"content":{"rendered":"\n<p>Lupus Canada a le plaisir de pr\u00e9senter les webinaires de sensibilisation \u00e0 la maladie Parlons lupus commandit\u00e9s par AstraZeneca et GSK. Ce programme consiste en une s\u00e9rie de webinaires informatifs et interactifs destin\u00e9s \u00e0 tous les Canadiens touch\u00e9s par le lupus. Chaque mois, nous proposons un nouveau sujet. Suivez-nous sur Facebook, Twitter, Instagram et Linkedin pour en savoir plus sur nos prochains webinaires.<\/p>\n\n<div style=\"height:50px\" aria-hidden=\"true\" class=\"wp-block-spacer\"><\/div>\n\n<details class=\"wp-block-details is-layout-flow wp-block-details-is-layout-flow\"><summary>Gestion du stress pendant les F\u00eates<\/summary>\n<p><\/p>\n\n\n\n<figure class=\"wp-block-image size-full\"><a href=\"https:\/\/www.lupuscanada.org\/wp-content\/uploads\/2024\/04\/Jodie-Headshot-225x300-1.jpg\"><img loading=\"lazy\" decoding=\"async\" width=\"225\" height=\"300\" src=\"https:\/\/www.lupuscanada.org\/wp-content\/uploads\/2024\/04\/Jodie-Headshot-225x300-1.jpg\" alt=\"\" class=\"wp-image-4964\"\/><\/a><\/figure>\n\n\n\n<p>Le 30 novembre 2023, Lupus Canada a \u00e9t\u00e9 rejoint par Jodie Nimigon-Young, une autre combattante du lupus depuis 29 ans, qui a pr\u00e9sent\u00e9 \u00ab La gestion du stress pendant les F\u00eates \u00bb. Un enregistrement vid\u00e9o du webinaire est disponible ci-dessous.<\/p>\n\n\n\n<p>Bien qu\u2019elle ait d\u00fb faire face \u00e0 de multiples probl\u00e8mes de lupus, petits et grands, Jodie a fait des \u00e9tudes postsecondaires en psychologie et en travail social. et a obtenu une ma\u00eetrise en travail social. Elle a travaill\u00e9 comme travailleuse sociale aupr\u00e8s de jeunes en difficult\u00e9 et comme coordonnatrice de recherche pour un projet national portant sur la qualit\u00e9 de vie des enfants et des adolescents atteints de maladies chroniques. Jodie est actuellement travailleuse sociale en soins de sant\u00e9 et aide les patients et les familles \u00e0 s\u2019adapter \u00e0 des diagnostics qui changent leur vie et les met en contact avec les ressources communautaires pertinentes.<\/p>\n\n\n\n<p><\/p>\n\n\n\n<figure class=\"wp-block-embed is-type-video is-provider-youtube wp-block-embed-youtube wp-embed-aspect-16-9 wp-has-aspect-ratio\"><div class=\"wp-block-embed__wrapper\">\n<iframe loading=\"lazy\" title=\"Disease Awareness Webinar: Stress Management During the Holidays\" width=\"1080\" height=\"608\" src=\"https:\/\/www.youtube.com\/embed\/mjqZQs6rv3U?feature=oembed\"  allow=\"accelerometer; autoplay; clipboard-write; encrypted-media; gyroscope; picture-in-picture; web-share\" referrerpolicy=\"strict-origin-when-cross-origin\" allowfullscreen><\/iframe>\n<\/div><\/figure>\n<\/details>\n\n<p><\/p>\n\n<details class=\"wp-block-details is-layout-flow wp-block-details-is-layout-flow\"><summary>Vaccins<\/summary>\n<p><\/p>\n\n\n\n<figure class=\"wp-block-image size-full\"><a href=\"https:\/\/www.lupuscanada.org\/wp-content\/uploads\/2024\/04\/Dr.-Pope-headshot-237x300-1.jpg\"><img loading=\"lazy\" decoding=\"async\" width=\"237\" height=\"300\" src=\"https:\/\/www.lupuscanada.org\/wp-content\/uploads\/2024\/04\/Dr.-Pope-headshot-237x300-1.jpg\" alt=\"\" class=\"wp-image-4971\"\/><\/a><\/figure>\n\n\n\n<p>Le 17 octobre 2023, le Dr Pope s\u2019est joint \u00e0 Lupus Canada pour discuter des vaccins et de leur importance pour les personnes atteintes de lupus.<\/p>\n\n\n\n<p><br\/>Un enregistrement vid\u00e9o du webinaire est disponible ci-dessous.<\/p>\n\n\n\n<p>Janet Pope est professeure de m\u00e9decine et rhumatologue \u00e0 l\u2019\u00c9cole de m\u00e9decine Schulich de l\u2019Universit\u00e9 Western Ontario. Elle a publi\u00e9 plus de 600 articles\u00a0; ce qui lui a valu plusieurs distinctions en recherche, mais Janet est \u00e9galement une enseignante et une \u00e9ducatrice passionn\u00e9e, en particulier dans les domaines de la polyarthrite rhumato\u00efde, du lupus et de la scl\u00e9rodermie. Il y a plus de 20 ans, elle a mis sur pied les bourses d\u2019\u00e9t\u00e9 de l\u2019ARC et a dirig\u00e9 le programme pendant des ann\u00e9es. Les bourses d\u2019\u00e9tudes ont permis d\u2019augmenter le nombre de rhumatologues en exposant les \u00e9tudiants en m\u00e9decine \u00e0 la rhumatologie. Elle a cr\u00e9\u00e9 et dirig\u00e9 le programme Future Leaders in Rheumatology en 2010\u00a0; maintenant appel\u00e9 le Programme de leadership de l\u2019ARC (LEAP), qui est un programme ax\u00e9 sur les besoins pour les rhumatologues en d\u00e9but de carri\u00e8re. Elle co-anime actuellement certains des podcasts Around the Rheum apr\u00e8s avoir \u00e9t\u00e9 r\u00e9guli\u00e8rement invit\u00e9e. Janet est pr\u00e9sente sur Twitter (@Janetbirdope) o\u00f9 ses #ClinicalPearls ont la r\u00e9putation d\u2019enseigner les r\u00e9sultats physiques \u00e0 &gt; 16 000 abonn\u00e9s. Elle codirige la fin de semaine des r\u00e9sidents de l\u2019Universit\u00e9 McMaster-Western, qui attire des stagiaires en m\u00e9decine interne pour qu\u2019ils apprennent la rhumatologie. Janet est r\u00e9guli\u00e8rement invit\u00e9e \u00e0 donner des conf\u00e9rences dans de nombreuses r\u00e9gions du monde en raison de son style dynamique et interactif.<\/p>\n\n\n\n<p><\/p>\n\n\n\n<figure class=\"wp-block-embed is-type-video is-provider-youtube wp-block-embed-youtube wp-embed-aspect-16-9 wp-has-aspect-ratio\"><div class=\"wp-block-embed__wrapper\">\n<iframe loading=\"lazy\" title=\"Disease Awareness Webinar: Vaccines\" width=\"1080\" height=\"608\" src=\"https:\/\/www.youtube.com\/embed\/SyUx_e-d7tY?feature=oembed\"  allow=\"accelerometer; autoplay; clipboard-write; encrypted-media; gyroscope; picture-in-picture; web-share\" referrerpolicy=\"strict-origin-when-cross-origin\" allowfullscreen><\/iframe>\n<\/div><\/figure>\n<\/details>\n\n<p><\/p>\n\n<details class=\"wp-block-details is-layout-flow wp-block-details-is-layout-flow\"><summary>Lupus &amp; Indigenous Populations of Canada<\/summary>\n<p><\/p>\n\n\n\n<figure class=\"wp-block-image size-full\"><a href=\"https:\/\/www.lupuscanada.org\/wp-content\/uploads\/2024\/04\/Cheryl-Barnabe-225x300-1.jpg\"><img loading=\"lazy\" decoding=\"async\" width=\"225\" height=\"300\" src=\"https:\/\/www.lupuscanada.org\/wp-content\/uploads\/2024\/04\/Cheryl-Barnabe-225x300-1.jpg\" alt=\"\" class=\"wp-image-4970\"\/><\/a><\/figure>\n\n\n\n<p>Le 27 septembre, le Dr Barnabe s\u2019est joint \u00e0 Lupus Canada pour discuter du lupus et des populations autochtones du Canada.<\/p>\n\n\n\n<p><br\/>Un enregistrement vid\u00e9o du webinaire est disponible ci-dessous.<\/p>\n\n\n\n<p>La Dre Cheryl Barnabe est rhumatologue m\u00e9tisse et titulaire d\u2019une chaire de recherche du Canada sur la polyarthrite rhumato\u00efde et les maladies auto-immunes. Elle est professeure aux d\u00e9partements de m\u00e9decine et des sciences de la sant\u00e9 communautaire de la Cumming School of Medicine de l\u2019Universit\u00e9 de Calgary. Elle est vice-pr\u00e9sidente du D\u00e9partement de m\u00e9decine (sant\u00e9 autochtone) et directrice adjointe de l\u2019Institut McCaig pour la sant\u00e9 des os et des articulations.<\/p>\n\n\n\n<p><\/p>\n\n\n\n<figure class=\"wp-block-embed is-type-video is-provider-youtube wp-block-embed-youtube wp-embed-aspect-16-9 wp-has-aspect-ratio\"><div class=\"wp-block-embed__wrapper\">\n<iframe loading=\"lazy\" title=\"Disease Awareness Webinar: Lupus &amp; Indigenous Populations of Canada\" width=\"1080\" height=\"608\" src=\"https:\/\/www.youtube.com\/embed\/FmyXrhHP7hI?feature=oembed\"  allow=\"accelerometer; autoplay; clipboard-write; encrypted-media; gyroscope; picture-in-picture; web-share\" referrerpolicy=\"strict-origin-when-cross-origin\" allowfullscreen><\/iframe>\n<\/div><\/figure>\n<\/details>\n\n<p><\/p>\n\n<details class=\"wp-block-details is-layout-flow wp-block-details-is-layout-flow\"><summary>Webinaire sur la gestion de la fatigue<\/summary>\n<p><\/p>\n\n\n\n<figure class=\"wp-block-image size-full\"><a href=\"https:\/\/www.lupuscanada.org\/wp-content\/uploads\/2024\/04\/Jennifer-Tabrizi-300x300-1.png\"><img loading=\"lazy\" decoding=\"async\" width=\"300\" height=\"300\" src=\"https:\/\/www.lupuscanada.org\/wp-content\/uploads\/2024\/04\/Jennifer-Tabrizi-300x300-1.png\" alt=\"\" class=\"wp-image-4975\" srcset=\"https:\/\/www.lupuscanada.org\/wp-content\/uploads\/2024\/04\/Jennifer-Tabrizi-300x300-1.png 300w, https:\/\/www.lupuscanada.org\/wp-content\/uploads\/2024\/04\/Jennifer-Tabrizi-300x300-1-150x150.png 150w, https:\/\/www.lupuscanada.org\/wp-content\/uploads\/2024\/04\/Jennifer-Tabrizi-300x300-1-100x100.png 100w\" sizes=\"(max-width: 300px) 100vw, 300px\" \/><\/a><\/figure>\n\n\n\n<p>Le 20 juillet 2023, Jennifer Tabrizi, professeure de yoga certifi\u00e9e, entra\u00eeneuse personnelle et coach en nutrition, s\u2019est jointe \u00e0 Lupus Canada pour discuter <strong>de la gestion de la fatigue et des maladies auto-immunes<\/strong>.<\/p>\n\n\n\n<p><br\/>Le lupus est une maladie auto-immune incurable qui dure toute la vie et qui peut n\u00e9cessiter des changements et des ajustements du mode de vie. Pour de nombreuses personnes atteintes de lupus, la fatigue est l\u2019un des sympt\u00f4mes les plus courants.<\/p>\n\n\n\n<p>Un enregistrement vid\u00e9o du webinaire est disponible ci-dessous.<\/p>\n\n\n\n<p><\/p>\n\n\n\n<figure class=\"wp-block-embed is-type-video is-provider-youtube wp-block-embed-youtube wp-embed-aspect-16-9 wp-has-aspect-ratio\"><div class=\"wp-block-embed__wrapper\">\n<iframe loading=\"lazy\" title=\"Disease Awareness Webinar: Fatigue Management &amp; Autoimmune Disease\" width=\"1080\" height=\"608\" src=\"https:\/\/www.youtube.com\/embed\/_OJUpjR-bvM?feature=oembed\"  allow=\"accelerometer; autoplay; clipboard-write; encrypted-media; gyroscope; picture-in-picture; web-share\" referrerpolicy=\"strict-origin-when-cross-origin\" allowfullscreen><\/iframe>\n<\/div><\/figure>\n<\/details>\n\n<p><\/p>\n\n<details class=\"wp-block-details is-layout-flow wp-block-details-is-layout-flow\"><summary>Parlons arthrite : Webinaire Parlons lupus<\/summary>\n<p><\/p>\n\n\n\n<figure class=\"wp-block-image size-full\"><a href=\"https:\/\/www.lupuscanada.org\/wp-content\/uploads\/2024\/04\/Dr.-Christine-A.-Peschken-1.jpg\"><img loading=\"lazy\" decoding=\"async\" width=\"215\" height=\"235\" src=\"https:\/\/www.lupuscanada.org\/wp-content\/uploads\/2024\/04\/Dr.-Christine-A.-Peschken-1.jpg\" alt=\"\" class=\"wp-image-4978\"\/><\/a><\/figure>\n\n\n\n<p>Christine Peschken, M.D., M.Sc., FRCPC<\/p>\n\n\n\n<p>Le mercredi 17 mai 2023, la Soci\u00e9t\u00e9 de l\u2019arthrite du Canada, en partenariat avec Lupus Canada, a organis\u00e9 Parlons arthrite : Parlons lupus, un webinaire qui a abord\u00e9 les nombreuses complexit\u00e9s du lupus pour vous aider \u00e0 mieux comprendre la maladie. La Dre Christine Peschken, sp\u00e9cialiste du lupus, a abord\u00e9 des sujets tels que :<\/p>\n\n\n\n<p><br\/>\u2022 Signes pr\u00e9coces du lupus, sympt\u00f4mes et facteurs de risque<br\/>\u2022 Comment le lupus est-il diagnostiqu\u00e9 ?<br\/>\u2022 Qu\u2019est-ce qui la rend si complexe et pourquoi elle est diff\u00e9rente des autres formes d\u2019arthrite inflammatoire<br\/>\u2022 Progr\u00e8s dans la recherche et le traitement du lupus<\/p>\n\n\n\n<p><br\/>Le lupus est une maladie auto-immune incurable qui dure toute la vie et qui peut n\u00e9cessiter des changements et des ajustements du mode de vie. Pour de nombreuses personnes atteintes de lupus, la fatigue est l\u2019un des sympt\u00f4mes les plus courants.<\/p>\n\n\n\n<p>La Dre Christine Peschken est professeure aux d\u00e9partements de m\u00e9decine et des sciences de la sant\u00e9 communautaire du Max Rady College of Medicine de la Rady Faculty of Health Sciences de l\u2019Universit\u00e9 du Manitoba. Elle est actuellement chef de la Division de rhumatologie et chef int\u00e9rimaire de la Division des allergies et de l\u2019immunologie clinique du D\u00e9partement de m\u00e9decine interne de l\u2019Universit\u00e9 du Manitoba.<br\/>En 2002, elle a mis sur pied la clinique du lupus de l\u2019Universit\u00e9 du Manitoba au Centre des sciences de la sant\u00e9 de Winnipeg. Elle a obtenu son dipl\u00f4me en m\u00e9decine (avec distinction) du College of Medicine de l\u2019Universit\u00e9 de la Saskatchewan et a suivi une formation en m\u00e9decine interne g\u00e9n\u00e9rale et en rhumatologie \u00e0 l\u2019Universit\u00e9 du Manitoba, \u00e0 Winnipeg, au Manitoba. Elle a obtenu une ma\u00eetrise en \u00e9pid\u00e9miologie et en biostatistique \u00e0 l\u2019Universit\u00e9 McGill et \u00e0 l\u2019Universit\u00e9 de la Colombie-Britannique avant de se joindre \u00e0 la facult\u00e9 de m\u00e9decine de l\u2019Universit\u00e9 du Manitoba en 1999.<br\/>Le Dr Peschken est un chercheur reconnu dans le domaine des r\u00e9sultats du lupus \u00e9ryth\u00e9mateux diss\u00e9min\u00e9, avec un accent particulier sur les disparit\u00e9s en mati\u00e8re de sant\u00e9 chez les populations vuln\u00e9rables atteintes de lupus. Elle est membre des Cliniques collaboratrices internationales du lupus diss\u00e9min\u00e9 (SLICC) et pr\u00e9sidente du R\u00e9seau canadien pour l\u2019am\u00e9lioration des r\u00e9sultats du lupus \u00e9ryth\u00e9mateux diss\u00e9min\u00e9 (CaNIOS).<\/p>\n\n\n\n<p>Un enregistrement vid\u00e9o du webinaire est disponible ci-dessous.<\/p>\n\n\n\n<p><\/p>\n\n\n\n<figure class=\"wp-block-embed is-type-video is-provider-youtube wp-block-embed-youtube wp-embed-aspect-16-9 wp-has-aspect-ratio\"><div class=\"wp-block-embed__wrapper\">\n<iframe loading=\"lazy\" title=\"Let&#039;s Talk Lupus | Arthritis Talks\" width=\"1080\" height=\"608\" src=\"https:\/\/www.youtube.com\/embed\/4maxPYUj1Bg?feature=oembed\"  allow=\"accelerometer; autoplay; clipboard-write; encrypted-media; gyroscope; picture-in-picture; web-share\" referrerpolicy=\"strict-origin-when-cross-origin\" allowfullscreen><\/iframe>\n<\/div><\/figure>\n<\/details>\n\n<p><\/p>\n\n<details class=\"wp-block-details is-layout-flow wp-block-details-is-layout-flow\"><summary>Vous n\u2019\u00eates pas seul : isolement et maladie auto-immune<\/summary>\n<p><\/p>\n\n\n\n<figure class=\"wp-block-image size-full\"><a href=\"https:\/\/www.lupuscanada.org\/wp-content\/uploads\/2024\/04\/Janice-LeBlanc-Photo-150x150-1.png\"><img loading=\"lazy\" decoding=\"async\" width=\"150\" height=\"150\" src=\"https:\/\/www.lupuscanada.org\/wp-content\/uploads\/2024\/04\/Janice-LeBlanc-Photo-150x150-1.png\" alt=\"\" class=\"wp-image-4981\" srcset=\"https:\/\/www.lupuscanada.org\/wp-content\/uploads\/2024\/04\/Janice-LeBlanc-Photo-150x150-1.png 150w, https:\/\/www.lupuscanada.org\/wp-content\/uploads\/2024\/04\/Janice-LeBlanc-Photo-150x150-1-100x100.png 100w\" sizes=\"(max-width: 150px) 100vw, 150px\" \/><\/a><\/figure>\n\n\n\n<p>Janice LeBlanc \u2013 Psychoth\u00e9rapeute agr\u00e9\u00e9e, art-th\u00e9rapeute agr\u00e9\u00e9e, sp\u00e9cialiste certifi\u00e9e en traumatologie et r\u00e9silience, th\u00e9rapeute EMDR<\/p>\n\n\n\n<p>L\u2019isolement social peut \u00eatre d\u00e9vastateur et difficile et a \u00e9t\u00e9 beaucoup plus r\u00e9pandu au cours des 3 derni\u00e8res ann\u00e9es, en raison des restrictions li\u00e9es \u00e0 la pand\u00e9mie.<br\/>Le 26 avril 2023, Lupus Canada a \u00e9t\u00e9 rejoint par Janice LeBlanc, psychoth\u00e9rapeute agr\u00e9\u00e9e, qui a discut\u00e9 de l\u2019impact de l\u2019isolement sur les personnes atteintes d\u2019une maladie auto-immune. Parmi les sujets abord\u00e9s, mentionnons l\u2019isolement par rapport \u00e0 la solitude, les sentiments et les probl\u00e8mes de sant\u00e9 mentale qui peuvent d\u00e9couler de l\u2019isolement, ainsi que les strat\u00e9gies d\u2019adaptation et d\u2019autosoins pour en att\u00e9nuer les effets. Un enregistrement vid\u00e9o du webinaire est disponible ci-dessous.<\/p>\n\n\n\n<p>Janice a plus de 20 ans d\u2019exp\u00e9rience clinique aupr\u00e8s de personnes qui ont subi des traumatismes et des abus dans l\u2019enfance, des accidents de la route et de la violence familiale, ainsi que des personnes aux prises avec des probl\u00e8mes de sant\u00e9 mentale tels que le SSPT, la d\u00e9pression et l\u2019anxi\u00e9t\u00e9. Actuellement en pratique priv\u00e9e, elle offre un soutien continu aux premiers r\u00e9pondants et \u00e0 leurs familles. Elle poss\u00e8de une vaste exp\u00e9rience de travail avec des personnes ayant des besoins sp\u00e9ciaux tels que le TDAH, les troubles d\u2019apprentissage et les troubles du spectre de l\u2019autisme. Janice a une formation sp\u00e9cialis\u00e9e en art-th\u00e9rapie, en th\u00e9rapie EMDR, en th\u00e9rapie cognitivo-comportementale, en th\u00e9rapie de traitement cognitif et est une conf\u00e9renci\u00e8re nationale sur les soins personnels pour les professionnels, l\u2019anxi\u00e9t\u00e9 chez les enfants et les jeunes et la gestion des maladies chroniques. Elle travaille avec tous les milieux, y compris les enfants, les jeunes, les adultes et les personnes \u00e2g\u00e9es, et est \u00e9galement une \u00e9ducatrice secondaire \u00e0 la retraite.<\/p>\n\n\n\n<p><\/p>\n\n\n\n<figure class=\"wp-block-embed is-type-video is-provider-youtube wp-block-embed-youtube wp-embed-aspect-16-9 wp-has-aspect-ratio\"><div class=\"wp-block-embed__wrapper\">\n<iframe loading=\"lazy\" title=\"Let&#039;s Talk Lupus Webinar: You\u2019re Not Alone - Isolation and Autoimmune Disease\" width=\"1080\" height=\"608\" src=\"https:\/\/www.youtube.com\/embed\/WjNAcQc5wrw?feature=oembed\"  allow=\"accelerometer; autoplay; clipboard-write; encrypted-media; gyroscope; picture-in-picture; web-share\" referrerpolicy=\"strict-origin-when-cross-origin\" allowfullscreen><\/iframe>\n<\/div><\/figure>\n<\/details>\n\n<p><\/p>\n\n<details class=\"wp-block-details is-layout-flow wp-block-details-is-layout-flow\"><summary>Planning familial<\/summary>\n<p><\/p>\n\n\n\n<figure class=\"wp-block-image size-full\"><a href=\"https:\/\/www.lupuscanada.org\/wp-content\/uploads\/2024\/04\/Dr.-Roger-Levy-Headshot-150x150-1.png\"><img loading=\"lazy\" decoding=\"async\" width=\"150\" height=\"150\" src=\"https:\/\/www.lupuscanada.org\/wp-content\/uploads\/2024\/04\/Dr.-Roger-Levy-Headshot-150x150-1.png\" alt=\"\" class=\"wp-image-4984\" srcset=\"https:\/\/www.lupuscanada.org\/wp-content\/uploads\/2024\/04\/Dr.-Roger-Levy-Headshot-150x150-1.png 150w, https:\/\/www.lupuscanada.org\/wp-content\/uploads\/2024\/04\/Dr.-Roger-Levy-Headshot-150x150-1-100x100.png 100w\" sizes=\"(max-width: 150px) 100vw, 150px\" \/><\/a><\/figure>\n\n\n\n<p>Dr Roger Levy (en anglais seulement)<\/p>\n\n\n\n<p>Le 17 novembre 2022, le Dr Roger Levy s\u2019est joint \u00e0 Lupus Canada pour discuter de l\u2019autonomisation des femmes atteintes de lupus en les \u00e9duquant sur le lupus et la grossesse et la fertilit\u00e9\u00a0; Ce qu\u2019il faut savoir et penser, les questions \u00e0 poser, les choses \u00e0 consid\u00e9rer, la stigmatisation autour du lupus et de la grossesse. Un enregistrement vid\u00e9o du webinaire est disponible ci-dessous.<\/p>\n\n\n\n<p>De 1996 \u00e0 2017, le professeur Levy a travaill\u00e9 comme professeur adjoint de rhumatologie \u00e0 l\u2019Universit\u00e9 d\u2019\u00c9tat de Rio de Janeiro, au Br\u00e9sil.<\/p>\n\n\n\n<p><br\/>\u2022 Il a compl\u00e9t\u00e9 un programme de bourses de recherche en rhumatologie en 1989 au HSS\/Cornell Medical College et a obtenu son doctorat en immunologie\/sciences biologiques de l\u2019Universit\u00e9 f\u00e9d\u00e9rale de Rio de Janeiro en 1994<br\/>\u2022 Les recherches du Professeur Levy portent sur les aspects cliniques et immunologiques du Lupus \u00e9ryth\u00e9mateux diss\u00e9min\u00e9 (LED), du syndrome des antiphospholipides (APS), du syndrome de Gougerot-Sj\u00f6gren et ont toujours eu un int\u00e9r\u00eat particulier et de nombreuses publications sur l\u2019interaction entre la grossesse et les maladies auto-immunes<br\/>\u2022 Il a particip\u00e9 \u00e0 l\u2019\u00e9tude BLISS-52 en tant qu\u2019investigateur principal, ainsi qu\u2019\u00e0 l\u2019\u00e9tude BASE, en plus d\u2019une vaste exp\u00e9rience dans les essais cliniques pour le LED et d\u2019autres maladies rhumatismales<br\/>\u2022 Il est membre des comit\u00e9s de r\u00e9daction de plusieurs revues scientifiques, a publi\u00e9 3 livres et a \u00e9crit de nombreux chapitres de livres. Il a donn\u00e9 des conf\u00e9rences aux congr\u00e8s les plus importants de rhumatologie. Il a publi\u00e9 plus de 180 articles scientifiques dans des revues \u00e0 comit\u00e9 de lecture avec plus de 10200 citations et un h-index de 43<br\/>\u2022 Il est membre de l\u2019American College of Rheumatology (ACR) depuis 1986, de l\u2019Alliance europ\u00e9enne des associations de rhumatologie (EULAR), de la Ligue panam\u00e9ricaine contre les affections rhumatismales (PANLAR) et d\u2019autres associations m\u00e9dicales locales<br\/>\u2022 Il a organis\u00e9 des congr\u00e8s r\u00e9gionaux et internationaux et a particip\u00e9 \u00e0 l\u2019\u00e9laboration de plusieurs lignes directrices et aux crit\u00e8res de classification de l\u2019APS<br\/>\u2022 Le professeur Levy a rejoint GSK au d\u00e9but de 2018 et est actuellement expert m\u00e9dical mondial dans la franchise Specialty and Medical Care, bas\u00e9 \u00e0 Upper Providence, Philadelphie, \u00c9tats-Unis<\/p>\n\n\n\n<p><\/p>\n\n\n\n<figure class=\"wp-block-embed is-type-video is-provider-youtube wp-block-embed-youtube wp-embed-aspect-16-9 wp-has-aspect-ratio\"><div class=\"wp-block-embed__wrapper\">\n<iframe loading=\"lazy\" title=\"Disease Awareness Webinar:  Family Planning\" width=\"1080\" height=\"608\" src=\"https:\/\/www.youtube.com\/embed\/zZAgRyqlno0?feature=oembed\"  allow=\"accelerometer; autoplay; clipboard-write; encrypted-media; gyroscope; picture-in-picture; web-share\" referrerpolicy=\"strict-origin-when-cross-origin\" allowfullscreen><\/iframe>\n<\/div><\/figure>\n<\/details>\n\n<p><\/p>\n\n<details class=\"wp-block-details is-layout-flow wp-block-details-is-layout-flow\"><summary>L\u2019innocuit\u00e9 et l\u2019efficacit\u00e9 des vaccins en ce qui concerne les patients atteints de lupus<\/summary>\n<p><\/p>\n\n\n\n<figure class=\"wp-block-image size-full\"><a href=\"https:\/\/www.lupuscanada.org\/wp-content\/uploads\/2024\/04\/Dr.-Mark-Matsos-300x216-1.jpg\"><img loading=\"lazy\" decoding=\"async\" width=\"300\" height=\"216\" src=\"https:\/\/www.lupuscanada.org\/wp-content\/uploads\/2024\/04\/Dr.-Mark-Matsos-300x216-1.jpg\" alt=\"\" class=\"wp-image-4986\"\/><\/a><\/figure>\n\n\n\n<p>Dr Mark Matsos, professeur agr\u00e9g\u00e9 de m\u00e9decine au FRCPC, \u00c9cole de m\u00e9decine Michael G. DeGroote, Universit\u00e9 McMaster, Clinique du lupus McMaster-Clinique Boris (site McMaster-Hamilton Health Sciences), Chef de service en rhumatologie, Hamilton Health Sciences<\/p>\n\n\n\n<p>Le 20 octobre 2022, le Dr Mark Matsos s\u2019est joint \u00e0 Lupus Canada pour faire une pr\u00e9sentation sur l\u2019innocuit\u00e9 et l\u2019efficacit\u00e9 des vaccins en ce qui concerne les patients atteints de lupus et sur toute mise \u00e0 jour sur le plus r\u00e9cent vaccin contre la COVID. Un enregistrement vid\u00e9o du webinaire est disponible ci-dessous.<\/p>\n\n\n\n<p><\/p>\n\n\n\n<figure class=\"wp-block-embed is-type-video is-provider-youtube wp-block-embed-youtube wp-embed-aspect-16-9 wp-has-aspect-ratio\"><div class=\"wp-block-embed__wrapper\">\n<iframe loading=\"lazy\" title=\"Disease Awareness Webinar: The Safety And Efficacy Of Vaccines As They Relate To Lupus Patients\" width=\"1080\" height=\"608\" src=\"https:\/\/www.youtube.com\/embed\/jDN-RdqSlkM?feature=oembed\"  allow=\"accelerometer; autoplay; clipboard-write; encrypted-media; gyroscope; picture-in-picture; web-share\" referrerpolicy=\"strict-origin-when-cross-origin\" allowfullscreen><\/iframe>\n<\/div><\/figure>\n<\/details>\n\n<p><\/p>\n\n<details class=\"wp-block-details is-layout-flow wp-block-details-is-layout-flow\"><summary>S\u2019\u00e9panouir gr\u00e2ce \u00e0 une bonne nutrition pour le lupus<\/summary>\n<p><\/p>\n\n\n\n<figure class=\"wp-block-image size-full\"><a href=\"https:\/\/www.lupuscanada.org\/wp-content\/uploads\/2024\/04\/Tanya-Freirich-Headshot-150x150-1.jpg\"><img loading=\"lazy\" decoding=\"async\" width=\"150\" height=\"150\" src=\"https:\/\/www.lupuscanada.org\/wp-content\/uploads\/2024\/04\/Tanya-Freirich-Headshot-150x150-1.jpg\" alt=\"\" class=\"wp-image-4990\" srcset=\"https:\/\/www.lupuscanada.org\/wp-content\/uploads\/2024\/04\/Tanya-Freirich-Headshot-150x150-1.jpg 150w, https:\/\/www.lupuscanada.org\/wp-content\/uploads\/2024\/04\/Tanya-Freirich-Headshot-150x150-1-100x100.jpg 100w\" sizes=\"(max-width: 150px) 100vw, 150px\" \/><\/a><\/figure>\n\n\n\n<p>Tanya Freirich, MS RD LDN CDCES<\/p>\n\n\n\n<p>Le 22 septembre 2022, Lupus Canada a \u00e9t\u00e9 rejoint par Tanya Freirich qui a pr\u00e9sent\u00e9 S\u2019\u00e9panouir gr\u00e2ce \u00e0 une bonne nutrition pour le lupus. Un enregistrement vid\u00e9o du webinaire est disponible ci-dessous.<\/p>\n\n\n\n<p>Tanya Freirich, MS RD, LDN, CDCES, est une di\u00e9t\u00e9tiste nutritionniste bas\u00e9e en Caroline du Nord. Tanya poss\u00e8de et dirige un cabinet priv\u00e9 virtuel qui sert les personnes atteintes de lupus et d\u2019autres maladies auto-immunes, et peut \u00eatre trouv\u00e9e en ligne sous le nom de \u00ab La di\u00e9t\u00e9tiste du lupus \u00bb.<\/p>\n\n\n\n<p>Avec plus d\u2019une d\u00e9cennie d\u2019exp\u00e9rience dans le conseil en nutrition et une ma\u00eetrise en nutrition, Tanya Freirich est passionn\u00e9e par l\u2019\u00e9ducation et la collaboration avec ses clients pour trouver leur chemin personnel vers la sant\u00e9. Elle aide ses clients \u00e0 apporter des changements holistiques personnalis\u00e9s \u00e0 leur r\u00e9gime alimentaire et \u00e0 leur mode de vie afin de r\u00e9duire et d\u2019\u00e9liminer les pouss\u00e9es, les sympt\u00f4mes et les effets secondaires.<\/p>\n\n\n\n<p>En plus des conseils nutritionnels 1\u00a0:1, Tanya Freirich aime parler \u00e0 des groupes de soutien pour le lupus et dirige un programme de coaching de groupe, \u00ab Vivre mieux avec le lupus \u00bb.<\/p>\n\n\n\n<p><\/p>\n\n\n\n<figure class=\"wp-block-embed is-type-video is-provider-youtube wp-block-embed-youtube wp-embed-aspect-16-9 wp-has-aspect-ratio\"><div class=\"wp-block-embed__wrapper\">\n<iframe loading=\"lazy\" title=\"Disease Awareness Webinar: Thriving on Good Nutrition for Lupus\" width=\"1080\" height=\"608\" src=\"https:\/\/www.youtube.com\/embed\/nxshFFZL14w?feature=oembed\"  allow=\"accelerometer; autoplay; clipboard-write; encrypted-media; gyroscope; picture-in-picture; web-share\" referrerpolicy=\"strict-origin-when-cross-origin\" allowfullscreen><\/iframe>\n<\/div><\/figure>\n<\/details>\n\n<p><\/p>\n\n<details class=\"wp-block-details is-layout-flow wp-block-details-is-layout-flow\"><summary>Cannabis et lupus<\/summary>\n<p><\/p>\n\n\n\n<figure class=\"wp-block-image size-full\"><a href=\"https:\/\/www.lupuscanada.org\/wp-content\/uploads\/2024\/04\/Fonda-Betts-168x300-1.png\"><img loading=\"lazy\" decoding=\"async\" width=\"168\" height=\"300\" src=\"https:\/\/www.lupuscanada.org\/wp-content\/uploads\/2024\/04\/Fonda-Betts-168x300-1.png\" alt=\"\" class=\"wp-image-4991\"\/><\/a><\/figure>\n\n\n\n<p>Fonda Betts, Ma\u00eetre cannabinologue (MC)<\/p>\n\n\n\n<p>Le 21 juillet 2022, Lupus Canada a \u00e9t\u00e9 rejoint par Fonda Betts et Tanya Adams qui ont discut\u00e9 du cannabis et du lupus. Un enregistrement vid\u00e9o du webinaire est disponible ci-dessous.<\/p>\n\n\n\n<p>Mme Betts, fondatrice et chef de la direction de la Greenleaf Medical Clinic (fond\u00e9e en 2011), a cr\u00e9\u00e9 la vision de l\u2019entreprise : \u00ab Enrichir et am\u00e9liorer la qualit\u00e9 de vie des patients gr\u00e2ce \u00e0 l\u2019utilisation du cannabis m\u00e9dical \u00bb. Les valeurs fondamentales de l\u2019entreprise, \u00e0 savoir le leadership, la passion, l\u2019\u00e9ducation et l\u2019engagement, sont motiv\u00e9es par la promesse de l\u2019entreprise de maximiser les r\u00e9sultats pour les patients.<\/p>\n\n\n\n<p>Les connaissances approfondies de Fonda sur le cannabis proviennent de l\u2019\u00e9tude des cannabino\u00efdes dans la pratique clinique de la facult\u00e9 de m\u00e9decine de l\u2019Universit\u00e9 de Toronto, de l\u2019\u00e9valuation des patients et de la collaboration avec des m\u00e9decins sp\u00e9cialis\u00e9s dans le cannabis et des chefs de file de l\u2019industrie.<\/p>\n\n\n\n<p>Elle a \u00e9valu\u00e9 et \u00e9labor\u00e9 des plans de traitement personnalis\u00e9s pour plus de 15 000 patients. Son travail et son d\u00e9vouement lui ont valu d\u2019\u00eatre reconnue comme une chef de file dans le domaine des cannabino\u00efdes.<\/p>\n\n\n\n<p>Mme Betts continue de s\u2019efforcer de faire profiter tous les adultes des bienfaits du cannabis, qu\u2019ils soient patients, consommateurs adultes ou simplement int\u00e9ress\u00e9s \u00e0 en apprendre davantage sur le cannabis et sur la fa\u00e7on de l\u2019utiliser en toute s\u00e9curit\u00e9.<\/p>\n\n\n\n<p><\/p>\n\n\n\n<figure class=\"wp-block-embed is-type-video is-provider-youtube wp-block-embed-youtube wp-embed-aspect-16-9 wp-has-aspect-ratio\"><div class=\"wp-block-embed__wrapper\">\n<iframe loading=\"lazy\" title=\"Disease Awareness Webinar: Cannabis and Lupus\" width=\"1080\" height=\"608\" src=\"https:\/\/www.youtube.com\/embed\/4aSmutCDa20?feature=oembed\"  allow=\"accelerometer; autoplay; clipboard-write; encrypted-media; gyroscope; picture-in-picture; web-share\" referrerpolicy=\"strict-origin-when-cross-origin\" allowfullscreen><\/iframe>\n<\/div><\/figure>\n<\/details>\n\n<p><\/p>\n\n<details class=\"wp-block-details is-layout-flow wp-block-details-is-layout-flow\"><summary>La g\u00e9n\u00e9tique du lupus \u2013 ce que nous savons et o\u00f9 nous allons<\/summary>\n<p><\/p>\n\n\n\n<figure class=\"wp-block-image size-full\"><a href=\"https:\/\/www.lupuscanada.org\/wp-content\/uploads\/2024\/04\/linda-hiraki-headshot-300-1.jpg\"><img loading=\"lazy\" decoding=\"async\" width=\"300\" height=\"450\" src=\"https:\/\/www.lupuscanada.org\/wp-content\/uploads\/2024\/04\/linda-hiraki-headshot-300-1.jpg\" alt=\"\" class=\"wp-image-4993\" srcset=\"https:\/\/www.lupuscanada.org\/wp-content\/uploads\/2024\/04\/linda-hiraki-headshot-300-1.jpg 300w, https:\/\/www.lupuscanada.org\/wp-content\/uploads\/2024\/04\/linda-hiraki-headshot-300-1-200x300.jpg 200w\" sizes=\"(max-width: 300px) 100vw, 300px\" \/><\/a><\/figure>\n\n\n\n<p>Dre Linda Hiraki<\/p>\n\n\n\n<p>Lors du webinaire du 23 juin 2022, la Dre Linda Hiraki a discut\u00e9 de la g\u00e9n\u00e9tique du lupus \u2013 ce que nous savons et o\u00f9 nous allons. Un enregistrement vid\u00e9o du webinaire est disponible ci-dessous.<\/p>\n\n\n\n<p>La Dre Linda Hiraki est clinicienne-chercheuse \u00e0 la Division de rhumatologie et chercheuse au programme de g\u00e9n\u00e9tique et de biologie du g\u00e9nome \u00e0 l\u2019Institut de recherche SickKids. La Dre Hiraki a obtenu son dipl\u00f4me en m\u00e9decine \u00e0 l\u2019Universit\u00e9 Queen\u2019s et sa formation clinique en p\u00e9diatrie et en rhumatologie \u00e0 l\u2019h\u00f4pital SickKids. Elle est certifi\u00e9e par le Coll\u00e8ge royal des m\u00e9decins et chirurgiens du Canada dans les sp\u00e9cialit\u00e9s de la p\u00e9diatrie et de la rhumatologie p\u00e9diatrique. La Dre Hiraki a poursuivi sa formation en recherche \u00e0 la Harvard School of Public Health, o\u00f9 elle a obtenu une ma\u00eetrise et un doctorat \u00e8s sciences en \u00e9pid\u00e9miologie. Le Dr Hiraki est titulaire d\u2019une chaire de recherche du Canada en g\u00e9n\u00e9tique des maladies inflammatoires syst\u00e9miques rares.<\/p>\n\n\n\n<p>Le Dr Hiraki coordonne une vaste cohorte internationale de patients atteints de lupus \u00e9ryth\u00e9mateux diss\u00e9min\u00e9 suivis de mani\u00e8re prospective pendant des ann\u00e9es de maladie afin de comprendre la g\u00e9n\u00e9tique du lupus, ses nombreuses manifestations, l\u2019\u00e9volution de la maladie et les r\u00e9sultats connexes. Elle dirige \u00e9galement des \u00e9tudes visant \u00e0 identifier les changements g\u00e9n\u00e9tiques rares menant \u00e0 des maladies inflammatoires syst\u00e9miques, notamment des \u00e9tudes sur le LED et le lupus \u00e9ryth\u00e9mateux n\u00e9onatal (NLE).<\/p>\n\n\n\n<p>Mme Betts continue de s\u2019efforcer de faire profiter tous les adultes des bienfaits du cannabis, qu\u2019ils soient patients, consommateurs adultes ou simplement int\u00e9ress\u00e9s \u00e0 en apprendre davantage sur le cannabis et sur la fa\u00e7on de l\u2019utiliser en toute s\u00e9curit\u00e9.<\/p>\n\n\n\n<p><\/p>\n\n\n\n<figure class=\"wp-block-embed is-type-video is-provider-youtube wp-block-embed-youtube wp-embed-aspect-16-9 wp-has-aspect-ratio\"><div class=\"wp-block-embed__wrapper\">\n<iframe loading=\"lazy\" title=\"Disease Awareness Webinar: The Genetics of Lupus \u2013 What we know and Where we are going\" width=\"1080\" height=\"608\" src=\"https:\/\/www.youtube.com\/embed\/NcX23KzEJ44?feature=oembed\"  allow=\"accelerometer; autoplay; clipboard-write; encrypted-media; gyroscope; picture-in-picture; web-share\" referrerpolicy=\"strict-origin-when-cross-origin\" allowfullscreen><\/iframe>\n<\/div><\/figure>\n<\/details>\n\n<p><\/p>\n\n<details class=\"wp-block-details is-layout-flow wp-block-details-is-layout-flow\"><summary>Que se passe-t-il dans la recherche sur le lupus ?<\/summary>\n<p><\/p>\n\n\n\n<figure class=\"wp-block-image size-full\"><a href=\"https:\/\/www.lupuscanada.org\/wp-content\/uploads\/2024\/04\/Dr.-Christine-A.-Peschken-1-1.jpg\"><img loading=\"lazy\" decoding=\"async\" width=\"215\" height=\"235\" src=\"https:\/\/www.lupuscanada.org\/wp-content\/uploads\/2024\/04\/Dr.-Christine-A.-Peschken-1-1.jpg\" alt=\"\" class=\"wp-image-4995\"\/><\/a><\/figure>\n\n\n\n<p>Christine Peschken, M.D., M.Sc., FRCPC<\/p>\n\n\n\n<p>Le 26 mai 2022, Lupus Canada a organis\u00e9 le webinaire \u00ab Que se passe-t-il dans la recherche sur le lupus \u00bb pr\u00e9sent\u00e9 par la Dre Christine Peschken. Un enregistrement vid\u00e9o du webinaire est disponible ci-dessous.<\/p>\n\n\n\n<p>La Dre Christine Peschken est professeure aux d\u00e9partements de m\u00e9decine et des sciences de la sant\u00e9 communautaire du Max Rady College of Medicine de la Rady Faculty of Health Sciences de l\u2019Universit\u00e9 du Manitoba. Elle est actuellement chef de la Division de rhumatologie et chef int\u00e9rimaire de la Division des allergies et de l\u2019immunologie clinique du D\u00e9partement de m\u00e9decine interne de l\u2019Universit\u00e9 du Manitoba.<\/p>\n\n\n\n<p>En 2002, elle a mis sur pied la clinique du lupus de l\u2019Universit\u00e9 du Manitoba au Centre des sciences de la sant\u00e9 de Winnipeg. Elle a obtenu son dipl\u00f4me en m\u00e9decine (avec distinction) du College of Medicine de l\u2019Universit\u00e9 de la Saskatchewan et a suivi une formation en m\u00e9decine interne g\u00e9n\u00e9rale et en rhumatologie \u00e0 l\u2019Universit\u00e9 du Manitoba, \u00e0 Winnipeg, au Manitoba. Elle a obtenu une ma\u00eetrise en \u00e9pid\u00e9miologie et en biostatistique \u00e0 l\u2019Universit\u00e9 McGill et \u00e0 l\u2019Universit\u00e9 de la Colombie-Britannique avant de se joindre \u00e0 la facult\u00e9 de m\u00e9decine de l\u2019Universit\u00e9 du Manitoba en 1999.<\/p>\n\n\n\n<p>Le Dr Peschken est un chercheur reconnu dans le domaine des r\u00e9sultats du lupus \u00e9ryth\u00e9mateux diss\u00e9min\u00e9, avec un accent particulier sur les disparit\u00e9s en mati\u00e8re de sant\u00e9 chez les populations vuln\u00e9rables atteintes de lupus. Elle est membre des Cliniques collaboratrices internationales du lupus diss\u00e9min\u00e9 (SLICC) et pr\u00e9sidente du R\u00e9seau canadien pour l\u2019am\u00e9lioration des r\u00e9sultats du lupus \u00e9ryth\u00e9mateux diss\u00e9min\u00e9 (CaNIOS).<\/p>\n\n\n\n<p><\/p>\n\n\n\n<figure class=\"wp-block-embed is-type-video is-provider-youtube wp-block-embed-youtube wp-embed-aspect-16-9 wp-has-aspect-ratio\"><div class=\"wp-block-embed__wrapper\">\n<iframe loading=\"lazy\" title=\"Disease Awareness Webinar: What is Happening in Lupus Research?\" width=\"1080\" height=\"608\" src=\"https:\/\/www.youtube.com\/embed\/vhp0oYof__I?feature=oembed\"  allow=\"accelerometer; autoplay; clipboard-write; encrypted-media; gyroscope; picture-in-picture; web-share\" referrerpolicy=\"strict-origin-when-cross-origin\" allowfullscreen><\/iframe>\n<\/div><\/figure>\n<\/details>\n\n<p><\/p>\n\n<details class=\"wp-block-details is-layout-flow wp-block-details-is-layout-flow\"><summary>Les bienfaits des soins chiropratiques<\/summary>\n<p><\/p>\n\n\n\n<figure class=\"wp-block-image size-full\"><a href=\"https:\/\/www.lupuscanada.org\/wp-content\/uploads\/2024\/04\/Dr.-Heather-Bailey-200x300-1.jpg\"><img loading=\"lazy\" decoding=\"async\" width=\"200\" height=\"300\" src=\"https:\/\/www.lupuscanada.org\/wp-content\/uploads\/2024\/04\/Dr.-Heather-Bailey-200x300-1.jpg\" alt=\"\" class=\"wp-image-4997\"\/><\/a><\/figure>\n\n\n\n<p>Dre Heather Bailey, B.H.K., D.C.<\/p>\n\n\n\n<p>Le 21 avril 2022<sup> <\/sup>Lupus Canada a organis\u00e9 le webinaire \u00ab Avantages des soins chiropratiques \u00bb pr\u00e9sent\u00e9 par la Dre Heather Bailey. Comme mentionn\u00e9 dans le webinaire, le lien vers les cliniques d\u2019acc\u00e8s rapide pour la lombalgie est <a href=\"https:\/\/www.lowbackrac.ca\/\" target=\"_blank\" rel=\"noopener\">https:\/\/www.lowbackrac.ca\/<\/a>. Un enregistrement vid\u00e9o du webinaire est disponible ci-dessous.<\/p>\n\n\n\n<p>Le Dr Bailey a obtenu son dipl\u00f4me du Canadian Memorial Chiropractic College en 2012 avec distinction et avec sp\u00e9cialisation clinique. Elle est titulaire d\u2019un dipl\u00f4me de premier cycle en sciences de l\u2019activit\u00e9 physique (kin\u00e9siologie) de l\u2019Universit\u00e9 de Windsor. Son premier poste en tant que chiropraticienne l\u2019a amen\u00e9e \u00e0 travailler au centre-ville de Toronto o\u00f9 elle a travaill\u00e9 aux c\u00f4t\u00e9s d\u2019un m\u00e9decin de famille, d\u2019un physiatre, de chirurgiens orthop\u00e9distes (sp\u00e9cialis\u00e9s dans les genoux et les pieds), d\u2019un kin\u00e9siologue et d\u2019entra\u00eeneurs personnels. Elle a une tr\u00e8s bonne exp\u00e9rience de l\u2019exercice et de la r\u00e9adaptation, et croit que la cl\u00e9 de tout r\u00e9tablissement r\u00e9ussi r\u00e9side dans le fait de changer la fa\u00e7on dont le corps fonctionne gr\u00e2ce \u00e0 des exercices. Elle se tient \u00e9galement au courant des recherches actuelles et des pratiques \u00ab exemplaires \u00bb.<\/p>\n\n\n\n<p>En juillet 2015, le Dr Bailey a particip\u00e9 aux Jeux panam\u00e9ricains en tant que membre du personnel m\u00e9dical b\u00e9n\u00e9vole, fournissant des services chiropratiques et aidant les premiers intervenants pour les athl\u00e8tes, les entra\u00eeneurs et les propri\u00e9taires du Caledon Horse Park.<\/p>\n\n\n\n<p>La Dre Bailey fait \u00e9galement partie de la Clinique d\u2019acc\u00e8s rapide au bas du dos, o\u00f9 les patients re\u00e7oivent une \u00e9valuation rapide de la lombalgie, de l\u2019\u00e9ducation et des plans d\u2019autogestion fond\u00e9s sur des donn\u00e9es probantes. Il est con\u00e7u pour diminuer la pr\u00e9valence de la lombalgie chronique ing\u00e9rable, r\u00e9duire l\u2019imagerie diagnostique inutile ainsi que l\u2019orientation inutile vers un sp\u00e9cialiste. Il vise \u00e9galement \u00e0 r\u00e9duire les temps d\u2019attente pour l\u2019aiguillage vers un sp\u00e9cialiste lorsque cela est n\u00e9cessaire. Il fait partie du R\u00e9seau local d\u2019int\u00e9gration des services de sant\u00e9 et est financ\u00e9 par l\u2019Assurance-sant\u00e9 de l\u2019Ontario (les r\u00e9f\u00e9rences \u00e0 ce programme particulier doivent \u00eatre faites par l\u2019interm\u00e9diaire d\u2019un m\u00e9decin de famille inscrit au programme).<\/p>\n\n\n\n<p>Elle est membre de l\u2019Ordre des chiropraticiens de l\u2019Ontario et de l\u2019Association chiropratique de l\u2019Ontario.<\/p>\n\n\n\n<p><\/p>\n\n\n\n<figure class=\"wp-block-embed is-type-video is-provider-youtube wp-block-embed-youtube wp-embed-aspect-16-9 wp-has-aspect-ratio\"><div class=\"wp-block-embed__wrapper\">\n<iframe loading=\"lazy\" title=\"Disease Awareness Webinar: The Benefits of Chiropractic Care\" width=\"1080\" height=\"608\" src=\"https:\/\/www.youtube.com\/embed\/npALOGg7HQc?feature=oembed\"  allow=\"accelerometer; autoplay; clipboard-write; encrypted-media; gyroscope; picture-in-picture; web-share\" referrerpolicy=\"strict-origin-when-cross-origin\" allowfullscreen><\/iframe>\n<\/div><\/figure>\n<\/details>\n\n<p><\/p>\n\n<details class=\"wp-block-details is-layout-flow wp-block-details-is-layout-flow\"><summary>Sant\u00e9 mentale et lupus \u2013 G\u00e9rer les attentes pendant la p\u00e9riode des F\u00eates<\/summary>\n<p><\/p>\n\n\n\n<figure class=\"wp-block-image size-full\"><a href=\"https:\/\/www.lupuscanada.org\/wp-content\/uploads\/2024\/04\/Janice-LeBlanc-Photo-150x150-1.png\"><img loading=\"lazy\" decoding=\"async\" width=\"150\" height=\"150\" src=\"https:\/\/www.lupuscanada.org\/wp-content\/uploads\/2024\/04\/Janice-LeBlanc-Photo-150x150-1.png\" alt=\"\" class=\"wp-image-4981\" srcset=\"https:\/\/www.lupuscanada.org\/wp-content\/uploads\/2024\/04\/Janice-LeBlanc-Photo-150x150-1.png 150w, https:\/\/www.lupuscanada.org\/wp-content\/uploads\/2024\/04\/Janice-LeBlanc-Photo-150x150-1-100x100.png 100w\" sizes=\"(max-width: 150px) 100vw, 150px\" \/><\/a><\/figure>\n\n\n\n<p>Janice LeBlanc \u2013 Psychoth\u00e9rapeute agr\u00e9\u00e9e, art-th\u00e9rapeute agr\u00e9\u00e9e, sp\u00e9cialiste certifi\u00e9e en traumatologie et r\u00e9silience, th\u00e9rapeute EMDR<\/p>\n\n\n\n<p>Le 9 d\u00e9cembre 2021, Lupus Canada a organis\u00e9 le webinaire \u00ab Sant\u00e9 mentale et lupus \u2013 G\u00e9rer les attentes pendant la p\u00e9riode des F\u00eates \u00bb. Nous remercions Janice LeBlanc, psychoth\u00e9rapeute agr\u00e9\u00e9e, qui a abord\u00e9 la question des soins personnels pendant la p\u00e9riode des F\u00eates. Un enregistrement vid\u00e9o du webinaire est disponible ci-dessous.<\/p>\n\n\n\n<p>Janice a plus de 20 ans d\u2019exp\u00e9rience clinique aupr\u00e8s de personnes qui ont subi des traumatismes et des abus dans l\u2019enfance, des accidents de la route et de la violence familiale, ainsi que des personnes aux prises avec des probl\u00e8mes de sant\u00e9 mentale tels que le SSPT, la d\u00e9pression et l\u2019anxi\u00e9t\u00e9. Actuellement en pratique priv\u00e9e, elle offre un soutien continu aux premiers r\u00e9pondants et \u00e0 leurs familles. Elle poss\u00e8de une vaste exp\u00e9rience de travail avec des personnes ayant des besoins sp\u00e9ciaux tels que le TDAH, les troubles d\u2019apprentissage et les troubles du spectre de l\u2019autisme. Janice a une formation sp\u00e9cialis\u00e9e en art-th\u00e9rapie, en th\u00e9rapie EMDR, en th\u00e9rapie cognitivo-comportementale, en th\u00e9rapie de traitement cognitif et est une conf\u00e9renci\u00e8re nationale sur les soins personnels pour les professionnels, l\u2019anxi\u00e9t\u00e9 chez les enfants et les jeunes et la gestion des maladies chroniques. Elle travaille avec tous les milieux, y compris les enfants, les jeunes, les adultes et les personnes \u00e2g\u00e9es, et est \u00e9galement une \u00e9ducatrice secondaire \u00e0 la retraite.<\/p>\n\n\n\n<p><\/p>\n\n\n\n<figure class=\"wp-block-embed is-type-video is-provider-youtube wp-block-embed-youtube wp-embed-aspect-16-9 wp-has-aspect-ratio\"><div class=\"wp-block-embed__wrapper\">\n<iframe loading=\"lazy\" title=\"Let&#039;s Talk Lupus: Mental Health and Lupus - Managing Expectations\" width=\"1080\" height=\"608\" src=\"https:\/\/www.youtube.com\/embed\/RTQNC7fxx0g?feature=oembed\"  allow=\"accelerometer; autoplay; clipboard-write; encrypted-media; gyroscope; picture-in-picture; web-share\" referrerpolicy=\"strict-origin-when-cross-origin\" allowfullscreen><\/iframe>\n<\/div><\/figure>\n<\/details>\n\n<p><\/p>\n\n<details class=\"wp-block-details is-layout-flow wp-block-details-is-layout-flow\"><summary>Programme d\u2019assurance-invalidit\u00e9 du R\u00e9gime de pensions du Canada \u2013 Aper\u00e7u<\/summary>\n<p><\/p>\n\n\n\n<figure class=\"wp-block-image size-full\"><a href=\"https:\/\/www.lupuscanada.org\/wp-content\/uploads\/2024\/04\/Brooke-Besley.jpg\"><img loading=\"lazy\" decoding=\"async\" width=\"237\" height=\"320\" src=\"https:\/\/www.lupuscanada.org\/wp-content\/uploads\/2024\/04\/Brooke-Besley.jpg\" alt=\"\" class=\"wp-image-5001\" srcset=\"https:\/\/www.lupuscanada.org\/wp-content\/uploads\/2024\/04\/Brooke-Besley.jpg 237w, https:\/\/www.lupuscanada.org\/wp-content\/uploads\/2024\/04\/Brooke-Besley-222x300.jpg 222w\" sizes=\"(max-width: 237px) 100vw, 237px\" \/><\/a><\/figure>\n\n\n\n<p>Brooke Besley, analyste principale des politiques \u2013 Programme d\u2019invalidit\u00e9 du R\u00e9gime de pensions du Canada (RPC) au minist\u00e8re de l\u2019Emploi et du D\u00e9veloppement social du Canada (EDSC)<\/p>\n\n\n\n<p>Le 24 novembre 2021, Lupus Canada a organis\u00e9 le webinaire \u00ab Programme d\u2019invalidit\u00e9 du R\u00e9gime de pensions du Canada \u2013 Aper\u00e7u \u00bb. Nous remercions Brooke Besley, du Programme d\u2019invalidit\u00e9 du R\u00e9gime de pensions du Canada (RPC) du minist\u00e8re de l\u2019Emploi et du D\u00e9veloppement social du Canada (EDSC), de nous avoir donn\u00e9 un aper\u00e7u du Programme d\u2019invalidit\u00e9 du R\u00e9gime de pensions du Canada et d\u2019avoir r\u00e9pondu aux questions de l\u2019auditoire.<\/p>\n\n\n\n<p><em>Remarque : Ce webinaire n\u2019a pas \u00e9t\u00e9 enregistr\u00e9, mais un bref r\u00e9sum\u00e9 avec des liens vers des ressources se trouve ci-dessous.<\/em><\/p>\n\n\n\n<p>Le R\u00e9gime de pensions du Canada (RPC) est un programme d\u2019assurance sociale contributif qui offre aux cotisants et \u00e0 leur famille un modeste remplacement du revenu en cas de retraite, d\u2019invalidit\u00e9 ou de d\u00e9c\u00e8s d\u2019un cotisant.<\/p>\n\n\n\n<p>Faisant partie du RPC, le <strong>Programme d\u2019assurance-invalidit\u00e9 du R\u00e9gime de pensions du Canada <\/strong>(RPC) est le plus important programme d\u2019assurance-invalidit\u00e9 au Canada et le plus important programme f\u00e9d\u00e9ral de s\u00e9curit\u00e9 du revenu pour les personnes handicap\u00e9es.<\/p>\n\n\n\n<p>Le Programme d\u2019invalidit\u00e9 du R\u00e9gime de pensions du Canada (RPC) est une prestation mensuelle imposable qui remplace partiellement le revenu des cotisants admissibles au RPC qui ne peuvent pas travailler en raison d\u2019une invalidit\u00e9 grave et prolong\u00e9e.<\/p>\n\n\n\n<p>Les demandes de RPC peuvent \u00eatre remplies au moyen d\u2019une demande papier ou en ligne par l\u2019interm\u00e9diaire de Mon dossier Service Canada et sont soumises \u00e0 Service Canada pour traitement.<\/p>\n\n\n\n<p>La trousse d\u2019outils du Programme d\u2019invalidit\u00e9 du R\u00e9gime de pensions du Canada est une source pr\u00e9cieuse d\u2019information qu\u2019il convient de consulter avant le processus de demande.<\/p>\n\n\n\n<p>Con\u00e7u non seulement pour les clients, mais aussi pour toute personne qui soutient les clients dans leur demande en fournissant tous les renseignements requis sur le programme dans un seul document, dans le but de simplifier le processus de demande. Pour obtenir de plus amples renseignements sur la trousse d\u2019outils du RPCD, veuillez consulter :<\/p>\n\n\n\n<p><a href=\"https:\/\/www.canada.ca\/en\/employment-social-development\/programs\/pension-plan-disability-benefits\/reports\/toolkit.html\" target=\"_blank\" rel=\"noreferrer noopener\">https:\/\/www.canada.ca\/en\/employment-social-development\/programs\/pension-plan-disability-benefits\/reports\/toolkit.html<\/a><\/p>\n\n\n\n<p>Pour obtenir de plus amples renseignements sur le Programme d\u2019assurance-invalidit\u00e9 du R\u00e9gime de pensions du Canada (RPC), veuillez consulter :<strong><br\/><\/strong><br\/><a href=\"https:\/\/www.canada.ca\/en\/services\/benefits\/publicpensions\/cpp\/cpp-disability-benefit.html\" target=\"_blank\" rel=\"noreferrer noopener\">https:\/\/www.canada.ca\/en\/services\/benefits\/publicpensions\/cpp\/cpp-disability-benefit.html<\/a><\/p>\n\n\n\n<p>Brooke Besley compte vingt ans d\u2019exp\u00e9rience au sein des gouvernements provincial et f\u00e9d\u00e9ral de l\u2019Ontario dans un large \u00e9ventail de sujets, notamment l\u2019environnement, l\u2019apprentissage et le handicap. Elle est actuellement analyste principale des politiques au Programme d\u2019invalidit\u00e9 du R\u00e9gime de pensions du Canada (RPC) du minist\u00e8re de l\u2019Emploi et du D\u00e9veloppement social du Canada (EDSC), o\u00f9 elle a pass\u00e9 les 12 derni\u00e8res ann\u00e9es \u00e0 travailler sur les changements l\u00e9gislatifs et r\u00e9glementaires, l\u2019\u00e9laboration de politiques et la mobilisation des intervenants. Dipl\u00f4m\u00e9e de l\u2019Universit\u00e9 Trent, elle est titulaire d\u2019un baccalaur\u00e9at sp\u00e9cialis\u00e9 en \u00e9conomie. Elle vit actuellement \u00e0 Ottawa avec son mari et ses trois enfants. Lorsqu\u2019elle n\u2019est pas occup\u00e9e \u00e0 travailler ou \u00e0 dormir, on peut la trouver sur le terrain de baseball ou \u00e0 la patinoire de hockey en train d\u2019encourager ses enfants lors de leurs matchs.<\/p>\n\n\n\n<p><\/p>\n\n\n\n<figure class=\"wp-block-embed is-type-video is-provider-youtube wp-block-embed-youtube wp-embed-aspect-16-9 wp-has-aspect-ratio\"><div class=\"wp-block-embed__wrapper\">\n<iframe loading=\"lazy\" title=\"Let&#039;s Talk Lupus: Mental Health and Lupus - Managing Expectations\" width=\"1080\" height=\"608\" src=\"https:\/\/www.youtube.com\/embed\/RTQNC7fxx0g?feature=oembed\"  allow=\"accelerometer; autoplay; clipboard-write; encrypted-media; gyroscope; picture-in-picture; web-share\" referrerpolicy=\"strict-origin-when-cross-origin\" allowfullscreen><\/iframe>\n<\/div><\/figure>\n<\/details>\n\n<p><\/p>\n\n<details class=\"wp-block-details is-layout-flow wp-block-details-is-layout-flow\"><summary>Le lupus et le vaccin contre la COVID-19<\/summary>\n<p><\/p>\n\n\n\n<figure class=\"wp-block-image size-full\"><a href=\"https:\/\/www.lupuscanada.org\/wp-content\/uploads\/2024\/04\/Dr.-Mark-Matsos-300x216-2.jpg\"><img loading=\"lazy\" decoding=\"async\" width=\"300\" height=\"216\" src=\"https:\/\/www.lupuscanada.org\/wp-content\/uploads\/2024\/04\/Dr.-Mark-Matsos-300x216-2.jpg\" alt=\"\" class=\"wp-image-4987\"\/><\/a><\/figure>\n\n\n\n<p>Dr Mark Matsos, professeur agr\u00e9g\u00e9 de m\u00e9decine au FRCPC, \u00c9cole de m\u00e9decine Michael G. DeGroote, Universit\u00e9 McMaster, Clinique du lupus McMaster-Clinique Boris (site McMaster-Hamilton Health Sciences), Chef de service en rhumatologie, Hamilton Health Sciences<\/p>\n\n\n\n<p>Le 13 octobre 2021, Lupus Canada a organis\u00e9 le webinaire d\u2019autorepr\u00e9sentation \u00ab Le lupus et le vaccin contre la COVID-19 \u00bb pr\u00e9sent\u00e9 par la Dre Matsos. Un enregistrement vid\u00e9o du webinaire est disponible ci-dessous.<\/p>\n\n\n\n<p><\/p>\n\n\n\n<figure class=\"wp-block-embed is-type-video is-provider-youtube wp-block-embed-youtube wp-embed-aspect-16-9 wp-has-aspect-ratio\"><div class=\"wp-block-embed__wrapper\">\n<iframe loading=\"lazy\" title=\"Self-Advocacy Webinar: Lupus and The COVID-19 Vaccine\" width=\"1080\" height=\"608\" src=\"https:\/\/www.youtube.com\/embed\/EEApYwcYwuQ?feature=oembed\"  allow=\"accelerometer; autoplay; clipboard-write; encrypted-media; gyroscope; picture-in-picture; web-share\" referrerpolicy=\"strict-origin-when-cross-origin\" allowfullscreen><\/iframe>\n<\/div><\/figure>\n<\/details>\n\n<p><\/p>\n\n<details class=\"wp-block-details is-layout-flow wp-block-details-is-layout-flow\"><summary>Comment les nouveaux m\u00e9dicaments parviennent-ils aux patients au Canada \u2013 Comment pouvez-vous vous impliquer ?<\/summary>\n<p><\/p>\n\n\n\n<p>Le 23 septembre 2021, Lupus Canada a organis\u00e9 le webinaire d\u2019autorepr\u00e9sentation intitul\u00e9 <em>\u00ab Comment les nouveaux m\u00e9dicaments parviennent-ils aux patients au Canada \u2013 comment pouvez-vous vous impliquer \u00bb pr\u00e9sent\u00e9 par AstraZeneca<\/em>. Merci aux conf\u00e9renciers suivants : Deborah Wong, Jonathan Feairs et Priscilla Nykoliation. Un enregistrement vid\u00e9o du webinaire est disponible ci-dessous.<\/p>\n\n\n\n<p><\/p>\n\n\n\n<figure class=\"wp-block-embed is-type-video is-provider-youtube wp-block-embed-youtube wp-embed-aspect-16-9 wp-has-aspect-ratio\"><div class=\"wp-block-embed__wrapper\">\n<iframe loading=\"lazy\" title=\"How Do New Medications Get to Patients in Canada? How Can You Get Involved?\" width=\"1080\" height=\"608\" src=\"https:\/\/www.youtube.com\/embed\/bW_phxCbMRU?feature=oembed\"  allow=\"accelerometer; autoplay; clipboard-write; encrypted-media; gyroscope; picture-in-picture; web-share\" referrerpolicy=\"strict-origin-when-cross-origin\" allowfullscreen><\/iframe>\n<\/div><\/figure>\n<\/details>\n\n<p><\/p>\n\n<details class=\"wp-block-details is-layout-flow wp-block-details-is-layout-flow\"><summary>Conseils pour \u00eatre votre propre meilleur d\u00e9fenseur&#8230; Exp\u00e9rience v\u00e9cue avec Abby Charles<\/summary>\n<p><\/p>\n\n\n\n<figure class=\"wp-block-image size-full\"><a href=\"https:\/\/www.lupuscanada.org\/wp-content\/uploads\/2024\/04\/Abby-Charles-Headshot-2-300x240-1.jpg\"><img loading=\"lazy\" decoding=\"async\" width=\"300\" height=\"240\" src=\"https:\/\/www.lupuscanada.org\/wp-content\/uploads\/2024\/04\/Abby-Charles-Headshot-2-300x240-1.jpg\" alt=\"\" class=\"wp-image-5010\"\/><\/a><\/figure>\n\n\n\n<p>Abby Charles, directrice de l\u2019Institut pour l\u2019innovation en sant\u00e9 publique (IPHI), de l\u2019Institut de sant\u00e9 publique de Washington, DC, du Maryland et de la Virginie.<\/p>\n\n\n\n<p>Le 22 juillet 2021, nous avons organis\u00e9 notre sixi\u00e8me webinaire sur l\u2019autorepr\u00e9sentation. Lupus Canada a \u00e9t\u00e9 rejoint par Abby Charles qui a pr\u00e9sent\u00e9 \u00ab Conseils pour \u00eatre votre propre meilleur d\u00e9fenseur&#8230; Exp\u00e9rience v\u00e9cue avec Abby Charles \u00bb. Un enregistrement vid\u00e9o du webinaire est disponible ci-dessous.<\/p>\n\n\n\n<p>Abby Charles est une guerri\u00e8re du lupus qui est directrice de l\u2019Institute for Public Health Innovation (IPHI), l\u2019institut de sant\u00e9 publique de Washington, DC, du Maryland et de la Virginie. \u00c0 ce titre, Mme Charles travaille avec une vari\u00e9t\u00e9 de secteurs et d\u2019intervenants, notamment des \u00e9lus, des minist\u00e8res de la Sant\u00e9, des organismes de planification, des organismes communautaires et d\u2019autres intervenants cl\u00e9s, afin de concevoir et de mettre en \u0153uvre des politiques, des syst\u00e8mes et des changements environnementaux visant \u00e0 am\u00e9liorer la sant\u00e9 publique.<\/p>\n\n\n\n<p>Forte de plus de 15 ans d\u2019exp\u00e9rience en tant que praticienne de la sant\u00e9 publique, Mme Charles fournit son expertise et sa supervision \u00e0 un vaste portefeuille de programmes ax\u00e9s sur l\u2019\u00e9quit\u00e9 en sant\u00e9, y compris le d\u00e9veloppement de la main-d\u2019\u0153uvre en sant\u00e9 publique \u00e0 la base, les initiatives des agents de sant\u00e9 communautaires, la formation et l\u2019assistance technique pour promouvoir des communaut\u00e9s racialement \u00e9quitables, la sant\u00e9 dans toutes les strat\u00e9gies politiques et le d\u00e9veloppement collaboratif multisectoriel pour r\u00e9aliser la transformation de la sant\u00e9 publique.<\/p>\n\n\n\n<p>Conf\u00e9renci\u00e8re, formatrice et animatrice dynamique, Mme Charles offre des ateliers et de l\u2019assistance technique \u00e0 des organisations et \u00e0 des coalitions partout aux \u00c9tats-Unis afin de mettre en lumi\u00e8re l\u2019impact historique et actuel du racisme structurel et d\u2019autres formes d\u2019oppression sur les in\u00e9galit\u00e9s en mati\u00e8re de sant\u00e9 entre les populations et les communaut\u00e9s, ainsi que l\u2019impact interconnect\u00e9 des d\u00e9terminants sociaux et structurels de la sant\u00e9 (\u00e9ducation,  le logement, le transport, l\u2019endroit o\u00f9 les gens vivent) sur les r\u00e9sultats en mati\u00e8re de sant\u00e9 de la population. Ces ateliers offrent des outils pour am\u00e9liorer la sant\u00e9 et l\u2019\u00e9quit\u00e9 raciale dans les politiques, les syst\u00e8mes, les environnements, les pratiques et la prise de d\u00e9cisions.<\/p>\n\n\n\n<p>Avant d\u2019occuper son poste \u00e0 l\u2019IPHI, Mme Charles a occup\u00e9 le poste de coordonnatrice de programme au Women\u2019s Collective, une organisation reconnue \u00e0 l\u2019\u00e9chelle nationale qui fournit des services de soins, de pr\u00e9vention et de d\u00e9fense des droits aux femmes, aux filles et \u00e0 leurs familles vivant avec le VIH et \u00e0 risque de le contracter dans la r\u00e9gion m\u00e9tropolitaine de Washington. \u00c0 TWC, Mme Charles a acquis son exp\u00e9rience dans les domaines de la navigation par les pairs, de la sant\u00e9 des femmes, de la violence fond\u00e9e sur le sexe et du VIH.<\/p>\n\n\n\n<p>Mme Charles est nomm\u00e9e instructrice adjointe en recherche clinique et en leadership \u00e0 l\u2019\u00c9cole de m\u00e9decine et des sciences de la sant\u00e9 de l\u2019Universit\u00e9 George Washington. Elle est titulaire d\u2019un baccalaur\u00e9at \u00e8s sciences en sciences de l\u2019environnement de l\u2019Universit\u00e9 George Washington et d\u2019une ma\u00eetrise en sant\u00e9 publique en sant\u00e9 publique. Elle si\u00e8ge actuellement \u00e0 la Commission du maire de Washington, DC, sur les affaires communautaires des Cara\u00efbes, au conseil d\u2019administration de The Well Project, \u00e0 l\u2019Association des anciens \u00e9l\u00e8ves du lyc\u00e9e Bishop Anstey de Washington, DC, aux conseils consultatifs communautaires du DC Center for AIDS Research et du GW Cancer Center, et est pr\u00e9sidente par int\u00e9rim du Trinidad and Tobago Diaspora Association Network.<\/p>\n\n\n\n<p><\/p>\n\n\n\n<figure class=\"wp-block-embed is-type-video is-provider-youtube wp-block-embed-youtube wp-embed-aspect-16-9 wp-has-aspect-ratio\"><div class=\"wp-block-embed__wrapper\">\n<iframe loading=\"lazy\" title=\"Tips For Being Your Own Best Advocate\u2026Lived Experience With Abby Charles\" width=\"1080\" height=\"608\" src=\"https:\/\/www.youtube.com\/embed\/wfbPP5SDUEE?feature=oembed\"  allow=\"accelerometer; autoplay; clipboard-write; encrypted-media; gyroscope; picture-in-picture; web-share\" referrerpolicy=\"strict-origin-when-cross-origin\" allowfullscreen><\/iframe>\n<\/div><\/figure>\n<\/details>\n\n<p><\/p>\n\n<details class=\"wp-block-details is-layout-flow wp-block-details-is-layout-flow\"><summary>Lupus et nutrition<\/summary>\n<p><\/p>\n\n\n\n<figure class=\"wp-block-image size-full\"><a href=\"https:\/\/www.lupuscanada.org\/wp-content\/uploads\/2024\/04\/Headshot-Melissa-Hemphill-284x300-1.jpg\"><img loading=\"lazy\" decoding=\"async\" width=\"284\" height=\"300\" src=\"https:\/\/www.lupuscanada.org\/wp-content\/uploads\/2024\/04\/Headshot-Melissa-Hemphill-284x300-1.jpg\" alt=\"\" class=\"wp-image-5011\"\/><\/a><\/figure>\n\n\n\n<p>Melissa Hemphill, nutritionniste holistique<\/p>\n\n\n\n<p>Notre cinqui\u00e8me webinaire sur l\u2019autonomie sociale a eu lieu le 10 juin 2021. Notre conf\u00e9renci\u00e8re invit\u00e9e, Melissa Hemphill, nutritionniste holistique, a discut\u00e9 du lupus et de la nutrition. Pour une copie de la pr\u00e9sentation de Melissa, veuillez cliquer <a href=\"https:\/\/www.lupuscanada.org\/wp-content\/uploads\/Lupus-Nutrition-Presentation.pdf\">ici<\/a>. Un enregistrement vid\u00e9o du webinaire est disponible ci-dessous.<\/p>\n\n\n\n<p>Les passions de Melissa sont li\u00e9es \u00e0 la nourriture. Titulaire d\u2019un dipl\u00f4me en biochimie de l\u2019Universit\u00e9 de Guelph, Melissa a poursuivi des \u00e9tudes en nutrition naturelle et a d\u00e9velopp\u00e9 une carri\u00e8re en tant que nutritionniste holistique. En apprenant tout ce qu\u2019elle a fait sur l\u2019importance de nourrir notre corps avec le bon carburant, il est devenu de plus en plus \u00e9vident que c\u2019est notre syst\u00e8me alimentaire qui nous m\u00e8ne \u00e0 la maladie.<\/p>\n\n\n\n<p><br\/>Apr\u00e8s avoir d\u00e9m\u00e9nag\u00e9 \u00e0 Revelstoke en 2006, Melissa s\u2019est impliqu\u00e9e aupr\u00e8s de la North Columbia Environmental Society et a contribu\u00e9 \u00e0 la cr\u00e9ation du premier jardin communautaire par l\u2019entremise de ce qui \u00e9tait alors un comit\u00e9 du NCES appel\u00e9 Local Food Initiative. Melissa a \u00e9t\u00e9 membre et pr\u00e9sidente de ce comit\u00e9, puis a cr\u00e9\u00e9 le poste de coordonnatrice en 2014 et l\u2019a occup\u00e9 pendant 18 mois. Elle a contribu\u00e9 \u00e0 la cr\u00e9ation de la Revelstoke Local Food Initiative en tant que soci\u00e9t\u00e9 \u00e0 part enti\u00e8re et continue d\u2019occuper un poste de membre du conseil d\u2019administration. Melissa est actuellement coordonnatrice de la s\u00e9curit\u00e9 alimentaire \u00e0 la Community Connections (Revelstoke) Society et travaille \u00e0 la mise en \u0153uvre des recommandations de la Strat\u00e9gie de s\u00e9curit\u00e9 alimentaire de Revelstoke afin de faire de Revelstoke une communaut\u00e9 plus s\u00fbre sur le plan alimentaire.<\/p>\n\n\n\n<p><\/p>\n\n\n\n<figure class=\"wp-block-embed is-type-video is-provider-youtube wp-block-embed-youtube wp-embed-aspect-16-9 wp-has-aspect-ratio\"><div class=\"wp-block-embed__wrapper\">\n<iframe loading=\"lazy\" title=\"Lupus and Nutrition\" width=\"1080\" height=\"608\" src=\"https:\/\/www.youtube.com\/embed\/o5ajq0x-w04?feature=oembed\"  allow=\"accelerometer; autoplay; clipboard-write; encrypted-media; gyroscope; picture-in-picture; web-share\" referrerpolicy=\"strict-origin-when-cross-origin\" allowfullscreen><\/iframe>\n<\/div><\/figure>\n<\/details>\n\n<p><\/p>\n\n<details class=\"wp-block-details is-layout-flow wp-block-details-is-layout-flow\"><summary>Sensibilisation au lupus avec la ministre Hajdu<\/summary>\n<p><\/p>\n\n\n\n<figure class=\"wp-block-image size-full\"><a href=\"https:\/\/www.lupuscanada.org\/wp-content\/uploads\/2024\/04\/Honourable-Minister-Patty-Hadju-200x300-1.jpg\"><img loading=\"lazy\" decoding=\"async\" width=\"200\" height=\"300\" src=\"https:\/\/www.lupuscanada.org\/wp-content\/uploads\/2024\/04\/Honourable-Minister-Patty-Hadju-200x300-1.jpg\" alt=\"\" class=\"wp-image-5066\"\/><\/a><\/figure>\n\n\n\n<p>Patty Hajdu Official Portrait\/ Portrait officiel Ottawa, ONTARIO, Canada le 03 d\u00e9cembre 2019. \u00a9 HOC-CDC Cr\u00e9dit : M\u00e9lanie Provencher, Services photo de la Chambre des communes<\/p>\n\n\n\n<p>Lupus Canada tient \u00e0 remercier la ministre Patty Hajdu d\u2019avoir pris le temps de s\u2019entretenir avec nous le 20 mai 2021 lors de notre webinaire sur l\u2019autorepr\u00e9sentation du Mois de la sensibilisation au lupus. Un enregistrement vid\u00e9o du webinaire est disponible ci-dessous.<\/p>\n\n\n\n<p>Ministre de la Sant\u00e9<br\/>Lieu : Thunder Bay\u2014Sup\u00e9rieur-Nord<\/p>\n\n\n\n<p>L\u2019honorable Patty Hajdu a \u00e9t\u00e9 \u00e9lue pour la premi\u00e8re fois d\u00e9put\u00e9e de Thunder Bay\u2014Sup\u00e9rieur-Nord en 2015.<\/p>\n\n\n\n<p>La ministre Hajdu est une ardente d\u00e9fenseure des droits des femmes, de l\u2019emploi des jeunes et du logement abordable.<\/p>\n\n\n\n<p>Avant de se lancer en politique, la ministre Hajdu a \u00e9t\u00e9 directrice g\u00e9n\u00e9rale de Shelter House Thunder Bay et coauteure de la Strat\u00e9gie antidrogue de Thunder Bay. Elle a \u00e9galement travaill\u00e9 dans le domaine de la sant\u00e9 publique et s\u2019est concentr\u00e9e sur les politiques en mati\u00e8re de drogues, le d\u00e9veloppement des jeunes et l\u2019itin\u00e9rance.<\/p>\n\n\n\n<p>Elle est une d\u00e9fenseure compatissante de Thunder Bay\u2014Sup\u00e9rieur-Nord et de l\u2019ensemble du Canada, convaincue qu\u2019un pays plus inclusif profite \u00e0 tous. En tant que d\u00e9put\u00e9e, elle demeure fermement d\u00e9termin\u00e9e \u00e0 faire en sorte que chaque Canadien ait une chance \u00e9gale de r\u00e9ussir.<\/p>\n\n\n\n<p>La ministre Hajdu est dipl\u00f4m\u00e9e de l\u2019Universit\u00e9 Lakehead et titulaire d\u2019une ma\u00eetrise en administration publique de l\u2019Universit\u00e9 de Victoria.<\/p>\n\n\n\n<p><em>Source : <a href=\"https:\/\/pm.gc.ca\/en\/cabinet\/honourable-patty-hajdu\" target=\"_blank\" rel=\"noopener\">https:\/\/pm.gc.ca\/en\/cabinet\/honourable-patty-hajdu<\/a><\/em><\/p>\n\n\n\n<p><\/p>\n\n\n\n<figure class=\"wp-block-embed is-type-video is-provider-youtube wp-block-embed-youtube wp-embed-aspect-16-9 wp-has-aspect-ratio\"><div class=\"wp-block-embed__wrapper\">\n<iframe loading=\"lazy\" title=\"Self-Advocacy Webinar with Minister Hajdu\" width=\"1080\" height=\"608\" src=\"https:\/\/www.youtube.com\/embed\/vtHCi2vpPPs?feature=oembed\"  allow=\"accelerometer; autoplay; clipboard-write; encrypted-media; gyroscope; picture-in-picture; web-share\" referrerpolicy=\"strict-origin-when-cross-origin\" allowfullscreen><\/iframe>\n<\/div><\/figure>\n<\/details>\n\n<p><\/p>\n\n<details class=\"wp-block-details is-layout-flow wp-block-details-is-layout-flow\"><summary>Sant\u00e9 mentale et lupus<\/summary>\n<p><\/p>\n\n\n\n<figure class=\"wp-block-image size-full is-resized\"><a href=\"https:\/\/www.lupuscanada.org\/wp-content\/uploads\/2024\/04\/Janice-LeBlanc-Photo-150x150-1.png\"><img loading=\"lazy\" decoding=\"async\" width=\"150\" height=\"150\" src=\"https:\/\/www.lupuscanada.org\/wp-content\/uploads\/2024\/04\/Janice-LeBlanc-Photo-150x150-1.png\" alt=\"\" class=\"wp-image-4981\" style=\"width:236px;height:auto\" srcset=\"https:\/\/www.lupuscanada.org\/wp-content\/uploads\/2024\/04\/Janice-LeBlanc-Photo-150x150-1.png 150w, https:\/\/www.lupuscanada.org\/wp-content\/uploads\/2024\/04\/Janice-LeBlanc-Photo-150x150-1-100x100.png 100w\" sizes=\"(max-width: 150px) 100vw, 150px\" \/><\/a><\/figure>\n\n\n\n<p>Janice LeBlanc \u2013 Psychoth\u00e9rapeute agr\u00e9\u00e9e, art-th\u00e9rapeute agr\u00e9\u00e9e, sp\u00e9cialiste certifi\u00e9e en traumatologie et r\u00e9silience, th\u00e9rapeute EMDR<\/p>\n\n\n\n<p>Notre troisi\u00e8me webinaire de plaidoyer \u2013 Sant\u00e9 mentale et lupus \u2013 a eu lieu le 29 avril 2021. Janice LeBlanc, psychoth\u00e9rapeute agr\u00e9\u00e9e, a abord\u00e9 des sujets tels que \u00ab Comment le lupus peut avoir un impact sur la sant\u00e9 mentale \u00bb, \u00ab Quelles sont les aides et\/ou les programmes disponibles \u00bb, \u00ab Comment un patient atteint de lupus pourrait-il d\u00e9fendre ses int\u00e9r\u00eats ou ceux d\u2019un proche atteint de lupus pour s\u2019assurer d\u2019obtenir l\u2019aide dont il a besoin \u00bb et \u00ab Strat\u00e9gies d\u2019adaptation \u2013 comment s\u2019aider soi-m\u00eame \u00bb. Un enregistrement vid\u00e9o du webinaire est disponible ci-dessous.<\/p>\n\n\n\n<p>Janice a plus de 20 ans d\u2019exp\u00e9rience clinique aupr\u00e8s de personnes qui ont subi des traumatismes et des abus dans l\u2019enfance, des accidents de la route et de la violence familiale, ainsi que des personnes aux prises avec des probl\u00e8mes de sant\u00e9 mentale tels que le SSPT, la d\u00e9pression et l\u2019anxi\u00e9t\u00e9. Actuellement en pratique priv\u00e9e, elle offre un soutien continu aux premiers r\u00e9pondants et \u00e0 leurs familles. Elle poss\u00e8de une vaste exp\u00e9rience de travail avec des personnes ayant des besoins sp\u00e9ciaux tels que le TDAH, les troubles d\u2019apprentissage et les troubles du spectre de l\u2019autisme. Janice a une formation sp\u00e9cialis\u00e9e en art-th\u00e9rapie, en th\u00e9rapie EMDR, en th\u00e9rapie cognitivo-comportementale, en th\u00e9rapie de traitement cognitif et est une conf\u00e9renci\u00e8re nationale sur les soins personnels pour les professionnels, l\u2019anxi\u00e9t\u00e9 chez les enfants et les jeunes et la gestion des maladies chroniques. Elle travaille avec tous les milieux, y compris les enfants, les jeunes, les adultes et les personnes \u00e2g\u00e9es, et est \u00e9galement une \u00e9ducatrice secondaire \u00e0 la retraite.<\/p>\n\n\n\n<p><\/p>\n\n\n\n<figure class=\"wp-block-embed is-type-video is-provider-youtube wp-block-embed-youtube wp-embed-aspect-16-9 wp-has-aspect-ratio\"><div class=\"wp-block-embed__wrapper\">\n<iframe loading=\"lazy\" title=\"Advocacy Webinar: Mental Health and Lupus\" width=\"1080\" height=\"608\" src=\"https:\/\/www.youtube.com\/embed\/jqKLUOCQa1I?feature=oembed\"  allow=\"accelerometer; autoplay; clipboard-write; encrypted-media; gyroscope; picture-in-picture; web-share\" referrerpolicy=\"strict-origin-when-cross-origin\" allowfullscreen><\/iframe>\n<\/div><\/figure>\n<\/details>\n\n<p><\/p>\n\n<details class=\"wp-block-details is-layout-flow wp-block-details-is-layout-flow\"><summary>G\u00e9rer vos finances<\/summary>\n<p><\/p>\n\n\n\n<p>Le webinaire \u00ab G\u00e9rer ses finances en vivant avec le lupus \u00bb a eu lieu le 18 mars 2021. Notre conf\u00e9rencier invit\u00e9, Vikas Tiwari, tr\u00e9sorier de Lupus Canada, est un professionnel chevronn\u00e9 de la gestion de patrimoine et g\u00e8re actuellement une pratique ind\u00e9pendante de services-conseils en gestion de patrimoine aupr\u00e8s de clients bas\u00e9s partout en Am\u00e9rique du Nord. Il a \u00e9tabli ses bases \u00e9ducatives avec un baccalaur\u00e9at en \u00e9conomie et les a perfectionn\u00e9es en obtenant le titre de gestionnaire de placements agr\u00e9\u00e9 (CIM). Pour obtenir un exemplaire de la trousse d\u2019outils de gestion financi\u00e8re mentionn\u00e9e par M. Vikas dans sa pr\u00e9sentation, veuillez cliquer <a href=\"https:\/\/www.lupuscanada.org\/wp-content\/uploads\/Budget-Checklist_Lupus-Canada-Webinar.pdf\">ici<\/a>. Un enregistrement vid\u00e9o du webinaire est disponible ci-dessous.<\/p>\n\n\n\n<p><\/p>\n\n\n\n<figure class=\"wp-block-embed is-type-video is-provider-youtube wp-block-embed-youtube wp-embed-aspect-16-9 wp-has-aspect-ratio\"><div class=\"wp-block-embed__wrapper\">\n<iframe loading=\"lazy\" title=\"Managing Your Finances\" width=\"1080\" height=\"608\" src=\"https:\/\/www.youtube.com\/embed\/XyUOejOCy1U?feature=oembed\"  allow=\"accelerometer; autoplay; clipboard-write; encrypted-media; gyroscope; picture-in-picture; web-share\" referrerpolicy=\"strict-origin-when-cross-origin\" allowfullscreen><\/iframe>\n<\/div><\/figure>\n<\/details>\n\n<p><\/p>\n\n<details class=\"wp-block-details is-layout-flow wp-block-details-is-layout-flow\"><summary>Plaidoyer 101<\/summary>\n<p><\/p>\n\n\n\n<p>Le webinaire \u00ab Plaidoyer 101 \u00bb a eu lieu le 18 f\u00e9vrier. Notre conf\u00e9rencier invit\u00e9, Thomas Simpson, pr\u00e9sident du comit\u00e9 de d\u00e9fense des int\u00e9r\u00eats de Lupus Canada, a discut\u00e9 de ce qu\u2019est la d\u00e9fense des droits et de la fa\u00e7on de r\u00e9ussir \u00e0 d\u00e9fendre ses propres int\u00e9r\u00eats. Pour une copie de la pr\u00e9sentation de Thomas, veuillez cliquer <a href=\"https:\/\/www.lupuscanada.org\/wp-content\/uploads\/Advocacy-101-February-18-2021.pdf\">ici<\/a>. Un enregistrement vid\u00e9o du webinaire est disponible ci-dessous.<\/p>\n\n\n\n<p><\/p>\n\n\n\n<figure class=\"wp-block-embed is-type-video is-provider-youtube wp-block-embed-youtube wp-embed-aspect-16-9 wp-has-aspect-ratio\"><div class=\"wp-block-embed__wrapper\">\n<iframe loading=\"lazy\" title=\"Advocacy 101\" width=\"1080\" height=\"608\" src=\"https:\/\/www.youtube.com\/embed\/xACZe0kOf_Q?feature=oembed\"  allow=\"accelerometer; autoplay; clipboard-write; encrypted-media; gyroscope; picture-in-picture; web-share\" referrerpolicy=\"strict-origin-when-cross-origin\" allowfullscreen><\/iframe>\n<\/div><\/figure>\n<\/details>\n\n<p><\/p>\n\n<div style=\"height:100px\" aria-hidden=\"true\" class=\"wp-block-spacer\"><\/div>\n\n<h2 class=\"wp-block-heading has-text-align-center\"><strong>Merci \u00e0 nos commanditaires<\/strong><\/h2>\n\n<div class=\"wp-block-columns is-layout-flex wp-container-core-columns-is-layout-9d6595d7 wp-block-columns-is-layout-flex\">\n<div class=\"wp-block-column is-vertically-aligned-center is-layout-flow wp-block-column-is-layout-flow\">\n<figure class=\"wp-block-image aligncenter size-medium\"><a href=\"https:\/\/www.lupuscanada.org\/wp-content\/uploads\/2024\/04\/AstraZeneca-logo.png\"><img loading=\"lazy\" decoding=\"async\" width=\"300\" height=\"73\" src=\"https:\/\/www.lupuscanada.org\/wp-content\/uploads\/2024\/04\/AstraZeneca-logo-300x73.png\" alt=\"\" class=\"wp-image-5067\"\/><\/a><\/figure>\n<\/div>\n\n\n\n<div class=\"wp-block-column is-layout-flow wp-block-column-is-layout-flow\">\n<figure class=\"wp-block-image aligncenter size-medium\"><a href=\"https:\/\/www.lupuscanada.org\/wp-content\/uploads\/2024\/04\/GSK_Logo_Full_Colour_RGB-NEW-2022.png\"><img loading=\"lazy\" decoding=\"async\" width=\"300\" height=\"169\" src=\"https:\/\/www.lupuscanada.org\/wp-content\/uploads\/2024\/04\/GSK_Logo_Full_Colour_RGB-NEW-2022-300x169.png\" alt=\"\" class=\"wp-image-5068\"\/><\/a><\/figure>\n<\/div>\n<\/div>\n","protected":false},"excerpt":{"rendered":"<p>Lupus Canada a le plaisir de pr\u00e9senter les webinaires de sensibilisation \u00e0 la maladie Parlons lupus commandit\u00e9s par AstraZeneca et GSK. Ce programme consiste en une s\u00e9rie de webinaires informatifs et interactifs destin\u00e9s \u00e0 tous les Canadiens touch\u00e9s par le lupus. Chaque mois, nous proposons un nouveau sujet. Suivez-nous sur Facebook, Twitter, Instagram et Linkedin [&hellip;]<\/p>\n","protected":false},"author":1,"featured_media":0,"comment_status":"closed","ping_status":"closed","sticky":false,"template":"","format":"standard","meta":{"_acf_changed":false,"_et_pb_use_builder":"off","_et_pb_old_content":"","_et_gb_content_width":"","footnotes":""},"categories":[92],"tags":[],"topic":[116,119,115,120,117],"audience":[121,123,122,125,124],"class_list":["post-7534","post","type-post","status-publish","format-standard","hentry","category-article-fr","topic-connaissances-medicales","topic-plaidoyer-et-soutien","topic-recherche-et-essais-cliniques","topic-sensibilisation-et-communaute-fr","topic-vie-et-bien-etre","audience-ai-je-le-lupus","audience-j-ai-le-lupus","audience-j-ai-recemment-recu-un-diagnostic","audience-professionnel-de-la-sante","audience-une-personne-a-qui-je-tiens-a-le-lupus"],"acf":[],"_links":{"self":[{"href":"https:\/\/www.lupuscanada.org\/fr\/wp-json\/wp\/v2\/posts\/7534","targetHints":{"allow":["GET"]}}],"collection":[{"href":"https:\/\/www.lupuscanada.org\/fr\/wp-json\/wp\/v2\/posts"}],"about":[{"href":"https:\/\/www.lupuscanada.org\/fr\/wp-json\/wp\/v2\/types\/post"}],"author":[{"embeddable":true,"href":"https:\/\/www.lupuscanada.org\/fr\/wp-json\/wp\/v2\/users\/1"}],"replies":[{"embeddable":true,"href":"https:\/\/www.lupuscanada.org\/fr\/wp-json\/wp\/v2\/comments?post=7534"}],"version-history":[{"count":0,"href":"https:\/\/www.lupuscanada.org\/fr\/wp-json\/wp\/v2\/posts\/7534\/revisions"}],"wp:attachment":[{"href":"https:\/\/www.lupuscanada.org\/fr\/wp-json\/wp\/v2\/media?parent=7534"}],"wp:term":[{"taxonomy":"category","embeddable":true,"href":"https:\/\/www.lupuscanada.org\/fr\/wp-json\/wp\/v2\/categories?post=7534"},{"taxonomy":"post_tag","embeddable":true,"href":"https:\/\/www.lupuscanada.org\/fr\/wp-json\/wp\/v2\/tags?post=7534"},{"taxonomy":"topic","embeddable":true,"href":"https:\/\/www.lupuscanada.org\/fr\/wp-json\/wp\/v2\/topic?post=7534"},{"taxonomy":"audience","embeddable":true,"href":"https:\/\/www.lupuscanada.org\/fr\/wp-json\/wp\/v2\/audience?post=7534"}],"curies":[{"name":"wp","href":"https:\/\/api.w.org\/{rel}","templated":true}]}}