{"id":7497,"date":"2024-04-17T07:28:02","date_gmt":"2024-04-17T07:28:02","guid":{"rendered":"https:\/\/lupus.treefrog.dev\/photosensibilite-protection-solaire-et-lupus\/"},"modified":"2024-05-06T15:39:44","modified_gmt":"2024-05-06T15:39:44","slug":"photosensibilite-protection-solaire-et-lupus","status":"publish","type":"post","link":"https:\/\/www.lupuscanada.org\/fr\/photosensibilite-protection-solaire-et-lupus\/","title":{"rendered":"Photosensibilit\u00e9, protection solaire et lupus"},"content":{"rendered":"\n<p>La photosensibilit\u00e9, ou sensibilit\u00e9 accrue \u00e0 la lumi\u00e8re du soleil, est fr\u00e9quente chez les personnes atteintes de lupus \u00e9ryth\u00e9mateux diss\u00e9min\u00e9, ou lupus. L\u2019exposition au soleil peut provoquer des \u00e9ruptions cutan\u00e9es (y compris l\u2019\u00e9ruption cutan\u00e9e papillon ou malaire) et des l\u00e9sions ou d\u00e9clencher des pouss\u00e9es de la maladie qui pourraient affecter les organes internes, il est donc important de vous prot\u00e9ger. Jusqu\u2019\u00e0 trois quarts des personnes atteintes de lupus sont photosensibles.<\/p>\n\n<h2 class=\"wp-block-heading\"><strong>Pourquoi les personnes atteintes de lupus sont-elles photosensibles\u00a0?<\/strong><\/h2>\n\n<p>Les raisons de la photosensibilit\u00e9 chez les personnes atteintes de lupus ne sont pas claires. Plusieurs \u00e9tudes se sont pench\u00e9es sur le r\u00f4le des diff\u00e9rentes longueurs d\u2019onde de la lumi\u00e8re UV dans le lupus. Les UV sont divis\u00e9s en UVA, UVB et UVC (qui ne nous atteignent pas car ils sont absorb\u00e9s par l\u2019atmosph\u00e8re). Des \u00e9tudes des ann\u00e9es 1960 ont sugg\u00e9r\u00e9 que les UVB \u00e9taient les plus importants dans la photosensibilit\u00e9 du lupus, mais des recherches plus r\u00e9centes montrent que les UVA sont \u00e9galement en partie responsables.<\/p>\n\n<p>On pense que, lorsqu\u2019elles sont expos\u00e9es \u00e0 la lumi\u00e8re du soleil, les prot\u00e9ines des cellules de la peau et le mat\u00e9riel g\u00e9n\u00e9tique tel que l\u2019ADN et l\u2019ARN d\u00e9clenchent une r\u00e9action chez les personnes g\u00e9n\u00e9tiquement pr\u00e9dispos\u00e9es. La lumi\u00e8re UV am\u00e8ne les cellules de la peau \u00e0 exprimer des prot\u00e9ines particuli\u00e8res \u00e0 leur surface. Ces prot\u00e9ines, dont une connue sous le nom de \u00ab Ro \u00bb, peuvent \u00eatre la cible d\u2019anticorps qui s\u2019y accrochent. On pense que les anticorps attach\u00e9s attirent les globules blancs, qui attaquent les cellules de la peau. Cela entra\u00eene une inflammation et provoque une \u00e9ruption cutan\u00e9e. Normalement, les cellules endommag\u00e9es meurent naturellement par un processus appel\u00e9 \u00ab mort cellulaire programm\u00e9e \u00bb ou \u00ab apoptose \u00bb. Le corps se d\u00e9barrasse alors des cellules mortes. Dans le lupus, cette mort cellulaire dans la peau semble se produire trop fr\u00e9quemment, ce qui peut provoquer plus d\u2019inflammation.<\/p>\n\n<p>Un autre facteur possible qui conduit \u00e0 une \u00e9ruption cutan\u00e9e chez les personnes atteintes de lupus sont les substances produites dans la peau apr\u00e8s l\u2019exposition au soleil qui favorisent l\u2019inflammation et les rougeurs. Les chercheurs s\u2019efforcent de trouver les raisons de ces r\u00e9actions anormales.<\/p>\n\n<h2 class=\"wp-block-heading\"><strong>Quels types de probl\u00e8mes de peau pourraient survenir\u00a0?<\/strong><\/h2>\n\n<p>L\u2019exposition au soleil peut provoquer diff\u00e9rents types d\u2019\u00e9ruptions cutan\u00e9es chez les personnes atteintes de lupus. L\u2019un d\u2019eux est le lupus \u00e9ryth\u00e9mateux cutan\u00e9 aigu (LCA), mieux connu sous le nom d\u2019\u00e9ruption cutan\u00e9e papillon ou malaire qui appara\u00eet sur le visage, \u00e0 travers l\u2019ar\u00eate du nez. Il gu\u00e9rit g\u00e9n\u00e9ralement en quelques semaines sans laisser de cicatrices.<\/p>\n\n<p>Un autre type est le lupus \u00e9ryth\u00e9mateux disco\u00efde (DLE), qui se pr\u00e9sente sous la forme de l\u00e9sions en forme de disque sur la peau qui a \u00e9t\u00e9 expos\u00e9e au soleil. Ils se d\u00e9veloppent lentement et peuvent prendre des mois \u00e0 gu\u00e9rir. Ils peuvent laisser des cicatrices.<\/p>\n\n<p>Le lupus \u00e9ryth\u00e9mateux subaigu (LECS) se pr\u00e9sente sous la forme de cercles rouges sur les bras, la poitrine et le dos. Il peut sembler squameux, comme le psoriasis, et gu\u00e9rir en semaines ou en mois. Cela peut se reproduire avec plus d\u2019exposition au soleil. (Notez que le DLE et le SCLE peuvent \u00e9galement survenir chez les personnes qui n\u2019ont pas de lupus syst\u00e9mique.)<\/p>\n\n<h2 class=\"wp-block-heading\"><strong>Comment se prot\u00e9ger du soleil :<\/strong><\/h2>\n\n<p>Portez un chapeau \u00e0 larges bords et des v\u00eatements \u00e0 tissage serr\u00e9, y compris une chemise \u00e0 manches longues et un pantalon long. Pensez \u00e0 acheter des v\u00eatements sp\u00e9ciaux de protection solaire si vous \u00eates tr\u00e8s sensible. Il existe aujourd\u2019hui de nombreuses options de v\u00eatements de protection solaire qui sont \u00e0 la fois \u00e9l\u00e9gants et fonctionnels pour r\u00e9duire l\u2019exposition au soleil. Pensez \u00e9galement \u00e0 acheter des lunettes de soleil qui sont \u00e0 la fois polaris\u00e9es pour aider \u00e0 r\u00e9duire l\u2019\u00e9blouissement et la luminosit\u00e9 pour les yeux sensibles et qui peuvent bloquer les rayons UVA et UVB.<\/p>\n\n<p>Utilisez un \u00e9cran solaire avec un facteur de protection solaire (FPS) d\u2019au moins 15 sur toute peau expos\u00e9e. Assurez-vous qu\u2019il s\u2019agit d\u2019un \u00e9cran solaire \u00e0 large spectre (il doit avoir une protection contre les UVA et les UVB). Appliquer g\u00e9n\u00e9reusement 15 \u00e0 30 minutes avant de sortir. Renouvelez l\u2019application apr\u00e8s une activit\u00e9 vigoureuse, comme la natation, l\u2019essuyage ou la transpiration et les frottements excessifs, m\u00eame si l\u2019\u00e9tiquette de l\u2019\u00e9cran solaire indique qu\u2019il est \u00ab r\u00e9sistant \u00e0 l\u2019eau \u00bb ou \u00ab imperm\u00e9able \u00bb.<\/p>\n\n<p>\u00c9vitez de sortir sans protection, surtout entre 11 h et 16 h pendant les mois d\u2019\u00e9t\u00e9. Dans la mesure du possible, restez \u00e0 l\u2019ombre.<\/p>\n\n<p>N\u2019utilisez pas de lampes solaires ou de lits de bronzage. Il n\u2019existe pas de \u00ab bronzage s\u00fbr \u00bb ou de \u00ab bronzage de base \u00bb.<\/p>\n\n<p>Les personnes tr\u00e8s sensibles aux rayons UV peuvent \u00e9viter d\u2019utiliser des lampes fluorescentes et utiliser des photocopieurs avec le couvercle ferm\u00e9. Les fen\u00eatres de votre maison et de votre voiture ne filtrent pas les rayons UV. Pour les longs trajets en voiture, vous pouvez envisager de porter de la cr\u00e8me solaire et des v\u00eatements de protection si vous \u00eates expos\u00e9 au soleil.<\/p>\n\n<p>Certains m\u00e9dicaments augmentent les effets du soleil sur le corps. Les personnes atteintes de lupus qui prennent ces m\u00e9dicaments, y compris les antibiotiques t\u00e9tracyclines et bien d\u2019autres, peuvent br\u00fbler tr\u00e8s facilement \u2013 c\u2019est ce qu\u2019on appelle une r\u00e9action \u00ab phototoxique \u00bb. V\u00e9rifiez aupr\u00e8s de votre m\u00e9decin ou de votre pharmacien si vous devez porter une protection solaire suppl\u00e9mentaire pendant que vous prenez ces m\u00e9dicaments.<\/p>\n\n<h2 class=\"wp-block-heading\"><strong>Conseils rapides<\/strong><\/h2>\n\n<p>\u2022 Enfilez une chemise ou d\u2019autres v\u00eatements \u00e0 l\u2019abri du soleil<\/p>\n\n<p>\u2022 Appliquez la cr\u00e8me solaire<\/p>\n\n<p>\u2022 Enfilez un chapeau \u2013 avec un joli bord large<\/p>\n\n<p>\u2022 Glissez sur les \u00ab\u00a0stores\u00a0\u00bb<\/p>\n\n<p>\u2022 Passez le soleil pendant les heures d\u2019ensoleillement intense de la journ\u00e9e<\/p>\n","protected":false},"excerpt":{"rendered":"<p>La photosensibilit\u00e9, ou sensibilit\u00e9 accrue \u00e0 la lumi\u00e8re du soleil, est fr\u00e9quente chez les personnes atteintes de lupus \u00e9ryth\u00e9mateux diss\u00e9min\u00e9, ou lupus. L\u2019exposition au soleil peut provoquer des \u00e9ruptions cutan\u00e9es (y compris l\u2019\u00e9ruption cutan\u00e9e papillon ou malaire) et des l\u00e9sions ou d\u00e9clencher des pouss\u00e9es de la maladie qui pourraient affecter les organes internes, il est [&hellip;]<\/p>\n","protected":false},"author":1,"featured_media":0,"comment_status":"closed","ping_status":"closed","sticky":false,"template":"","format":"standard","meta":{"_acf_changed":false,"_et_pb_use_builder":"off","_et_pb_old_content":"","_et_gb_content_width":"","footnotes":""},"categories":[92],"tags":[],"topic":[116,117],"audience":[121,123,122,125,124],"class_list":["post-7497","post","type-post","status-publish","format-standard","hentry","category-article-fr","topic-connaissances-medicales","topic-vie-et-bien-etre","audience-ai-je-le-lupus","audience-j-ai-le-lupus","audience-j-ai-recemment-recu-un-diagnostic","audience-professionnel-de-la-sante","audience-une-personne-a-qui-je-tiens-a-le-lupus"],"acf":[],"_links":{"self":[{"href":"https:\/\/www.lupuscanada.org\/fr\/wp-json\/wp\/v2\/posts\/7497","targetHints":{"allow":["GET"]}}],"collection":[{"href":"https:\/\/www.lupuscanada.org\/fr\/wp-json\/wp\/v2\/posts"}],"about":[{"href":"https:\/\/www.lupuscanada.org\/fr\/wp-json\/wp\/v2\/types\/post"}],"author":[{"embeddable":true,"href":"https:\/\/www.lupuscanada.org\/fr\/wp-json\/wp\/v2\/users\/1"}],"replies":[{"embeddable":true,"href":"https:\/\/www.lupuscanada.org\/fr\/wp-json\/wp\/v2\/comments?post=7497"}],"version-history":[{"count":0,"href":"https:\/\/www.lupuscanada.org\/fr\/wp-json\/wp\/v2\/posts\/7497\/revisions"}],"wp:attachment":[{"href":"https:\/\/www.lupuscanada.org\/fr\/wp-json\/wp\/v2\/media?parent=7497"}],"wp:term":[{"taxonomy":"category","embeddable":true,"href":"https:\/\/www.lupuscanada.org\/fr\/wp-json\/wp\/v2\/categories?post=7497"},{"taxonomy":"post_tag","embeddable":true,"href":"https:\/\/www.lupuscanada.org\/fr\/wp-json\/wp\/v2\/tags?post=7497"},{"taxonomy":"topic","embeddable":true,"href":"https:\/\/www.lupuscanada.org\/fr\/wp-json\/wp\/v2\/topic?post=7497"},{"taxonomy":"audience","embeddable":true,"href":"https:\/\/www.lupuscanada.org\/fr\/wp-json\/wp\/v2\/audience?post=7497"}],"curies":[{"name":"wp","href":"https:\/\/api.w.org\/{rel}","templated":true}]}}