{"id":6855,"date":"2024-04-19T06:46:40","date_gmt":"2024-04-19T06:46:40","guid":{"rendered":"https:\/\/lupus.treefrog.dev\/le-reseau-canadien-de-defense-des-droits-des-personnes-immunodeprimees-rcia-defendre-les-interets-des-personnes-immunodeprimees-partout-au-canada\/"},"modified":"2024-05-06T15:39:23","modified_gmt":"2024-05-06T15:39:23","slug":"le-reseau-canadien-de-defense-des-droits-des-personnes-immunodeprimees-rcia-defendre-les-interets-des-personnes-immunodeprimees-partout-au-canada","status":"publish","type":"post","link":"https:\/\/www.lupuscanada.org\/fr\/le-reseau-canadien-de-defense-des-droits-des-personnes-immunodeprimees-rcia-defendre-les-interets-des-personnes-immunodeprimees-partout-au-canada\/","title":{"rendered":"Le R\u00e9seau canadien de d\u00e9fense des droits des personnes immunod\u00e9prim\u00e9es (RCIA) \u2013 D\u00e9fendre les int\u00e9r\u00eats des personnes immunod\u00e9prim\u00e9es partout au Canada"},"content":{"rendered":"\n<p><em>Le 15 f\u00e9vrier 2024<\/em> \u2013 Lupus Canada a l\u2019honneur d\u2019\u00eatre membre du groupe de l\u2019ICAN. Ensemble, notre objectif est de prot\u00e9ger un plus grand nombre de Canadiens afin d\u2019am\u00e9liorer la qualit\u00e9 de vie et de r\u00e9duire consid\u00e9rablement le nombre d\u2019hospitalisations chez les personnes vuln\u00e9rables.<\/p>\n\n<p>\u00c0 la page 60 de l\u2019\u00e9dition de f\u00e9vrier 2024 du <strong>\n  <a class=\"\" href=\"https:\/\/issuu.com\/healcanada\/docs\/issue_2_of_heal_canada_pa_magazine_final_cap\" target=\"_blank\" rel=\"noreferrer noopener\">magazine num\u00e9rique Heal Canada<\/a>\n<\/strong>, vous trouverez un article sur l\u2019ICAN dans la section \u00ab Pleins feux sur le plaidoyer \u00bb.<\/p>\n","protected":false},"excerpt":{"rendered":"<p>Le 15 f\u00e9vrier 2024 \u2013 Lupus Canada a l\u2019honneur d\u2019\u00eatre membre du groupe de l\u2019ICAN. Ensemble, notre objectif est de prot\u00e9ger un plus grand nombre de Canadiens afin d\u2019am\u00e9liorer la qualit\u00e9 de vie et de r\u00e9duire consid\u00e9rablement le nombre d\u2019hospitalisations chez les personnes vuln\u00e9rables. \u00c0 la page 60 de l\u2019\u00e9dition de f\u00e9vrier 2024 du magazine [&hellip;]<\/p>\n","protected":false},"author":1,"featured_media":0,"comment_status":"closed","ping_status":"closed","sticky":false,"template":"","format":"standard","meta":{"_acf_changed":false,"_et_pb_use_builder":"off","_et_pb_old_content":"","_et_gb_content_width":"","footnotes":""},"categories":[92],"tags":[],"topic":[113,119,115,120],"audience":[123,126,124],"class_list":["post-6855","post","type-post","status-publish","format-standard","hentry","category-article-fr","topic-nouvelles-et-evenements","topic-plaidoyer-et-soutien","topic-recherche-et-essais-cliniques","topic-sensibilisation-et-communaute-fr","audience-j-ai-le-lupus","audience-je-veux-plaider","audience-une-personne-a-qui-je-tiens-a-le-lupus"],"acf":[],"_links":{"self":[{"href":"https:\/\/www.lupuscanada.org\/fr\/wp-json\/wp\/v2\/posts\/6855","targetHints":{"allow":["GET"]}}],"collection":[{"href":"https:\/\/www.lupuscanada.org\/fr\/wp-json\/wp\/v2\/posts"}],"about":[{"href":"https:\/\/www.lupuscanada.org\/fr\/wp-json\/wp\/v2\/types\/post"}],"author":[{"embeddable":true,"href":"https:\/\/www.lupuscanada.org\/fr\/wp-json\/wp\/v2\/users\/1"}],"replies":[{"embeddable":true,"href":"https:\/\/www.lupuscanada.org\/fr\/wp-json\/wp\/v2\/comments?post=6855"}],"version-history":[{"count":0,"href":"https:\/\/www.lupuscanada.org\/fr\/wp-json\/wp\/v2\/posts\/6855\/revisions"}],"wp:attachment":[{"href":"https:\/\/www.lupuscanada.org\/fr\/wp-json\/wp\/v2\/media?parent=6855"}],"wp:term":[{"taxonomy":"category","embeddable":true,"href":"https:\/\/www.lupuscanada.org\/fr\/wp-json\/wp\/v2\/categories?post=6855"},{"taxonomy":"post_tag","embeddable":true,"href":"https:\/\/www.lupuscanada.org\/fr\/wp-json\/wp\/v2\/tags?post=6855"},{"taxonomy":"topic","embeddable":true,"href":"https:\/\/www.lupuscanada.org\/fr\/wp-json\/wp\/v2\/topic?post=6855"},{"taxonomy":"audience","embeddable":true,"href":"https:\/\/www.lupuscanada.org\/fr\/wp-json\/wp\/v2\/audience?post=6855"}],"curies":[{"name":"wp","href":"https:\/\/api.w.org\/{rel}","templated":true}]}}