{"id":6698,"date":"2024-04-19T10:00:46","date_gmt":"2024-04-19T10:00:46","guid":{"rendered":"https:\/\/lupus.treefrog.dev\/reponse-rapide-du-comite-consultatif-national-de-limmunisation-ccni-dose-supplementaire-de-vaccin-contre-la-covid-19-chez-les-personnes-immunodeprimees-apres-une-serie-primaire-de-1-ou-2\/"},"modified":"2024-05-06T15:36:25","modified_gmt":"2024-05-06T15:36:25","slug":"reponse-rapide-du-comite-consultatif-national-de-limmunisation-ccni-dose-supplementaire-de-vaccin-contre-la-covid-19-chez-les-personnes-immunodeprimees-apres-une-serie-primaire-de-1-ou-2","status":"publish","type":"post","link":"https:\/\/www.lupuscanada.org\/fr\/reponse-rapide-du-comite-consultatif-national-de-limmunisation-ccni-dose-supplementaire-de-vaccin-contre-la-covid-19-chez-les-personnes-immunodeprimees-apres-une-serie-primaire-de-1-ou-2\/","title":{"rendered":"R\u00c9PONSE RAPIDE DU COMIT\u00c9 CONSULTATIF NATIONAL DE L\u2019IMMUNISATION (CCNI) : DOSE SUPPL\u00c9MENTAIRE DE VACCIN CONTRE LA COVID-19 CHEZ LES PERSONNES IMMUNOD\u00c9PRIM\u00c9ES APR\u00c8S UNE S\u00c9RIE PRIMAIRE DE 1 OU 2 DOSES"},"content":{"rendered":"\n<p>Veuillez consulter <a href=\"https:\/\/www.canada.ca\/en\/public-health\/services\/immunization\/national-advisory-committee-on-immunization-naci\/statement-september-10-2021-additional-dose-covid-19-vaccine-immunocompromised-following-1-2-dose-series.html\" target=\"_blank\" rel=\"noopener\">https:\/\/www.canada.ca\/en\/public-health\/services\/immunization\/national-advisory-committee-on-immunization-naci\/statement-september-10-2021-additional-dose-covid-19-vaccine-immunocompromised-following-1-2-dose-series.html<\/a> pour plus de d\u00e9tails.<\/p>\n","protected":false},"excerpt":{"rendered":"<p>Veuillez consulter https:\/\/www.canada.ca\/en\/public-health\/services\/immunization\/national-advisory-committee-on-immunization-naci\/statement-september-10-2021-additional-dose-covid-19-vaccine-immunocompromised-following-1-2-dose-series.html pour plus de d\u00e9tails.<\/p>\n","protected":false},"author":1,"featured_media":0,"comment_status":"closed","ping_status":"closed","sticky":false,"template":"","format":"standard","meta":{"_acf_changed":false,"_et_pb_use_builder":"off","_et_pb_old_content":"","_et_gb_content_width":"","footnotes":""},"categories":[92],"tags":[],"topic":[113],"audience":[121,123,122,126,125,124],"class_list":["post-6698","post","type-post","status-publish","format-standard","hentry","category-article-fr","topic-nouvelles-et-evenements","audience-ai-je-le-lupus","audience-j-ai-le-lupus","audience-j-ai-recemment-recu-un-diagnostic","audience-je-veux-plaider","audience-professionnel-de-la-sante","audience-une-personne-a-qui-je-tiens-a-le-lupus"],"acf":[],"_links":{"self":[{"href":"https:\/\/www.lupuscanada.org\/fr\/wp-json\/wp\/v2\/posts\/6698","targetHints":{"allow":["GET"]}}],"collection":[{"href":"https:\/\/www.lupuscanada.org\/fr\/wp-json\/wp\/v2\/posts"}],"about":[{"href":"https:\/\/www.lupuscanada.org\/fr\/wp-json\/wp\/v2\/types\/post"}],"author":[{"embeddable":true,"href":"https:\/\/www.lupuscanada.org\/fr\/wp-json\/wp\/v2\/users\/1"}],"replies":[{"embeddable":true,"href":"https:\/\/www.lupuscanada.org\/fr\/wp-json\/wp\/v2\/comments?post=6698"}],"version-history":[{"count":0,"href":"https:\/\/www.lupuscanada.org\/fr\/wp-json\/wp\/v2\/posts\/6698\/revisions"}],"wp:attachment":[{"href":"https:\/\/www.lupuscanada.org\/fr\/wp-json\/wp\/v2\/media?parent=6698"}],"wp:term":[{"taxonomy":"category","embeddable":true,"href":"https:\/\/www.lupuscanada.org\/fr\/wp-json\/wp\/v2\/categories?post=6698"},{"taxonomy":"post_tag","embeddable":true,"href":"https:\/\/www.lupuscanada.org\/fr\/wp-json\/wp\/v2\/tags?post=6698"},{"taxonomy":"topic","embeddable":true,"href":"https:\/\/www.lupuscanada.org\/fr\/wp-json\/wp\/v2\/topic?post=6698"},{"taxonomy":"audience","embeddable":true,"href":"https:\/\/www.lupuscanada.org\/fr\/wp-json\/wp\/v2\/audience?post=6698"}],"curies":[{"name":"wp","href":"https:\/\/api.w.org\/{rel}","templated":true}]}}