{"id":11776,"date":"2025-12-23T17:52:45","date_gmt":"2025-12-23T17:52:45","guid":{"rendered":"https:\/\/www.lupuscanada.org\/granola-sans-huile-coin-recettes-lupus-canada\/"},"modified":"2026-01-14T20:38:56","modified_gmt":"2026-01-14T20:38:56","slug":"granola-sans-huile-coin-recettes-lupus-canada","status":"publish","type":"post","link":"https:\/\/www.lupuscanada.org\/fr\/granola-sans-huile-coin-recettes-lupus-canada\/","title":{"rendered":"Granola sans huile | Coin recettes Lupus Canada"},"content":{"rendered":"<p>[et_pb_section fb_built=\u00a0\u00bb1&Prime; _builder_version=\u00a0\u00bb4.25.0&Prime; _module_preset=\u00a0\u00bbdefault\u00a0\u00bb da_disable_devices=\u00a0\u00bboff|off|off\u00a0\u00bb global_colors_info=\u00a0\u00bb{}\u00a0\u00bb da_is_popup=\u00a0\u00bboff\u00a0\u00bb da_exit_intent=\u00a0\u00bboff\u00a0\u00bb da_has_close=\u00a0\u00bbon\u00a0\u00bb da_alt_close=\u00a0\u00bboff\u00a0\u00bb da_dark_close=\u00a0\u00bboff\u00a0\u00bb da_not_modal=\u00a0\u00bbon\u00a0\u00bb da_is_singular=\u00a0\u00bboff\u00a0\u00bb da_with_loader=\u00a0\u00bboff\u00a0\u00bb da_has_shadow=\u00a0\u00bbon\u00a0\u00bb][et_pb_row _builder_version=\u00a0\u00bb4.27.4&Prime; _module_preset=\u00a0\u00bbdefault\u00a0\u00bb custom_margin=\u00a0\u00bb0px||||false|false\u00a0\u00bb global_colors_info=\u00a0\u00bb{}\u00a0\u00bb][et_pb_column type=\u00a0\u00bb4_4&Prime; _builder_version=\u00a0\u00bb4.27.0&Prime; _module_preset=\u00a0\u00bbdefault\u00a0\u00bb global_colors_info=\u00a0\u00bb{}\u00a0\u00bb][et_pb_heading title=\u00a0\u00bbBienvenue au coin des recettes de Lupus Canada&amp;nbsp;!\u00a0\u00bb _builder_version=\u00a0\u00bb4.27.4&Prime; _module_preset=\u00a0\u00bbdefault\u00a0\u00bb title_text_align=\u00a0\u00bbcenter\u00a0\u00bb title_font_size=\u00a0\u00bb29px\u00a0\u00bb width=\u00a0\u00bb98.8%\u00a0\u00bb custom_margin=\u00a0\u00bb0px|0px||0px|false|false\u00a0\u00bb custom_padding=\u00a0\u00bb0px|0px|||false|false\u00a0\u00bb global_colors_info=\u00a0\u00bb{}\u00a0\u00bb][\/et_pb_heading][et_pb_text _builder_version=\u00a0\u00bb4.27.5&Prime; _module_preset=\u00a0\u00bbdefault\u00a0\u00bb global_colors_info=\u00a0\u00bb{}\u00a0\u00bb]<\/p>\n<p><span>Ce granola sans huile est naturellement sucr\u00e9 et offre une option nourrissante et saine pour le c\u0153ur pour le petit-d\u00e9jeuner ou les en-cas. Pr\u00e9par\u00e9 avec des c\u00e9r\u00e9ales compl\u00e8tes et des graines, il apporte des fibres et une \u00e9nergie soutenue pour soutenir le bien-\u00eatre g\u00e9n\u00e9ral. Facile \u00e0 personnaliser avec vos noix, graines et fruits secs pr\u00e9f\u00e9r\u00e9s, ce granola maison ajoute un croquant sain au yaourt, smoothie ou fruits frais sans recourir \u00e0 des huiles ajout\u00e9es ou des sucres raffin\u00e9s.  <\/span><\/p>\n<p>[\/et_pb_text][\/et_pb_column][\/et_pb_row][et_pb_row column_structure=\u00a0\u00bb1_2,1_2&Prime; _builder_version=\u00a0\u00bb4.27.4&Prime; _module_preset=\u00a0\u00bbdefault\u00a0\u00bb custom_margin=\u00a0\u00bb15px||0px||false|false\u00a0\u00bb custom_padding=\u00a0\u00bb13px||13px||true|false\u00a0\u00bb global_colors_info=\u00a0\u00bb{}\u00a0\u00bb][et_pb_column type=\u00a0\u00bb1_2&Prime; _builder_version=\u00a0\u00bb4.27.0&Prime; _module_preset=\u00a0\u00bbdefault\u00a0\u00bb global_colors_info=\u00a0\u00bb{}\u00a0\u00bb][et_pb_text _builder_version=\u00a0\u00bb4.27.5&Prime; _module_preset=\u00a0\u00bbdefault\u00a0\u00bb global_colors_info=\u00a0\u00bb{}\u00a0\u00bb]<\/p>\n<h4><strong><span>Ingr\u00e9dients <\/span><\/strong><\/h4>\n<p><span>4 tasses d\u2019avoine roul\u00e9e<\/span><br data-start=\"920\" data-end=\"923\"><span>1\/2 tasse de noix au choix (pacanes, noix, noix de cajou, amandes, etc.)<\/span><br data-start=\"985\" data-end=\"988\"><span>1\/4 de tasse de graines de lin<\/span><br data-start=\"1004\" data-end=\"1007\"><span>1\/4 de tasse de graines de citrouille<\/span><br data-start=\"1026\" data-end=\"1029\"><span>1 cuill\u00e8re \u00e0 caf\u00e9 cannelle<\/span><br data-start=\"1043\" data-end=\"1046\"><span>1\/2 cuill\u00e8re \u00e0 caf\u00e9 de sel<\/span><br data-start=\"1056\" data-end=\"1059\"><span>1\/2 tasse d\u2019eau<\/span><br data-start=\"1070\" data-end=\"1073\"><span>1\/4 tasse de sirop d\u2019\u00e9rable<\/span><br data-start=\"1090\" data-end=\"1093\"><span>2 cuill\u00e8res \u00e0 caf\u00e9 vanille<\/span><br data-start=\"1106\" data-end=\"1109\"><span>1 tasse de fruits secs au choix (raisins secs, canneberges, abricots, dattes, etc.)<\/span><\/p>\n<p>[\/et_pb_text][\/et_pb_column][et_pb_column type=\u00a0\u00bb1_2&Prime; _builder_version=\u00a0\u00bb4.27.0&Prime; _module_preset=\u00a0\u00bbdefault\u00a0\u00bb global_colors_info=\u00a0\u00bb{}\u00a0\u00bb][et_pb_image src=\u00a0\u00bbhttps:\/\/www.lupuscanada.org\/wp-content\/uploads\/2025\/12\/IMG_4450-scaled.jpg\u00a0\u00bb alt=\u00a0\u00bbGranola sans huile servi avec yaourt, fraises fra\u00eeches, myrtilles et graines dans un bol\u00a0\u00bb title_text=\u00a0\u00bbGranola naturellement sucr\u00e9 sans huile avec baies fra\u00eeches\u00a0\u00bb _builder_version=\u00a0\u00bb4.27.5&Prime; _module_preset=\u00a0\u00bbdefault\u00a0\u00bb global_colors_info=\u00a0\u00bb{}\u00a0\u00bb][\/et_pb_image][\/et_pb_column][\/et_pb_row][et_pb_row _builder_version=\u00a0\u00bb4.27.4&Prime; _module_preset=\u00a0\u00bbdefault\u00a0\u00bb background_image=\u00a0\u00bbhttps:\/\/www.lupuscanada.org\/wp-content\/uploads\/2024\/08\/Custom-Gradient-1080&#215;1080@2x.png\u00a0\u00bb custom_margin=\u00a0\u00bb16px||||false|false\u00a0\u00bb global_colors_info=\u00a0\u00bb{}\u00a0\u00bb][et_pb_column type=\u00a0\u00bb4_4&Prime; _builder_version=\u00a0\u00bb4.25.0&Prime; _module_preset=\u00a0\u00bbdefault\u00a0\u00bb global_colors_info=\u00a0\u00bb{}\u00a0\u00bb][et_pb_heading title=\u00a0\u00bbInstructions\u00a0\u00bb _builder_version=\u00a0\u00bb4.27.4&Prime; _module_preset=\u00a0\u00bbdefault\u00a0\u00bb title_level=\u00a0\u00bbh4&Prime; title_font=\u00a0\u00bb|600|||||||\u00a0\u00bb title_text_color=\u00a0\u00bb#FFFFFF\u00a0\u00bb custom_margin=\u00a0\u00bb30px||||false|false\u00a0\u00bb custom_padding=\u00a0\u00bb0px||0px||false|false\u00a0\u00bb global_colors_info=\u00a0\u00bb{}\u00a0\u00bb][\/et_pb_heading][et_pb_text _builder_version=\u00a0\u00bb4.27.5&Prime; _module_preset=\u00a0\u00bbdefault\u00a0\u00bb header_6_font=\u00a0\u00bbNoto Sans||on||||||\u00a0\u00bb header_6_font_size=\u00a0\u00bb20px\u00a0\u00bb custom_margin=\u00a0\u00bb||30px||false|false\u00a0\u00bb global_colors_info=\u00a0\u00bb{}\u00a0\u00bb]<\/p>\n<p data-start=\"1206\" data-end=\"1232\"><span style=\"color: #ffffff;\">Pr\u00e9chauffe le four \u00e0 250\u00b0F.<\/span><\/p>\n<p data-start=\"1234\" data-end=\"1278\"><span style=\"color: #ffffff;\">M\u00e9langez tous les ingr\u00e9dients secs dans un grand bol.<\/span><\/p>\n<p data-start=\"1280\" data-end=\"1404\"><span style=\"color: #ffffff;\">Dans une tasse doseuse liquide, m\u00e9langez l\u2019eau, le sirop d\u2019\u00e9rable et la vanille. Ajoutez au m\u00e9lange sec et remuez jusqu\u2019\u00e0 ce que ce soit bien combin\u00e9. <\/span><\/p>\n<p data-start=\"1406\" data-end=\"1462\"><span style=\"color: #ffffff;\">\u00c9talez le m\u00e9lange uniform\u00e9ment sur deux plaques de cuisson de 9 x 13.<\/span><\/p>\n<p data-start=\"1464\" data-end=\"1531\"><span style=\"color: #ffffff;\">Faites cuire pendant 1 heure, en remuant toutes les 15 minutes pour assurer un grillage uniforme.<\/span><\/p>\n<p data-start=\"1533\" data-end=\"1592\"><span style=\"color: #ffffff;\">Laissez le granola refroidir compl\u00e8tement avant de servir. Bonne lecture ! <\/span><\/p>\n<p>[\/et_pb_text][et_pb_text _builder_version=\u00a0\u00bb4.27.5&Prime; _module_preset=\u00a0\u00bbdefault\u00a0\u00bb header_6_font=\u00a0\u00bbNoto Sans||on||||||\u00a0\u00bb header_6_font_size=\u00a0\u00bb20px\u00a0\u00bb custom_margin=\u00a0\u00bb||30px||false|false\u00a0\u00bb global_colors_info=\u00a0\u00bb{}\u00a0\u00bb]<\/p>\n<p><span style=\"color: #ffffff;\"><strong data-start=\"2531\" data-end=\"2557\">Conseils pour le stockage et le service<\/strong><\/span><\/p>\n<ul>\n<li data-start=\"3390\" data-end=\"3452\">\n<p data-start=\"3392\" data-end=\"3452\"><span style=\"color: #ffffff;\"><span>Cette recette peut \u00eatre doubl\u00e9e ou tripl\u00e9e et conserv\u00e9e au cong\u00e9lateur pour la garder fra\u00eeche. Une fois refroidi, conservez dans un r\u00e9cipient herm\u00e9tique. <\/span><\/span><\/p>\n<\/li>\n<\/ul>\n<p>[\/et_pb_text][et_pb_video src=\u00a0\u00bbhttps:\/\/youtube.com\/shorts\/E0LskQOsxZc\u00a0\u00bb _builder_version=\u00a0\u00bb4.27.5&Prime; _module_preset=\u00a0\u00bbdefault\u00a0\u00bb hover_enabled=\u00a0\u00bb0&Prime; global_colors_info=\u00a0\u00bb{}\u00a0\u00bb width=\u00a0\u00bb52%\u00a0\u00bb min_height=\u00a0\u00bb686px\u00a0\u00bb module_alignment=\u00a0\u00bbcenter\u00a0\u00bb sticky_enabled=\u00a0\u00bb0&Prime;][\/et_pb_video][et_pb_video _builder_version=\u00a0\u00bb4.27.4&Prime; _module_preset=\u00a0\u00bbdefault\u00a0\u00bb global_colors_info=\u00a0\u00bb{}\u00a0\u00bb][\/et_pb_video][\/et_pb_column][\/et_pb_row][et_pb_row _builder_version=\u00a0\u00bb4.27.4&Prime; _module_preset=\u00a0\u00bbdefault\u00a0\u00bb global_colors_info=\u00a0\u00bb{}\u00a0\u00bb][et_pb_column type=\u00a0\u00bb4_4&Prime; _builder_version=\u00a0\u00bb4.27.4&Prime; _module_preset=\u00a0\u00bbdefault\u00a0\u00bb global_colors_info=\u00a0\u00bb{}\u00a0\u00bb][et_pb_text _builder_version=\u00a0\u00bb4.27.4&Prime; _module_preset=\u00a0\u00bbdefault\u00a0\u00bb custom_margin=\u00a0\u00bb32px||||false|false\u00a0\u00bb custom_padding=\u00a0\u00bb||1px|||\u00a0\u00bb global_colors_info=\u00a0\u00bb{}\u00a0\u00bb]<\/p>\n<p class=\"p1\" style=\"text-align: center;\"><em><strong>Les recettes utilis\u00e9es par Lupus Canada ont \u00e9t\u00e9 examin\u00e9es et approuv\u00e9es par un nutritionniste holistique agr\u00e9\u00e9.<\/strong><\/em><\/p>\n<p>[\/et_pb_text][\/et_pb_column][\/et_pb_row][\/et_pb_section]<\/p>\n","protected":false},"excerpt":{"rendered":"<p>Ce granola sans huile est naturellement sucr\u00e9 et pr\u00e9par\u00e9 avec des c\u00e9r\u00e9ales compl\u00e8tes et des graines pour les fibres et l\u2019\u00e9nergie soutenue. Une option nourrissante et saine pour le c\u0153ur pour le petit-d\u00e9jeuner ou collation. <\/p>\n","protected":false},"author":4,"featured_media":0,"comment_status":"closed","ping_status":"closed","sticky":false,"template":"","format":"standard","meta":{"_acf_changed":false,"_et_pb_use_builder":"on","_et_pb_old_content":"","_et_gb_content_width":"","footnotes":""},"categories":[92],"tags":[370,147,374,519,145],"topic":[135],"audience":[123,122,124],"class_list":["post-11776","post","type-post","status-publish","format-standard","hentry","category-article-fr","tag-anti-inflammatory-recipe","tag-autoimmune-diet","tag-lupus-diet","tag-meal-prep","tag-recipe","topic-recette","audience-j-ai-le-lupus","audience-j-ai-recemment-recu-un-diagnostic","audience-une-personne-a-qui-je-tiens-a-le-lupus"],"acf":[],"_links":{"self":[{"href":"https:\/\/www.lupuscanada.org\/fr\/wp-json\/wp\/v2\/posts\/11776","targetHints":{"allow":["GET"]}}],"collection":[{"href":"https:\/\/www.lupuscanada.org\/fr\/wp-json\/wp\/v2\/posts"}],"about":[{"href":"https:\/\/www.lupuscanada.org\/fr\/wp-json\/wp\/v2\/types\/post"}],"author":[{"embeddable":true,"href":"https:\/\/www.lupuscanada.org\/fr\/wp-json\/wp\/v2\/users\/4"}],"replies":[{"embeddable":true,"href":"https:\/\/www.lupuscanada.org\/fr\/wp-json\/wp\/v2\/comments?post=11776"}],"version-history":[{"count":0,"href":"https:\/\/www.lupuscanada.org\/fr\/wp-json\/wp\/v2\/posts\/11776\/revisions"}],"wp:attachment":[{"href":"https:\/\/www.lupuscanada.org\/fr\/wp-json\/wp\/v2\/media?parent=11776"}],"wp:term":[{"taxonomy":"category","embeddable":true,"href":"https:\/\/www.lupuscanada.org\/fr\/wp-json\/wp\/v2\/categories?post=11776"},{"taxonomy":"post_tag","embeddable":true,"href":"https:\/\/www.lupuscanada.org\/fr\/wp-json\/wp\/v2\/tags?post=11776"},{"taxonomy":"topic","embeddable":true,"href":"https:\/\/www.lupuscanada.org\/fr\/wp-json\/wp\/v2\/topic?post=11776"},{"taxonomy":"audience","embeddable":true,"href":"https:\/\/www.lupuscanada.org\/fr\/wp-json\/wp\/v2\/audience?post=11776"}],"curies":[{"name":"wp","href":"https:\/\/api.w.org\/{rel}","templated":true}]}}