{"id":11182,"date":"2025-10-28T22:05:35","date_gmt":"2025-10-28T22:05:35","guid":{"rendered":"https:\/\/www.lupuscanada.org\/la-sante-mentale-et-le-lupus-une-perspective-mondiale\/"},"modified":"2025-10-28T22:06:28","modified_gmt":"2025-10-28T22:06:28","slug":"la-sante-mentale-et-le-lupus-une-perspective-mondiale","status":"publish","type":"post","link":"https:\/\/www.lupuscanada.org\/fr\/la-sante-mentale-et-le-lupus-une-perspective-mondiale\/","title":{"rendered":"La sant\u00e9 mentale et le lupus : une perspective mondiale"},"content":{"rendered":"<p>[et_pb_section fb_built=\u00a0\u00bb1&Prime; custom_padding_last_edited=\u00a0\u00bbon|phone\u00a0\u00bb admin_label=\u00a0\u00bbSection\u00a0\u00bb module_id=\u00a0\u00bbTendre la main\u00a0\u00bb _builder_version=\u00a0\u00bb4.24.2&Prime; _module_preset=\u00a0\u00bbdefault\u00a0\u00bb custom_padding=\u00a0\u00bb80px||80px||false|false\u00a0\u00bb custom_padding_tablet=\u00a0\u00bb50px||50px||true|false\u00a0\u00bb custom_padding_phone=\u00a0\u00bb50px||50px||true|false\u00a0\u00bb da_popup_slug=\u00a0\u00bbreach-out\u00a0\u00bb da_disable_devices=\u00a0\u00bboff|off|off\u00a0\u00bb global_colors_info=\u00a0\u00bb{}\u00a0\u00bb da_is_popup=\u00a0\u00bboff\u00a0\u00bb da_exit_intent=\u00a0\u00bboff\u00a0\u00bb da_has_close=\u00a0\u00bbon\u00a0\u00bb da_alt_close=\u00a0\u00bboff\u00a0\u00bb da_dark_close=\u00a0\u00bboff\u00a0\u00bb da_not_modal=\u00a0\u00bbon\u00a0\u00bb da_is_singular=\u00a0\u00bboff\u00a0\u00bb da_with_loader=\u00a0\u00bboff\u00a0\u00bb da_has_shadow=\u00a0\u00bbon\u00a0\u00bb][et_pb_row module_id=\u00a0\u00bbreaching-out\u00a0\u00bb _builder_version=\u00a0\u00bb4.27.4&Prime; _module_preset=\u00a0\u00bbdefault\u00a0\u00bb width=\u00a0\u00bb100%\u00a0\u00bb custom_margin=\u00a0\u00bb0px||0px||false|false\u00a0\u00bb custom_padding=\u00a0\u00bb0px||0px||true|false\u00a0\u00bb global_colors_info=\u00a0\u00bb{}\u00a0\u00bb][et_pb_column type=\u00a0\u00bb4_4&Prime; _builder_version=\u00a0\u00bb4.22.2&Prime; _module_preset=\u00a0\u00bbdefault\u00a0\u00bb global_colors_info=\u00a0\u00bb{}\u00a0\u00bb][et_pb_text _builder_version=\u00a0\u00bb4.27.4&Prime; _module_preset=\u00a0\u00bbdefault\u00a0\u00bb text_font=\u00a0\u00bbNoto Sans|300|||||||\u00a0\u00bb text_text_color=\u00a0\u00bb#3E005C\u00a0\u00bb text_font_size=\u00a0\u00bb37px\u00a0\u00bb text_line_height=\u00a0\u00bb120%\u00a0\u00bb max_width=\u00a0\u00bb100%\u00a0\u00bb max_width_tablet=\u00a0\u00bb100%\u00a0\u00bb max_width_phone=\u00a0\u00bb100%\u00a0\u00bb max_width_last_edited=\u00a0\u00bbon|desktop\u00a0\u00bb custom_margin=\u00a0\u00bb0px||15px||false|false\u00a0\u00bb custom_margin_tablet=\u00a0\u00bb||10px||false|false\u00a0\u00bb custom_margin_phone=\u00a0\u00bb||10px||false|false\u00a0\u00bb custom_margin_last_edited=\u00a0\u00bbon|tablet\u00a0\u00bb custom_padding=\u00a0\u00bb0px||0px||false|false\u00a0\u00bb locked=\u00a0\u00bboff\u00a0\u00bb global_colors_info=\u00a0\u00bb{}\u00a0\u00bb]<\/p>\n<h2><span>La sant\u00e9 mentale et le lupus : une perspective mondiale<\/span><\/h2>\n<p>[\/et_pb_text][et_pb_image src=\u00a0\u00bbhttps:\/\/www.lupuscanada.org\/wp-content\/uploads\/2025\/10\/Twitter-Posts-6-Twitter-Post-6-copy-1.png\u00a0\u00bb alt=\u00a0\u00bbPersonne assise \u00e0 l\u2019ext\u00e9rieur avec une expression calme, symbolisant la r\u00e9flexion&amp;nbsp;; Elle pense \u00e0 la sant\u00e9 mentale et aux soins du lupus.\u00a0\u00bb title_text=\u00a0\u00bbSant\u00e9 mentale et lupus | Parlons du lupus : une voie vers le progr\u00e8s\u00a0\u00bb _builder_version=\u00a0\u00bb4.27.4&Prime; _module_preset=\u00a0\u00bbdefault\u00a0\u00bb hover_enabled=\u00a0\u00bb0&Prime; global_colors_info=\u00a0\u00bb{}\u00a0\u00bb sticky_enabled=\u00a0\u00bb0&Prime;][\/et_pb_image][et_pb_text _builder_version=\u00a0\u00bb4.27.4&Prime; _module_preset=\u00a0\u00bbdefault\u00a0\u00bb text_font=\u00a0\u00bbNoto Sans|300|||||||\u00a0\u00bb header_6_text_align=\u00a0\u00bbcenter\u00a0\u00bb header_6_font_size=\u00a0\u00bb16px\u00a0\u00bb global_colors_info=\u00a0\u00bb{}\u00a0\u00bb]<\/p>\n<h6><em>Un article approfondi de la campagne \u00ab Parlons du lupus : une voie vers le progr\u00e8s \u00bb de Lupus Canada.<\/em><\/h6>\n<p>[\/et_pb_text][\/et_pb_column][\/et_pb_row][et_pb_row module_id=\u00a0\u00bbreaching-out\u00a0\u00bb _builder_version=\u00a0\u00bb4.27.4&Prime; _module_preset=\u00a0\u00bbdefault\u00a0\u00bb width=\u00a0\u00bb100%\u00a0\u00bb custom_margin=\u00a0\u00bb0px||0px||false|false\u00a0\u00bb custom_padding=\u00a0\u00bb0px||0px||true|false\u00a0\u00bb global_colors_info=\u00a0\u00bb{}\u00a0\u00bb][et_pb_column type=\u00a0\u00bb4_4&Prime; _builder_version=\u00a0\u00bb4.22.2&Prime; _module_preset=\u00a0\u00bbdefault\u00a0\u00bb global_colors_info=\u00a0\u00bb{}\u00a0\u00bb][et_pb_text _builder_version=\u00a0\u00bb4.27.4&Prime; _module_preset=\u00a0\u00bbdefault\u00a0\u00bb text_font=\u00a0\u00bbNoto Sans|300|||||||\u00a0\u00bb text_text_color=\u00a0\u00bb#3E005C\u00a0\u00bb text_font_size=\u00a0\u00bb37px\u00a0\u00bb text_line_height=\u00a0\u00bb120%\u00a0\u00bb header_2_font_size=\u00a0\u00bb30px\u00a0\u00bb max_width=\u00a0\u00bb100%\u00a0\u00bb max_width_tablet=\u00a0\u00bb100%\u00a0\u00bb max_width_phone=\u00a0\u00bb100%\u00a0\u00bb max_width_last_edited=\u00a0\u00bbon|desktop\u00a0\u00bb custom_margin=\u00a0\u00bb0px||15px||false|false\u00a0\u00bb custom_margin_tablet=\u00a0\u00bb||10px||false|false\u00a0\u00bb custom_margin_phone=\u00a0\u00bb||10px||false|false\u00a0\u00bb custom_margin_last_edited=\u00a0\u00bbon|tablet\u00a0\u00bb custom_padding=\u00a0\u00bb0px||0px||false|false\u00a0\u00bb locked=\u00a0\u00bboff\u00a0\u00bb global_colors_info=\u00a0\u00bb{}\u00a0\u00bb]<\/p>\n<h2><span>Pourquoi la sant\u00e9 mentale est importante dans les soins du lupus<\/span><\/h2>\n<p>[\/et_pb_text][\/et_pb_column][\/et_pb_row][et_pb_row _builder_version=\u00a0\u00bb4.27.4&Prime; _module_preset=\u00a0\u00bbdefault\u00a0\u00bb width=\u00a0\u00bb100%\u00a0\u00bb width_tablet=\u00a0\u00bb100%\u00a0\u00bb width_phone=\u00a0\u00bb100%\u00a0\u00bb width_last_edited=\u00a0\u00bbon|phone\u00a0\u00bb custom_margin=\u00a0\u00bb0px||0px||false|false\u00a0\u00bb custom_margin_tablet=\u00a0\u00bb0px||0px||false|false\u00a0\u00bb custom_margin_phone=\u00a0\u00bb0px||0px||false|false\u00a0\u00bb custom_margin_last_edited=\u00a0\u00bbon|desktop\u00a0\u00bb custom_padding=\u00a0\u00bb0px||0px||false|false\u00a0\u00bb locked=\u00a0\u00bboff\u00a0\u00bb global_colors_info=\u00a0\u00bb{}\u00a0\u00bb][et_pb_column type=\u00a0\u00bb4_4&Prime; _builder_version=\u00a0\u00bb4.22.2&Prime; _module_preset=\u00a0\u00bbdefault\u00a0\u00bb global_colors_info=\u00a0\u00bb{}\u00a0\u00bb][et_pb_text _builder_version=\u00a0\u00bb4.27.4&Prime; _module_preset=\u00a0\u00bbdefault\u00a0\u00bb text_text_color=\u00a0\u00bb#6B198A\u00a0\u00bb custom_margin=\u00a0\u00bb0px||25px||false|false\u00a0\u00bb global_colors_info=\u00a0\u00bb{}\u00a0\u00bb]<\/p>\n<p><span style=\"font-weight: 400;\">Au cours de la derni\u00e8re d\u00e9cennie, plusieurs <\/span><a href=\"https:\/\/pmc.ncbi.nlm.nih.gov\/articles\/PMC11773306\/pdf\/INM-34-0.pdf\" target=\"_blank\" rel=\"noopener\"><span style=\"font-weight: 400;\">\u00e9tudes<\/span><\/a><span style=\"font-weight: 400;\"> ont soulign\u00e9 l\u2019importance des soins de sant\u00e9 mentale et comment l\u2019absence de traitement peut avoir un impact n\u00e9gatif sur la sant\u00e9 physique et le bien-\u00eatre g\u00e9n\u00e9ral.<\/span><\/p>\n<p><span style=\"font-weight: 400;\">Au Canada seulement, une personne sur cinq vit avec une maladie mentale, et 13,3 % des personnes souffrent d\u2019un <\/span><span style=\"font-weight: 400;\">trouble anxieux g\u00e9n\u00e9ral, selon l\u2019Association <\/span> canadienne pour la <a href=\"https:\/\/cmha.ca\/find-info\/mental-health\/general-info\/fast-facts\/\" target=\"_blank\" rel=\"noopener\"><span style=\"font-weight: 400;\">sant\u00e9 mentale<\/span><\/a><span style=\"font-weight: 400;\">. <\/span> <\/p>\n<p><span style=\"font-weight: 400;\">Une mauvaise sant\u00e9 mentale peut affecter la qualit\u00e9 de vie de n\u2019importe qui, mais l\u2019anxi\u00e9t\u00e9 et la d\u00e9pression sont particuli\u00e8rement fr\u00e9quentes chez les personnes atteintes de lupus. C\u2019est pourquoi des journ\u00e9es comme   <\/span><a href=\"https:\/\/www.who.int\/campaigns\/world-mental-health-day\" target=\"_blank\" rel=\"noopener\"><span style=\"font-weight: 400;\">La Journ\u00e9e mondiale de la sant\u00e9 mentale<\/span><\/a><span style=\"font-weight: 400;\"> est tr\u00e8s importante pour la communaut\u00e9 du lupus, car elle souligne la n\u00e9cessit\u00e9 d\u2019\u00e9duquer, de sensibiliser et de d\u00e9fendre les droits en mati\u00e8re de sant\u00e9 mentale.<\/span><\/p>\n<p>[\/et_pb_text][et_pb_text _builder_version=\u00a0\u00bb4.27.4&Prime; _module_preset=\u00a0\u00bbdefault\u00a0\u00bb text_font=\u00a0\u00bbNoto Sans|300|||||||\u00a0\u00bb text_text_color=\u00a0\u00bb#3E005C\u00a0\u00bb text_font_size=\u00a0\u00bb37px\u00a0\u00bb text_line_height=\u00a0\u00bb120%\u00a0\u00bb header_2_font_size=\u00a0\u00bb30px\u00a0\u00bb max_width=\u00a0\u00bb100%\u00a0\u00bb max_width_tablet=\u00a0\u00bb100%\u00a0\u00bb max_width_phone=\u00a0\u00bb100%\u00a0\u00bb max_width_last_edited=\u00a0\u00bbon|desktop\u00a0\u00bb custom_margin=\u00a0\u00bb0px||15px||false|false\u00a0\u00bb custom_margin_tablet=\u00a0\u00bb||10px||false|false\u00a0\u00bb custom_margin_phone=\u00a0\u00bb||10px||false|false\u00a0\u00bb custom_margin_last_edited=\u00a0\u00bbon|tablet\u00a0\u00bb custom_padding=\u00a0\u00bb0px||0px||false|false\u00a0\u00bb locked=\u00a0\u00bboff\u00a0\u00bb global_colors_info=\u00a0\u00bb{}\u00a0\u00bb]<\/p>\n<h2><span>Perspectives du projet Parlons lupus<\/span><\/h2>\n<p>[\/et_pb_text][et_pb_text _builder_version=\u00a0\u00bb4.27.4&Prime; _module_preset=\u00a0\u00bbdefault\u00a0\u00bb custom_margin=\u00a0\u00bb0px||25px||false|false\u00a0\u00bb locked=\u00a0\u00bboff\u00a0\u00bb global_colors_info=\u00a0\u00bb{}\u00a0\u00bb]<\/p>\n<p><span style=\"font-weight: 400;\">Lupus Canada a r\u00e9alis\u00e9 des entrevues dans le cadre du projet \u00ab Parlons du lupus : un parcours vers le progr\u00e8s \u00bb, une campagne en trois phases qui met en lumi\u00e8re les perspectives internationales sur les soins du lupus.<\/span><\/p>\n<p><span style=\"font-weight: 400;\">Lupus Canada a anim\u00e9 des conversations pour approfondir les soins de sant\u00e9 mentale pour les patients atteints de lupus.  <\/span><\/p>\n<p><span style=\"font-weight: 400;\">\u00ab La sant\u00e9 mentale est un aspect crucial du traitement qui devrait \u00eatre int\u00e9gr\u00e9 aux soins m\u00e9dicaux \u00bb, a d\u00e9clar\u00e9 la Dre Andrea Knight, clinicienne-chercheuse \u00e0 la Division de rhumatologie et scientifique associ\u00e9e en neurosciences et en sant\u00e9 mentale \u00e0 l\u2019H\u00f4pital pour enfants de Toronto.<\/span><\/p>\n<p><span style=\"font-weight: 400;\">\u00ab Il est important d\u2019\u00eatre proactif, surtout parce que les probl\u00e8mes de sant\u00e9 mentale peuvent faire partie du lupus, et c\u2019est une norme de soins que nous devrions avoir. \u00bb<\/span><\/p>\n<p>[\/et_pb_text][et_pb_text _builder_version=\u00a0\u00bb4.27.4&Prime; _module_preset=\u00a0\u00bbdefault\u00a0\u00bb text_font=\u00a0\u00bbNoto Sans|300|||||||\u00a0\u00bb text_text_color=\u00a0\u00bb#3E005C\u00a0\u00bb text_font_size=\u00a0\u00bb37px\u00a0\u00bb text_line_height=\u00a0\u00bb120%\u00a0\u00bb header_2_font_size=\u00a0\u00bb30px\u00a0\u00bb max_width=\u00a0\u00bb100%\u00a0\u00bb max_width_tablet=\u00a0\u00bb100%\u00a0\u00bb max_width_phone=\u00a0\u00bb100%\u00a0\u00bb max_width_last_edited=\u00a0\u00bbon|desktop\u00a0\u00bb custom_margin=\u00a0\u00bb0px||15px||false|false\u00a0\u00bb custom_margin_tablet=\u00a0\u00bb||10px||false|false\u00a0\u00bb custom_margin_phone=\u00a0\u00bb||10px||false|false\u00a0\u00bb custom_margin_last_edited=\u00a0\u00bbon|tablet\u00a0\u00bb custom_padding=\u00a0\u00bb0px||0px||false|false\u00a0\u00bb locked=\u00a0\u00bboff\u00a0\u00bb global_colors_info=\u00a0\u00bb{}\u00a0\u00bb]<\/p>\n<h2><span>Ce que la recherche montre sur la sant\u00e9 mentale et le lupus<\/span><\/h2>\n<p>[\/et_pb_text][et_pb_text _builder_version=\u00a0\u00bb4.27.4&Prime; _module_preset=\u00a0\u00bbdefault\u00a0\u00bb custom_margin=\u00a0\u00bb0px||25px||false|false\u00a0\u00bb locked=\u00a0\u00bboff\u00a0\u00bb global_colors_info=\u00a0\u00bb{}\u00a0\u00bb]<\/p>\n<p><span style=\"font-weight: 400;\">Un article de recherche de 2023 men\u00e9 par Reumatologia a r\u00e9v\u00e9l\u00e9 que la d\u00e9pression, l\u2019anxi\u00e9t\u00e9 et le stress sont fr\u00e9quents chez les patients atteints de lupus, et que la qualit\u00e9 de vie d\u2019un patient est consid\u00e9rablement affect\u00e9e.  <\/span><\/p>\n<p><span style=\"font-weight: 400;\">Une autre <\/span><a href=\"https:\/\/academic.oup.com\/rheumatology\/article\/63\/11\/2956\/7750184\" target=\"_blank\" rel=\"noopener\"><span style=\"font-weight: 400;\">\u00e9tude<\/span><\/a><span style=\"font-weight: 400;\"> de la British Society of Rheumatology a r\u00e9v\u00e9l\u00e9 que l\u2019anxi\u00e9t\u00e9 et la d\u00e9pression sont courantes chez les personnes diagnostiqu\u00e9es avec le lupus.<\/span><\/p>\n<p><span style=\"font-weight: 400;\">\u00ab&nbsp;Il est imp\u00e9ratif d\u2019identifier les sympt\u00f4mes d\u2019anxi\u00e9t\u00e9 et de d\u00e9pression pour orienter rapidement les patients atteints de LED (lupus) ayant des id\u00e9es suicidaires vers des psychologues cliniciens ou un conseil psychologique&nbsp;\u00bb, indique l\u2019\u00e9tude.<\/span><\/p>\n<p><span style=\"font-weight: 400;\">Malgr\u00e9 les pr\u00e9jug\u00e9s auxquels sont confront\u00e9es les personnes atteintes \u00e0 la fois de lupus et de probl\u00e8mes de sant\u00e9 mentale, l\u2019\u00e9ducation et la recherche accrues conduisent \u00e0 une meilleure int\u00e9gration des soins de sant\u00e9 mentale dans le traitement du lupus.<\/span><\/p>\n<p><span style=\"font-weight: 400;\">\u00ab Nous avons travaill\u00e9 tr\u00e8s fort pour que le d\u00e9pistage de la sant\u00e9 mentale se fasse sentir dans notre clinique de rhumatologie. Le d\u00e9pistage a vraiment aid\u00e9 nos patients atteints de lupus en particulier \u00e0 traiter des probl\u00e8mes de sant\u00e9 mentale qui auraient pu \u00eatre n\u00e9glig\u00e9s autrement.  <\/span><\/p>\n<p>[\/et_pb_text][et_pb_text _builder_version=\u00a0\u00bb4.27.4&Prime; _module_preset=\u00a0\u00bbdefault\u00a0\u00bb text_font=\u00a0\u00bbNoto Sans|300|||||||\u00a0\u00bb text_text_color=\u00a0\u00bb#3E005C\u00a0\u00bb text_font_size=\u00a0\u00bb37px\u00a0\u00bb text_line_height=\u00a0\u00bb120%\u00a0\u00bb header_2_font_size=\u00a0\u00bb30px\u00a0\u00bb max_width=\u00a0\u00bb100%\u00a0\u00bb max_width_tablet=\u00a0\u00bb100%\u00a0\u00bb max_width_phone=\u00a0\u00bb100%\u00a0\u00bb max_width_last_edited=\u00a0\u00bbon|desktop\u00a0\u00bb custom_margin=\u00a0\u00bb0px||15px||false|false\u00a0\u00bb custom_margin_tablet=\u00a0\u00bb||10px||false|false\u00a0\u00bb custom_margin_phone=\u00a0\u00bb||10px||false|false\u00a0\u00bb custom_margin_last_edited=\u00a0\u00bbon|tablet\u00a0\u00bb custom_padding=\u00a0\u00bb0px||0px||false|false\u00a0\u00bb locked=\u00a0\u00bboff\u00a0\u00bb global_colors_info=\u00a0\u00bb{}\u00a0\u00bb]<\/p>\n<h2><span>Perspectives d\u2019experts du monde entier<\/span><\/h2>\n<p>[\/et_pb_text][et_pb_text quote_border_color=\u00a0\u00bb#6B198A\u00a0\u00bb _builder_version=\u00a0\u00bb4.27.4&Prime; _module_preset=\u00a0\u00bbdefault\u00a0\u00bb quote_text_color=\u00a0\u00bb#000000&Prime; custom_margin=\u00a0\u00bb0px||25px||false|false\u00a0\u00bb locked=\u00a0\u00bboff\u00a0\u00bb global_colors_info=\u00a0\u00bb{}\u00a0\u00bb]<\/p>\n<p><strong>Dr. Guillermo Ruiz-Irastorza \u2013 Espagne<\/strong><\/p>\n<blockquote>\n<p data-start=\"3952\" data-end=\"4212\">Le Dr Guillermo Ruiz-Irastorza, chercheur et coordinateur du domaine des maladies auto-immunes, inflammatoires et infectieuses de l\u2019Institut de recherche en sant\u00e9 BioCruces en Espagne, a expliqu\u00e9 que la fourniture de ressources en sant\u00e9 mentale aux patients atteints de lupus est essentielle pour le traitement.<\/p>\n<p data-start=\"4219\" data-end=\"4433\">\u00ab Il y a dix ans, nous avons d\u00e9cid\u00e9 de proposer \u00e0 nos patients de faire appel \u00e0 un psychiatre un jour par semaine \u00bb, a d\u00e9clar\u00e9 le Dr Ruiz-Irastorza. \u00ab Nos patients savent que nous leur fournissons de l\u2019aide s\u2019ils en ont besoin, et cela fait toute la diff\u00e9rence. \u00bb <\/p>\n<p data-start=\"4440\" data-end=\"4614\">Le Dr Ruiz-Irastorza r\u00e9it\u00e8re que m\u00eame si les cliniciens ne sont pas des psychiatres, ils doivent tout de m\u00eame reconna\u00eetre si un patient pr\u00e9sente des sympt\u00f4mes d\u2019une maladie mentale.<\/p>\n<p data-start=\"4621\" data-end=\"4709\">\u00ab Pas seulement pour le traitement technique, mais aussi pour comprendre comment ils se sentent \u00bb, a-t-il d\u00e9clar\u00e9.<\/p>\n<p data-start=\"4716\" data-end=\"5005\">Le Dr Ruiz-Irastorza a particip\u00e9 \u00e0 une \u00e9tude Pisa qui a d\u00e9termin\u00e9 que les patients atteints de maladies rhumatismales pr\u00e9f\u00e9raient parler moins de leur maladie et plus de leur vie avec leurs cliniciens. C\u2019est quelque chose qui l\u2019a accompagn\u00e9 tout au long de sa carri\u00e8re, souligne le Dr Ruiz-Irastorza. <\/p>\n<p data-start=\"5012\" data-end=\"5090\">\u00ab Si nous reconnaissons la sant\u00e9 mentale et que nous nous y attaquons, le lupus s\u2019am\u00e9liorera \u00e9galement. \u00bb<\/p>\n<\/blockquote>\n<p>[\/et_pb_text][et_pb_text quote_border_color=\u00a0\u00bb#6B198A\u00a0\u00bb _builder_version=\u00a0\u00bb4.27.4&Prime; _module_preset=\u00a0\u00bbdefault\u00a0\u00bb quote_text_color=\u00a0\u00bb#000000&Prime; custom_margin=\u00a0\u00bb0px||25px||false|false\u00a0\u00bb locked=\u00a0\u00bboff\u00a0\u00bb global_colors_info=\u00a0\u00bb{}\u00a0\u00bb]<\/p>\n<p><strong>Dr Jorge Sanchez-Guerrero \u2013 Canada<\/strong><\/p>\n<blockquote>\n<p data-start=\"5143\" data-end=\"5507\">Le lupus \u00e9tant une maladie qui affecte les principaux organes, le cerveau ne fait pas exception. Le Dr Jorge Sanchez-Guerrero, rhumatologue \u00e0 la clinique du lupus du R\u00e9seau universitaire de sant\u00e9 et \u00e0 l\u2019H\u00f4pital Toronto Western, a expliqu\u00e9 que la maladie peut se manifester et avoir un impact sur le cerveau de nombreuses fa\u00e7ons, comme le lupus neuropsychiatrique (NPSLE), qui peut causer des sympt\u00f4mes psychotiques comme des hallucinations et des d\u00e9lires. <\/p>\n<p data-start=\"5514\" data-end=\"5755\">Une \u00e9tude r\u00e9alis\u00e9e en 2011 par <em data-start=\"5530\" data-end=\"5549\">J Clin Psychiatry<\/em> a r\u00e9v\u00e9l\u00e9 que des sympt\u00f4mes psychiatriques sont pr\u00e9sents chez la majorit\u00e9 des patients atteints de LED. La d\u00e9pression (jusqu\u2019\u00e0 39 % des patients) et le dysfonctionnement cognitif (jusqu\u2019\u00e0 80 %) sont les manifestations psychiatriques les plus courantes. <\/p>\n<\/blockquote>\n<p>[\/et_pb_text][et_pb_text _builder_version=\u00a0\u00bb4.27.4&Prime; _module_preset=\u00a0\u00bbdefault\u00a0\u00bb text_font=\u00a0\u00bbNoto Sans|300|||||||\u00a0\u00bb text_text_color=\u00a0\u00bb#3E005C\u00a0\u00bb text_font_size=\u00a0\u00bb37px\u00a0\u00bb text_line_height=\u00a0\u00bb120%\u00a0\u00bb header_2_font_size=\u00a0\u00bb30px\u00a0\u00bb max_width=\u00a0\u00bb100%\u00a0\u00bb max_width_tablet=\u00a0\u00bb100%\u00a0\u00bb max_width_phone=\u00a0\u00bb100%\u00a0\u00bb max_width_last_edited=\u00a0\u00bbon|desktop\u00a0\u00bb custom_margin=\u00a0\u00bb0px||15px||false|false\u00a0\u00bb custom_margin_tablet=\u00a0\u00bb||10px||false|false\u00a0\u00bb custom_margin_phone=\u00a0\u00bb||10px||false|false\u00a0\u00bb custom_margin_last_edited=\u00a0\u00bbon|tablet\u00a0\u00bb custom_padding=\u00a0\u00bb0px||0px||false|false\u00a0\u00bb locked=\u00a0\u00bboff\u00a0\u00bb global_colors_info=\u00a0\u00bb{}\u00a0\u00bb]<\/p>\n<h2>Int\u00e9gration de la sant\u00e9 mentale dans le traitement du lupus<\/h2>\n<p>[\/et_pb_text][et_pb_text _builder_version=\u00a0\u00bb4.27.4&Prime; _module_preset=\u00a0\u00bbdefault\u00a0\u00bb custom_margin=\u00a0\u00bb0px||25px||false|false\u00a0\u00bb locked=\u00a0\u00bboff\u00a0\u00bb global_colors_info=\u00a0\u00bb{}\u00a0\u00bb]<\/p>\n<p data-start=\"5833\" data-end=\"6077\">Partout dans le monde, il est de plus en plus reconnu que la sant\u00e9 mentale est indissociable de la sant\u00e9 physique, et les pays introduisent le d\u00e9pistage de la sant\u00e9 mentale en rhumatologie, \u00e9largissent la recherche et mettent l\u2019accent sur des approches plus centr\u00e9es sur le patient.<\/p>\n<p data-start=\"6084\" data-end=\"6284\">Pour le Dr Knight, le Dr Ruiz-Irastorza et le Dr Sanchez-Guerrero, la sant\u00e9 mentale doit \u00eatre incluse dans la conversation lors du traitement d\u2019un patient atteint de lupus, en plus de fournir des ressources en sant\u00e9 mentale.<\/p>\n<p>[\/et_pb_text][\/et_pb_column][\/et_pb_row][\/et_pb_section]<\/p>\n","protected":false},"excerpt":{"rendered":"<p>D\u00e9couvrez comment la sant\u00e9 mentale et le lupus sont li\u00e9s.<br \/>\nCet article de la campagne Parlons lupus : une voie vers le progr\u00e8s de Lupus Canada met en lumi\u00e8re des recherches mondiales et des points de vue d\u2019experts sur l\u2019importance de la sant\u00e9 mentale dans les soins du lupus.<\/p>\n","protected":false},"author":4,"featured_media":0,"comment_status":"closed","ping_status":"closed","sticky":false,"template":"","format":"standard","meta":{"_acf_changed":false,"_et_pb_use_builder":"on","_et_pb_old_content":"","_et_gb_content_width":"","footnotes":""},"categories":[92],"tags":[614,613,210,213,589,205],"topic":[119,120],"audience":[123,125,124],"class_list":["post-11182","post","type-post","status-publish","format-standard","hentry","category-article-fr","tag-collaboration-mondiale","tag-parlons-lupus-2","tag-plaidoyer-contre-le-lupus","tag-recherche-sur-le-lupus","tag-sante-mentale","tag-sensibilisation-au-lupus","topic-plaidoyer-et-soutien","topic-sensibilisation-et-communaute-fr","audience-j-ai-le-lupus","audience-professionnel-de-la-sante","audience-une-personne-a-qui-je-tiens-a-le-lupus"],"acf":[],"_links":{"self":[{"href":"https:\/\/www.lupuscanada.org\/fr\/wp-json\/wp\/v2\/posts\/11182","targetHints":{"allow":["GET"]}}],"collection":[{"href":"https:\/\/www.lupuscanada.org\/fr\/wp-json\/wp\/v2\/posts"}],"about":[{"href":"https:\/\/www.lupuscanada.org\/fr\/wp-json\/wp\/v2\/types\/post"}],"author":[{"embeddable":true,"href":"https:\/\/www.lupuscanada.org\/fr\/wp-json\/wp\/v2\/users\/4"}],"replies":[{"embeddable":true,"href":"https:\/\/www.lupuscanada.org\/fr\/wp-json\/wp\/v2\/comments?post=11182"}],"version-history":[{"count":0,"href":"https:\/\/www.lupuscanada.org\/fr\/wp-json\/wp\/v2\/posts\/11182\/revisions"}],"wp:attachment":[{"href":"https:\/\/www.lupuscanada.org\/fr\/wp-json\/wp\/v2\/media?parent=11182"}],"wp:term":[{"taxonomy":"category","embeddable":true,"href":"https:\/\/www.lupuscanada.org\/fr\/wp-json\/wp\/v2\/categories?post=11182"},{"taxonomy":"post_tag","embeddable":true,"href":"https:\/\/www.lupuscanada.org\/fr\/wp-json\/wp\/v2\/tags?post=11182"},{"taxonomy":"topic","embeddable":true,"href":"https:\/\/www.lupuscanada.org\/fr\/wp-json\/wp\/v2\/topic?post=11182"},{"taxonomy":"audience","embeddable":true,"href":"https:\/\/www.lupuscanada.org\/fr\/wp-json\/wp\/v2\/audience?post=11182"}],"curies":[{"name":"wp","href":"https:\/\/api.w.org\/{rel}","templated":true}]}}