[{"id":13656,"date":"2026-09-02T19:33:52","date_gmt":"2026-09-02T19:33:52","guid":{"rendered":"https:\/\/www.lupuscanada.org\/recette-davoine-de-nuit-de-la-foret-noire-lupus-canada\/"},"modified":"2026-09-02T19:35:06","modified_gmt":"2026-09-02T19:35:06","slug":"recette-davoine-de-nuit-de-la-foret-noire-lupus-canada","status":"publish","type":"post","link":"https:\/\/www.lupuscanada.org\/fr\/recette-davoine-de-nuit-de-la-foret-noire-lupus-canada\/","title":{"rendered":"Recette d\u2019avoine de nuit de la For\u00eat-Noire | Lupus Canada"},"content":{"rendered":"<p>[et_pb_section fb_built=\u00a0\u00bb1&Prime; _builder_version=\u00a0\u00bb4.27.5&Prime; _module_preset=\u00a0\u00bbdefault\u00a0\u00bb custom_margin=\u00a0\u00bb-15px||||false|false\u00a0\u00bb da_disable_devices=\u00a0\u00bboff|off|off\u00a0\u00bb global_colors_info=\u00a0\u00bb{}\u00a0\u00bb da_is_popup=\u00a0\u00bboff\u00a0\u00bb da_exit_intent=\u00a0\u00bboff\u00a0\u00bb da_has_close=\u00a0\u00bbon\u00a0\u00bb da_alt_close=\u00a0\u00bboff\u00a0\u00bb da_dark_close=\u00a0\u00bboff\u00a0\u00bb da_not_modal=\u00a0\u00bbon\u00a0\u00bb da_is_singular=\u00a0\u00bboff\u00a0\u00bb da_with_loader=\u00a0\u00bboff\u00a0\u00bb da_has_shadow=\u00a0\u00bbon\u00a0\u00bb][et_pb_row _builder_version=\u00a0\u00bb4.27.4&Prime; _module_preset=\u00a0\u00bbdefault\u00a0\u00bb custom_margin=\u00a0\u00bb0px||||false|false\u00a0\u00bb global_colors_info=\u00a0\u00bb{}\u00a0\u00bb][et_pb_column type=\u00a0\u00bb4_4&Prime; _builder_version=\u00a0\u00bb4.27.0&Prime; _module_preset=\u00a0\u00bbdefault\u00a0\u00bb global_colors_info=\u00a0\u00bb{}\u00a0\u00bb][et_pb_heading title=\u00a0\u00bbBienvenue au coin des recettes de Lupus Canada&amp;nbsp;!\u00a0\u00bb _builder_version=\u00a0\u00bb4.27.5&Prime; _module_preset=\u00a0\u00bbdefault\u00a0\u00bb title_level=\u00a0\u00bbh2&Prime; title_text_align=\u00a0\u00bbcenter\u00a0\u00bb title_font_size=\u00a0\u00bb32px\u00a0\u00bb width=\u00a0\u00bb98.8%\u00a0\u00bb custom_margin=\u00a0\u00bb0px|0px||0px|false|false\u00a0\u00bb custom_padding=\u00a0\u00bb0px|0px|||false|false\u00a0\u00bb title_font_size_tablet=\u00a0\u00bb32px\u00a0\u00bb title_font_size_phone=\u00a0\u00bb29px\u00a0\u00bb title_font_size_last_edited=\u00a0\u00bbon|phone\u00a0\u00bb global_colors_info=\u00a0\u00bb{}\u00a0\u00bb][\/et_pb_heading][\/et_pb_column][\/et_pb_row][et_pb_row _builder_version=\u00a0\u00bb4.27.7&Prime; _module_preset=\u00a0\u00bbdefault\u00a0\u00bb custom_margin=\u00a0\u00bb15px||0px||false|false\u00a0\u00bb custom_padding=\u00a0\u00bb2px||2px||true|false\u00a0\u00bb hover_enabled=\u00a0\u00bb0&Prime; global_colors_info=\u00a0\u00bb{}\u00a0\u00bb sticky_enabled=\u00a0\u00bb0&Prime;][et_pb_column type=\u00a0\u00bb4_4&Prime; _builder_version=\u00a0\u00bb4.27.0&Prime; _module_preset=\u00a0\u00bbdefault\u00a0\u00bb global_colors_info=\u00a0\u00bb{}\u00a0\u00bb][et_pb_text _builder_version=\u00a0\u00bb4.27.7&Prime; _module_preset=\u00a0\u00bbdefault\u00a0\u00bb custom_margin=\u00a0\u00bb12px||||false|false\u00a0\u00bb hover_enabled=\u00a0\u00bb0&Prime; global_colors_info=\u00a0\u00bb{}\u00a0\u00bb sticky_enabled=\u00a0\u00bb0&Prime;]<\/p>\n<p data-start=\"1083\" data-end=\"1311\" class=\"PDq2pG_selectionAnchorContainer\">Avec la rentr\u00e9e scolaire \u00e0 l\u2019horizon, les matins peuvent sembler un peu plus chaotiques \u00e0 mesure que nous retrouvons une routine. Ces <strong data-start=\"1189\" data-end=\"1220\">avoines de nuit Black<\/strong> Forest sont un petit-d\u00e9jeuner facile \u00e0 pr\u00e9parer \u00e0 l\u2019avance qui peut vous aider \u00e0 \u00e9liminer une chose de votre liste de choses \u00e0 faire le matin. <span aria-hidden=\"true\" class=\"PDq2pG_selectionAnchor\"><\/span><\/p>\n<p data-start=\"1313\" data-end=\"1630\">Pr\u00e9par\u00e9e avec des flocons d\u2019avoine, de la poudre de prot\u00e9ines au chocolat, des graines de chia et des cerises, chaque portion contient environ 40 grammes de prot\u00e9ines et 13 grammes de fibres. La recette est \u00e9galement facile \u00e0 adapter selon vos pr\u00e9f\u00e9rences. Si vous \u00e9vitez les produits laitiers, choisissez votre lait sans produits laitiers pr\u00e9f\u00e9r\u00e9s ainsi qu\u2019une poudre prot\u00e9in\u00e9e alternative adapt\u00e9e.  <\/p>\n<p data-start=\"1632\" data-end=\"1804\">Le meilleur, c\u2019est que vous pouvez pr\u00e9parer vos flocons d\u2019avoine la veille et avoir le petit-d\u00e9jeuner pr\u00eat \u00e0 emporter au r\u00e9veil. Jamey et sa famille pr\u00e9parent g\u00e9n\u00e9ralement neuf bocaux pour la semaine ! <\/p>\n<p data-start=\"1806\" data-end=\"1933\">Simples, copieux et pratiques, ces avoines de nuit Black Forest sont une excellente option pour l\u2019\u00e9cole, le travail ou les matins en semaine.<\/p>\n<p>[\/et_pb_text][\/et_pb_column][\/et_pb_row][et_pb_row _builder_version=\u00a0\u00bb4.27.5&Prime; _module_preset=\u00a0\u00bbdefault\u00a0\u00bb custom_margin=\u00a0\u00bb22px||22px||true|false\u00a0\u00bb custom_padding=\u00a0\u00bb||0px|||\u00a0\u00bb global_colors_info=\u00a0\u00bb{}\u00a0\u00bb][et_pb_column type=\u00a0\u00bb4_4&Prime; _builder_version=\u00a0\u00bb4.27.5&Prime; _module_preset=\u00a0\u00bbdefault\u00a0\u00bb global_colors_info=\u00a0\u00bb{}\u00a0\u00bb][et_pb_text _builder_version=\u00a0\u00bb4.27.7&Prime; _module_preset=\u00a0\u00bbdefault\u00a0\u00bb header_2_font_size=\u00a0\u00bb25px\u00a0\u00bb custom_margin=\u00a0\u00bb0px||0px||true|false\u00a0\u00bb custom_padding=\u00a0\u00bb||0px|||\u00a0\u00bb hover_enabled=\u00a0\u00bb0&Prime; global_colors_info=\u00a0\u00bb{}\u00a0\u00bb sticky_enabled=\u00a0\u00bb0&Prime;]<\/p>\n<h2><span>Ingr\u00e9dients pour l\u2019avoine de nuit de la For\u00eat-Noire<\/span><\/h2>\n<p class=\"isSelectedEnd\"><em><span>Chocolat, cerises et ingr\u00e9dients simples se r\u00e9unissent dans ce petit-d\u00e9jeuner facile \u00e0 pr\u00e9parer \u00e0 l\u2019avance.<\/span><\/em><\/p>\n<p>[\/et_pb_text][\/et_pb_column][\/et_pb_row][et_pb_row column_structure=\u00a0\u00bb1_2,1_2&Prime; _builder_version=\u00a0\u00bb4.27.6&Prime; _module_preset=\u00a0\u00bbdefault\u00a0\u00bb custom_margin=\u00a0\u00bb15px||0px||false|false\u00a0\u00bb custom_padding=\u00a0\u00bb0px||0px||true|false\u00a0\u00bb global_colors_info=\u00a0\u00bb{}\u00a0\u00bb][et_pb_column type=\u00a0\u00bb1_2&Prime; _builder_version=\u00a0\u00bb4.27.0&Prime; _module_preset=\u00a0\u00bbdefault\u00a0\u00bb global_colors_info=\u00a0\u00bb{}\u00a0\u00bb][et_pb_text _builder_version=\u00a0\u00bb4.27.7&Prime; _module_preset=\u00a0\u00bbdefault\u00a0\u00bb header_2_font_size=\u00a0\u00bb25px\u00a0\u00bb header_3_font_size=\u00a0\u00bb25px\u00a0\u00bb header_4_font_size=\u00a0\u00bb20px\u00a0\u00bb custom_margin=\u00a0\u00bb30px||0px||false|false\u00a0\u00bb hover_enabled=\u00a0\u00bb0&Prime; global_colors_info=\u00a0\u00bb{}\u00a0\u00bb sticky_enabled=\u00a0\u00bb0&Prime;]<\/p>\n<h2><span>Ingr\u00e9dients:<\/span><\/h2>\n<ul data-start=\"1387\" data-end=\"1534\">\n<li data-section-id=\"j4dwme\" data-start=\"2160\" data-end=\"2179\">1\/2 tasse de roul\u00e9 d\u2019avoine<span aria-hidden=\"true\" class=\"PDq2pG_selectionAnchor\"><\/span><\/li>\n<li data-section-id=\"19qelqn\" data-start=\"2180\" data-end=\"2224\">1 cuill\u00e8re de poudre prot\u00e9in\u00e9e au chocolat de votre choix<\/li>\n<li data-section-id=\"1j034at\" data-start=\"2225\" data-end=\"2245\">1 cuill\u00e8re \u00e0 soupe de graines de chia <\/li>\n<li data-section-id=\"nbuidy\" data-start=\"2246\" data-end=\"2267\">1\/2 cuill\u00e8re \u00e0 caf\u00e9 de cacao en poudre <\/li>\n<li data-section-id=\"1y62uoh\" data-start=\"2268\" data-end=\"2290\">3\/4 de tasse de lait choisi<\/li>\n<li data-section-id=\"1kb0xqg\" data-start=\"2291\" data-end=\"2314\">1\/2 tasse de cerises surgel\u00e9es<\/li>\n<li data-section-id=\"1llj1r1\" data-start=\"2315\" data-end=\"2337\">Plumes de cacao, optionnelles<\/li>\n<\/ul>\n<p>[\/et_pb_text][\/et_pb_column][et_pb_column type=\u00a0\u00bb1_2&Prime; _builder_version=\u00a0\u00bb4.27.0&Prime; _module_preset=\u00a0\u00bbdefault\u00a0\u00bb global_colors_info=\u00a0\u00bb{}\u00a0\u00bb][et_pb_image src=\u00a0\u00bbhttps:\/\/www.lupuscanada.org\/wp-content\/uploads\/2026\/09\/IMG_8876-scaled.jpg\u00a0\u00bb _builder_version=\u00a0\u00bb4.27.7&Prime; _module_preset=\u00a0\u00bbdefault\u00a0\u00bb alt=\u00a0\u00bbAvoine de nuit Black Forest, garnies de cerises et servies avec des flocons d\u2019avoine roul\u00e9s et des graines de chia\u00a0\u00bb title_text=\u00a0\u00bbRecette d\u2019avoine de nuit \u00e0 la For\u00eat-Noire\u00a0\u00bb width=\u00a0\u00bb82%\u00a0\u00bb custom_margin=\u00a0\u00bb15px||15px||true|false\u00a0\u00bb hover_enabled=\u00a0\u00bb0&Prime; sticky_enabled=\u00a0\u00bb0&Prime;][\/et_pb_image][\/et_pb_column][\/et_pb_row][et_pb_row _builder_version=\u00a0\u00bb4.27.7&Prime; _module_preset=\u00a0\u00bbdefault\u00a0\u00bb background_color=\u00a0\u00bb#efecf4&Prime; background_enable_image=\u00a0\u00bboff\u00a0\u00bb custom_margin=\u00a0\u00bb16px||||false|false\u00a0\u00bb custom_padding=\u00a0\u00bb20px||20px||true|false\u00a0\u00bb border_radii=\u00a0\u00bbon|22px|22px|22px|22px\u00a0\u00bb box_shadow_style=\u00a0\u00bbpreset2&Prime; global_colors_info=\u00a0\u00bb{}\u00a0\u00bb][et_pb_column type=\u00a0\u00bb4_4&Prime; _builder_version=\u00a0\u00bb4.25.0&Prime; _module_preset=\u00a0\u00bbdefault\u00a0\u00bb global_colors_info=\u00a0\u00bb{}\u00a0\u00bb][et_pb_heading title=\u00a0\u00bbComment pr\u00e9parer des flocons d\u2019avoine de la For\u00eat-Noire\u00a0\u00bb _builder_version=\u00a0\u00bb4.27.7&Prime; _module_preset=\u00a0\u00bbdefault\u00a0\u00bb title_level=\u00a0\u00bbh2&Prime; title_font=\u00a0\u00bb|600|||||||\u00a0\u00bb title_text_color=\u00a0\u00bb#6B198A\u00a0\u00bb title_font_size=\u00a0\u00bb22px\u00a0\u00bb min_height=\u00a0\u00bb45.2px\u00a0\u00bb custom_margin=\u00a0\u00bb0px||0px||true|false\u00a0\u00bb custom_padding=\u00a0\u00bb0px||0px||false|false\u00a0\u00bb hover_enabled=\u00a0\u00bb0&Prime; title_font_size_tablet=\u00a0\u00bb29px\u00a0\u00bb title_font_size_phone=\u00a0\u00bb19px\u00a0\u00bb title_font_size_last_edited=\u00a0\u00bboff|desktop\u00a0\u00bb global_colors_info=\u00a0\u00bb{}\u00a0\u00bb sticky_enabled=\u00a0\u00bb0&Prime;][\/et_pb_heading][et_pb_text _builder_version=\u00a0\u00bb4.27.7&Prime; _module_preset=\u00a0\u00bbdefault\u00a0\u00bb header_6_font=\u00a0\u00bbNoto Sans||on||||||\u00a0\u00bb header_6_font_size=\u00a0\u00bb20px\u00a0\u00bb custom_margin=\u00a0\u00bb0px||25px||false|false\u00a0\u00bb hover_enabled=\u00a0\u00bb0&Prime; global_colors_info=\u00a0\u00bb{}\u00a0\u00bb sticky_enabled=\u00a0\u00bb0&Prime;]<\/p>\n<p data-start=\"2383\" data-end=\"2490\" class=\"PDq2pG_selectionAnchorContainer\">M\u00e9langez l\u2019avoine, la poudre de prot\u00e9ines, les graines de chia et la poudre de cacao dans un petit r\u00e9cipient ou un bocal. Remuez pour m\u00e9langer. <span aria-hidden=\"true\" class=\"PDq2pG_selectionAnchor\"><\/span><\/p>\n<p data-start=\"2492\" data-end=\"2530\">Ajoutez le lait de votre choix et remuez \u00e0 nouveau.<\/p>\n<p data-start=\"2532\" data-end=\"2597\">Garnissez d\u2019une demi-tasse de cerises surgel\u00e9es et laissez-les au r\u00e9frig\u00e9rateur toute la nuit.<\/p>\n<p data-start=\"2599\" data-end=\"2652\">Le matin, remuez rapidement l\u2019avoine et profitez-en !<\/p>\n<p>[\/et_pb_text][et_pb_video _builder_version=\u00a0\u00bb4.27.4&Prime; _module_preset=\u00a0\u00bbdefault\u00a0\u00bb global_colors_info=\u00a0\u00bb{}\u00a0\u00bb][\/et_pb_video][\/et_pb_column][\/et_pb_row][et_pb_row _builder_version=\u00a0\u00bb4.27.6&Prime; _module_preset=\u00a0\u00bbdefault\u00a0\u00bb custom_margin=\u00a0\u00bb0px||0px||true|false\u00a0\u00bb custom_padding=\u00a0\u00bb26px||||false|false\u00a0\u00bb global_colors_info=\u00a0\u00bb{}\u00a0\u00bb][et_pb_column type=\u00a0\u00bb4_4&Prime; _builder_version=\u00a0\u00bb4.27.4&Prime; _module_preset=\u00a0\u00bbdefault\u00a0\u00bb global_colors_info=\u00a0\u00bb{}\u00a0\u00bb][et_pb_text _builder_version=\u00a0\u00bb4.27.7&Prime; _module_preset=\u00a0\u00bbdefault\u00a0\u00bb link_font=\u00a0\u00bb||||on||||\u00a0\u00bb global_colors_info=\u00a0\u00bb{}\u00a0\u00bb]<\/p>\n<p data-start=\"3129\" data-end=\"3267\">Pour plus d\u2019informations sur la fa\u00e7on de bien manger et de faire des choix de vie durables, d\u00e9couvrez nos ressources <a href=\"https:\/\/www.lupuscanada.org\/fr\/mode-de-vie-et-bien-etre\/\"><strong data-start=\"2141\" data-end=\"2165\">Lifestyle &#038; Wellness<\/strong><\/a> con\u00e7ues pour aider les personnes \u00e0 apprendre \u00e0 bien vivre avec le lupus.<\/p>\n<p>[\/et_pb_text][et_pb_text _builder_version=\u00a0\u00bb4.27.5&Prime; _module_preset=\u00a0\u00bbdefault\u00a0\u00bb custom_margin=\u00a0\u00bb32px||32px||true|false\u00a0\u00bb custom_padding=\u00a0\u00bb||1px|||\u00a0\u00bb global_colors_info=\u00a0\u00bb{}\u00a0\u00bb]<\/p>\n<p class=\"p1\" style=\"text-align: center;\"><em><strong>Les recettes utilis\u00e9es par Lupus Canada ont \u00e9t\u00e9 examin\u00e9es et approuv\u00e9es par un nutritionniste holistique agr\u00e9\u00e9.<\/strong><\/em><\/p>\n<p>[\/et_pb_text][\/et_pb_column][\/et_pb_row][et_pb_row column_structure=\u00a0\u00bb1_2,1_2&Prime; _builder_version=\u00a0\u00bb4.27.5&Prime; _module_preset=\u00a0\u00bbdefault\u00a0\u00bb background_image=\u00a0\u00bbhttps:\/\/www.lupuscanada.org\/wp-content\/uploads\/2024\/05\/Rectangle-1674.png\u00a0\u00bb custom_margin=\u00a0\u00bb14px||14px||true|false\u00a0\u00bb custom_padding=\u00a0\u00bb16px||16px||true|false\u00a0\u00bb global_colors_info=\u00a0\u00bb{}\u00a0\u00bb][et_pb_column type=\u00a0\u00bb1_2&Prime; _builder_version=\u00a0\u00bb4.27.5&Prime; _module_preset=\u00a0\u00bbdefault\u00a0\u00bb global_colors_info=\u00a0\u00bb{}\u00a0\u00bb][et_pb_text _builder_version=\u00a0\u00bb4.27.6&Prime; _module_preset=\u00a0\u00bbdefault\u00a0\u00bb link_text_color=\u00a0\u00bb#FFFFFF\u00a0\u00bb header_2_font=\u00a0\u00bbNoto Sans|&#8211;et_global_body_font_weight|||||||\u00a0\u00bb header_2_text_color=\u00a0\u00bb#FFFFFF\u00a0\u00bb header_2_font_size=\u00a0\u00bb24px\u00a0\u00bb custom_margin=\u00a0\u00bb46px||46px||true|false\u00a0\u00bb global_colors_info=\u00a0\u00bb{}\u00a0\u00bb]<\/p>\n<h2 data-start=\"1828\" data-end=\"1858\"><em>\u00c0 propos de Avec Amour de Jamey<\/em><\/h2>\n<p data-start=\"1860\" data-end=\"2135\"><span style=\"color: #ffffff;\"><a href=\"https:\/\/www.withlovefromjamey.com\/blog\" target=\"_blank\" rel=\"noopener\"><em data-start=\"1860\" data-end=\"1882\">With Love From Jamey<\/em> <\/a>est une plateforme alimentaire et bien-\u00eatre cr\u00e9\u00e9e par le cr\u00e9ateur num\u00e9rique et d\u00e9veloppeur de recettes Jamey Kay. Ses recettes nourrissantes et compl\u00e8tes reposent sur la simplicit\u00e9, la compassion et le bien-\u00eatre quotidien, et sont partag\u00e9es chaque mois dans le cadre du Coin des recettes Lupus Canada. <\/span><\/p>\n<p>[\/et_pb_text][\/et_pb_column][et_pb_column type=\u00a0\u00bb1_2&Prime; _builder_version=\u00a0\u00bb4.27.5&Prime; _module_preset=\u00a0\u00bbdefault\u00a0\u00bb global_colors_info=\u00a0\u00bb{}\u00a0\u00bb][et_pb_image src=\u00a0\u00bbhttps:\/\/www.lupuscanada.org\/wp-content\/uploads\/2024\/09\/September_16_IG.png\u00a0\u00bb alt=\u00a0\u00bbPortrait de Jamey Kay, d\u00e9veloppeur de recettes et contributeur au Coin des recettes Lupus Canada\u00a0\u00bb title_text=\u00a0\u00bbJamey Kay | Avec amour de la part de Jamey\u00a0\u00bb _builder_version=\u00a0\u00bb4.27.5&Prime; _module_preset=\u00a0\u00bbdefault\u00a0\u00bb width_tablet=\u00a0\u00bb57%\u00a0\u00bb width_phone=\u00a0\u00bb57%\u00a0\u00bb width_last_edited=\u00a0\u00bbon|tablet\u00a0\u00bb module_alignment=\u00a0\u00bbcenter\u00a0\u00bb custom_margin_tablet=\u00a0\u00bb-55px||||false|false\u00a0\u00bb custom_margin_phone=\u00a0\u00bb-55px||||false|false\u00a0\u00bb custom_margin_last_edited=\u00a0\u00bbon|tablet\u00a0\u00bb global_colors_info=\u00a0\u00bb{}\u00a0\u00bb][\/et_pb_image][\/et_pb_column][\/et_pb_row][\/et_pb_section]<\/p>\n","protected":false},"excerpt":{"rendered":"<p>Essayez ces flocons d\u2019avoine Black Forest Overnight pour un petit-d\u00e9jeuner facile \u00e0 pr\u00e9parer \u00e0 l\u2019avance avec chocolat, cerises, prot\u00e9ines et fibres. Parfait pour les matins charg\u00e9s. <\/p>\n","protected":false},"author":4,"featured_media":0,"comment_status":"closed","ping_status":"closed","sticky":false,"template":"","format":"standard","meta":{"_acf_changed":false,"_et_pb_use_builder":"on","_et_pb_old_content":"","_et_gb_content_width":"","footnotes":""},"categories":[92],"tags":[708,782,783,723,522,148,784,381,220,785,713],"topic":[135],"audience":[123,122,124],"class_list":["post-13656","post","type-post","status-publish","format-standard","hentry","category-article-fr","tag-anti-inflammatoire-2","tag-avoine-de-nuit-en-foret-noire","tag-avoine-pour-la-nuit","tag-haute-fibre","tag-preparation-des-repas","tag-recette","tag-recettes-du-petit-dejeuner","tag-regime-lupus","tag-retour-a-lecole","tag-riche-en-proteines","tag-sans-produits-laitiers-2","topic-recette","audience-j-ai-le-lupus","audience-j-ai-recemment-recu-un-diagnostic","audience-une-personne-a-qui-je-tiens-a-le-lupus"],"acf":[],"_links":{"self":[{"href":"https:\/\/www.lupuscanada.org\/fr\/wp-json\/wp\/v2\/posts\/13656","targetHints":{"allow":["GET"]}}],"collection":[{"href":"https:\/\/www.lupuscanada.org\/fr\/wp-json\/wp\/v2\/posts"}],"about":[{"href":"https:\/\/www.lupuscanada.org\/fr\/wp-json\/wp\/v2\/types\/post"}],"author":[{"embeddable":true,"href":"https:\/\/www.lupuscanada.org\/fr\/wp-json\/wp\/v2\/users\/4"}],"replies":[{"embeddable":true,"href":"https:\/\/www.lupuscanada.org\/fr\/wp-json\/wp\/v2\/comments?post=13656"}],"version-history":[{"count":2,"href":"https:\/\/www.lupuscanada.org\/fr\/wp-json\/wp\/v2\/posts\/13656\/revisions"}],"predecessor-version":[{"id":13658,"href":"https:\/\/www.lupuscanada.org\/fr\/wp-json\/wp\/v2\/posts\/13656\/revisions\/13658"}],"wp:attachment":[{"href":"https:\/\/www.lupuscanada.org\/fr\/wp-json\/wp\/v2\/media?parent=13656"}],"wp:term":[{"taxonomy":"category","embeddable":true,"href":"https:\/\/www.lupuscanada.org\/fr\/wp-json\/wp\/v2\/categories?post=13656"},{"taxonomy":"post_tag","embeddable":true,"href":"https:\/\/www.lupuscanada.org\/fr\/wp-json\/wp\/v2\/tags?post=13656"},{"taxonomy":"topic","embeddable":true,"href":"https:\/\/www.lupuscanada.org\/fr\/wp-json\/wp\/v2\/topic?post=13656"},{"taxonomy":"audience","embeddable":true,"href":"https:\/\/www.lupuscanada.org\/fr\/wp-json\/wp\/v2\/audience?post=13656"}],"curies":[{"name":"wp","href":"https:\/\/api.w.org\/{rel}","templated":true}]}},{"id":13641,"date":"2026-08-27T16:57:15","date_gmt":"2026-08-27T16:57:15","guid":{"rendered":"https:\/\/www.lupuscanada.org\/vivre-avec-le-lupus-lhistoire-dalessandra-panniculite-du-lupus-et-auto-defense\/"},"modified":"2026-09-02T19:22:24","modified_gmt":"2026-09-02T19:22:24","slug":"vivre-avec-le-lupus-lhistoire-dalessandra-panniculite-du-lupus-et-auto-defense","status":"publish","type":"post","link":"https:\/\/www.lupuscanada.org\/fr\/vivre-avec-le-lupus-lhistoire-dalessandra-panniculite-du-lupus-et-auto-defense\/","title":{"rendered":"Vivre avec le lupus : l\u2019histoire d\u2019Alessandra | Panniculite du lupus et auto-d\u00e9fense"},"content":{"rendered":"<p>[et_pb_section fb_built=\u00a0\u00bb1&Prime; _builder_version=\u00a0\u00bb4.27.0&Prime; _module_preset=\u00a0\u00bbdefault\u00a0\u00bb custom_margin_tablet=\u00a0\u00bb\u00a0\u00bb custom_margin_phone=\u00a0\u00bb-130px||||false|false\u00a0\u00bb custom_margin_last_edited=\u00a0\u00bbon|phone\u00a0\u00bb custom_padding=\u00a0\u00bb0px||1px|||\u00a0\u00bb da_disable_devices=\u00a0\u00bboff|off|off\u00a0\u00bb global_colors_info=\u00a0\u00bb{}\u00a0\u00bb da_is_popup=\u00a0\u00bboff\u00a0\u00bb da_exit_intent=\u00a0\u00bboff\u00a0\u00bb da_has_close=\u00a0\u00bbon\u00a0\u00bb da_alt_close=\u00a0\u00bboff\u00a0\u00bb da_dark_close=\u00a0\u00bboff\u00a0\u00bb da_not_modal=\u00a0\u00bbon\u00a0\u00bb da_is_singular=\u00a0\u00bboff\u00a0\u00bb da_with_loader=\u00a0\u00bboff\u00a0\u00bb da_has_shadow=\u00a0\u00bbon\u00a0\u00bb][et_pb_row _builder_version=\u00a0\u00bb4.27.5&Prime; _module_preset=\u00a0\u00bbdefault\u00a0\u00bb custom_margin=\u00a0\u00bb15px||15px||true|false\u00a0\u00bb global_colors_info=\u00a0\u00bb{}\u00a0\u00bb][et_pb_column type=\u00a0\u00bb4_4&Prime; _builder_version=\u00a0\u00bb4.27.3&Prime; _module_preset=\u00a0\u00bbdefault\u00a0\u00bb global_colors_info=\u00a0\u00bb{}\u00a0\u00bb][et_pb_text _builder_version=\u00a0\u00bb4.27.7&Prime; _module_preset=\u00a0\u00bbdefault\u00a0\u00bb global_colors_info=\u00a0\u00bb{}\u00a0\u00bb]<\/p>\n<p><em>Parlons lupus : Conversations avec Macenzie \u2014 Histoires vraies de Canadiens vivant avec le lupus.<\/em><\/p>\n<p>[\/et_pb_text][\/et_pb_column][\/et_pb_row][et_pb_row _builder_version=\u00a0\u00bb4.27.7&Prime; _module_preset=\u00a0\u00bbdefault\u00a0\u00bb custom_margin=\u00a0\u00bb0px||||false|false\u00a0\u00bb global_colors_info=\u00a0\u00bb{}\u00a0\u00bb][et_pb_column type=\u00a0\u00bb4_4&Prime; _builder_version=\u00a0\u00bb4.27.0&Prime; _module_preset=\u00a0\u00bbdefault\u00a0\u00bb global_colors_info=\u00a0\u00bb{}\u00a0\u00bb][et_pb_text quote_border_color=\u00a0\u00bb#3E005C\u00a0\u00bb _builder_version=\u00a0\u00bb4.27.7&Prime; _module_preset=\u00a0\u00bbdefault\u00a0\u00bb quote_text_color=\u00a0\u00bb#6B198A\u00a0\u00bb header_2_font_size=\u00a0\u00bb22px\u00a0\u00bb custom_margin=\u00a0\u00bb8px||||false|false\u00a0\u00bb hover_enabled=\u00a0\u00bb0&Prime; global_colors_info=\u00a0\u00bb{}\u00a0\u00bb sticky_enabled=\u00a0\u00bb0&Prime;]<\/p>\n<p data-start=\"502\" data-end=\"738\">Son grand d\u00e9m\u00e9nagement du Salvador \u00e0 Oshawa pour poursuivre un dipl\u00f4me au Durham College a marqu\u00e9 un tout nouveau chapitre pour Alessandra, alors \u00e2g\u00e9e de 20 ans. Comme toute \u00e9tudiante d\u00e9butant l\u2019universit\u00e9, elle est arriv\u00e9e pleine d\u2019anticipation, d\u2019excitation et, bien s\u00fbr, de nervosit\u00e9. <\/p>\n<p data-start=\"740\" data-end=\"947\">Mais le d\u00e9m\u00e9nagement d\u2019Alessandra s\u2019est accompagn\u00e9 d\u2019une certaine appr\u00e9hension. Dans les mois pr\u00e9c\u00e9dant son d\u00e9part, elle avait commenc\u00e9 \u00e0 ressentir des sympt\u00f4mes inhabituels et d\u00e9routants que les m\u00e9decins au Salvador n\u2019avaient pas pu expliquer. <\/p>\n<p data-start=\"949\" data-end=\"1041\">\u00ab J\u2019ai commenc\u00e9 \u00e0 avoir de tr\u00e8s gros maux de t\u00eate, et je restais juste allong\u00e9e dans mon lit \u00e0 pleurer \u00bb, explique-t-elle.<\/p>\n<p data-start=\"1043\" data-end=\"1248\">La douleur devint si insupportable qu\u2019elle a pris rendez-vous avec un neurologue, o\u00f9 elle a subi plusieurs examens. On a dit \u00e0 Alessandra qu\u2019elle souffrait de migraines vasculaires et on lui a prescrit du Gabapentin. <\/p>\n<p data-start=\"1160\" data-end=\"1390\"><strong><span>\u00ab Le m\u00e9dicament a aid\u00e9, mais la douleur n\u2019\u00e9tait pas compl\u00e8tement partie. Mon p\u00e8re a commenc\u00e9 \u00e0 s\u2019inqui\u00e9ter vraiment, alors on a d\u00e9cid\u00e9 d\u2019essayer la kin\u00e9sith\u00e9rapie sur mon cou. \u00bb<\/span><\/strong><\/p>\n<p>[\/et_pb_text][et_pb_image src=\u00a0\u00bbhttps:\/\/www.lupuscanada.org\/wp-content\/uploads\/2026\/08\/1.jpeg\u00a0\u00bb alt=\u00a0\u00bbAlessandra Alas avec son p\u00e8re pendant son s\u00e9jour au Canada\u00a0\u00bb title_text=\u00a0\u00bbVivre avec le lupus : Alessandra et son p\u00e8re\u00a0\u00bb align=\u00a0\u00bbcenter\u00a0\u00bb _builder_version=\u00a0\u00bb4.27.7&Prime; _module_preset=\u00a0\u00bbdefault\u00a0\u00bb width=\u00a0\u00bb90%\u00a0\u00bb hover_enabled=\u00a0\u00bb0&Prime; global_colors_info=\u00a0\u00bb{}\u00a0\u00bb sticky_enabled=\u00a0\u00bb0&Prime;][\/et_pb_image][\/et_pb_column][\/et_pb_row][et_pb_row _builder_version=\u00a0\u00bb4.27.7&Prime; _module_preset=\u00a0\u00bbdefault\u00a0\u00bb custom_margin=\u00a0\u00bb24px||15px||false|false\u00a0\u00bb hover_enabled=\u00a0\u00bb0&Prime; global_colors_info=\u00a0\u00bb{}\u00a0\u00bb sticky_enabled=\u00a0\u00bb0&Prime;][et_pb_column type=\u00a0\u00bb4_4&Prime; _builder_version=\u00a0\u00bb4.27.0&Prime; _module_preset=\u00a0\u00bbdefault\u00a0\u00bb global_colors_info=\u00a0\u00bb{}\u00a0\u00bb][et_pb_text _builder_version=\u00a0\u00bb4.27.7&Prime; _module_preset=\u00a0\u00bbdefault\u00a0\u00bb header_2_font=\u00a0\u00bbNoto Sans||||||||\u00a0\u00bb header_2_font_size=\u00a0\u00bb22px\u00a0\u00bb custom_padding=\u00a0\u00bb||2px|||\u00a0\u00bb hover_enabled=\u00a0\u00bb0&Prime; global_colors_info=\u00a0\u00bb{}\u00a0\u00bb sticky_enabled=\u00a0\u00bb0&Prime;]<\/p>\n<p data-start=\"1443\" data-end=\"1649\" class=\"PDq2pG_selectionAnchorContainer\">Pendant tout cela, Alessandra remarqua une petite bosse se former sur sa joue gauche. Au d\u00e9but, elle n\u2019\u00e9tait pas trop inqui\u00e8te, car la gravit\u00e9 de ses maux de t\u00eate consumait la majeure partie de son attention et de son \u00e9nergie. <span aria-hidden=\"true\" class=\"PDq2pG_selectionAnchor\"><\/span><\/p>\n<p data-start=\"1651\" data-end=\"1785\">\u00ab Puis j\u2019ai vu qu\u2019il grossissait vraiment et ne disparaissait pas tout seul. C\u2019est l\u00e0 qu\u2019on a d\u00e9cid\u00e9 que je devrais retourner chez le m\u00e9decin. \u00bb<\/p>\n<p data-start=\"1787\" data-end=\"1960\">Les m\u00e9decins \u00e9taient perplexes face \u00e0 la masse d\u00e9sormais importante sur sa joue. Ils ont dit \u00e0 Alessandra \u00ab c\u2019\u00e9tait assez rare. \u00bb Craignant que cela puisse \u00eatre canc\u00e9reux, les m\u00e9decins ont recommand\u00e9 une biopsie.  <\/p>\n<p>[\/et_pb_text][\/et_pb_column][\/et_pb_row][et_pb_row column_structure=\u00a0\u00bb3_5,2_5&Prime; _builder_version=\u00a0\u00bb4.27.7&Prime; _module_preset=\u00a0\u00bbdefault\u00a0\u00bb custom_margin=\u00a0\u00bb24px||15px||false|false\u00a0\u00bb global_colors_info=\u00a0\u00bb{}\u00a0\u00bb][et_pb_column type=\u00a0\u00bb3_5&Prime; _builder_version=\u00a0\u00bb4.27.0&Prime; _module_preset=\u00a0\u00bbdefault\u00a0\u00bb global_colors_info=\u00a0\u00bb{}\u00a0\u00bb][et_pb_text _builder_version=\u00a0\u00bb4.27.7&Prime; _module_preset=\u00a0\u00bbdefault\u00a0\u00bb header_2_font=\u00a0\u00bbNoto Sans||||||||\u00a0\u00bb header_2_font_size=\u00a0\u00bb22px\u00a0\u00bb custom_padding=\u00a0\u00bb||2px|||\u00a0\u00bb hover_enabled=\u00a0\u00bb0&Prime; global_colors_info=\u00a0\u00bb{}\u00a0\u00bb sticky_enabled=\u00a0\u00bb0&Prime;]<\/p>\n<p data-start=\"2025\" data-end=\"2141\" class=\"PDq2pG_selectionAnchorContainer\">\u00c0 la grande satisfaction d\u2019Alessandra, les r\u00e9sultats ne montraient aucun signe de cancer. Mais la masse elle-m\u00eame montrait des signes \u00e9vidents d\u2019infection. <span aria-hidden=\"true\" class=\"PDq2pG_selectionAnchor\"><\/span><\/p>\n<p data-start=\"2143\" data-end=\"2310\">Les m\u00e9decins n\u2019ont pas approfondi l\u2019enqu\u00eate et ont dit \u00e0 Alessandra de laisser tomber car ils \u00ab avaient de toute fa\u00e7on retir\u00e9 la masse \u00bb. Sur ce, elle est partie au Canada pour ses \u00e9tudes. <\/p>\n<p data-start=\"2312\" data-end=\"2490\">\u00ab J\u2019avais encore tous mes sympt\u00f4mes quand j\u2019ai d\u00e9m\u00e9nag\u00e9 au Canada \u00bb, dit-elle. \u00ab \u00c0 un moment, je me suis dit &lsquo;Peut-\u00eatre que c\u2019est \u00e7a, \u00eatre adulte&rsquo;, parce que mon corps souffrait toujours. \u00bb <\/p>\n<p>[\/et_pb_text][\/et_pb_column][et_pb_column type=\u00a0\u00bb2_5&Prime; _builder_version=\u00a0\u00bb4.27.0&Prime; _module_preset=\u00a0\u00bbdefault\u00a0\u00bb global_colors_info=\u00a0\u00bb{}\u00a0\u00bb][et_pb_image src=\u00a0\u00bbhttps:\/\/www.lupuscanada.org\/wp-content\/uploads\/2026\/08\/3.jpeg\u00a0\u00bb _builder_version=\u00a0\u00bb4.27.7&Prime; _module_preset=\u00a0\u00bbdefault\u00a0\u00bb alt=\u00a0\u00bbAlessandra documentant les sympt\u00f4mes affectant sa joue gauche avant son diagnostic de lupus\u00a0\u00bb title_text=\u00a0\u00bbVivre avec le lupus : sympt\u00f4mes inexpliqu\u00e9s de la joue d\u2019Alessandra\u00a0\u00bb hover_enabled=\u00a0\u00bb0&Prime; sticky_enabled=\u00a0\u00bb0&Prime; custom_margin=\u00a0\u00bb-12px||||false|false\u00a0\u00bb width_last_edited=\u00a0\u00bbon|tablet\u00a0\u00bb width_tablet=\u00a0\u00bb40%\u00a0\u00bb align_last_edited=\u00a0\u00bbon|tablet\u00a0\u00bb align_tablet=\u00a0\u00bbcenter\u00a0\u00bb width_phone=\u00a0\u00bb40%\u00a0\u00bb align_phone=\u00a0\u00bbcenter\u00a0\u00bb][\/et_pb_image][\/et_pb_column][\/et_pb_row][et_pb_row _builder_version=\u00a0\u00bb4.27.3&Prime; _module_preset=\u00a0\u00bbdefault\u00a0\u00bb global_colors_info=\u00a0\u00bb{}\u00a0\u00bb][et_pb_column type=\u00a0\u00bb4_4&Prime; _builder_version=\u00a0\u00bb4.27.3&Prime; _module_preset=\u00a0\u00bbdefault\u00a0\u00bb global_colors_info=\u00a0\u00bb{}\u00a0\u00bb][et_pb_text quote_border_color=\u00a0\u00bb#3E005C\u00a0\u00bb _builder_version=\u00a0\u00bb4.27.7&Prime; _module_preset=\u00a0\u00bbdefault\u00a0\u00bb quote_text_color=\u00a0\u00bb#3E005C\u00a0\u00bb header_2_font=\u00a0\u00bbNoto Sans||||||||\u00a0\u00bb header_2_font_size=\u00a0\u00bb22px\u00a0\u00bb custom_margin=\u00a0\u00bb20px||20px||true|false\u00a0\u00bb custom_padding=\u00a0\u00bb||2px|||\u00a0\u00bb hover_enabled=\u00a0\u00bb0&Prime; global_colors_info=\u00a0\u00bb{}\u00a0\u00bb sticky_enabled=\u00a0\u00bb0&Prime;]<\/p>\n<h2 data-start=\"2121\" data-end=\"2271\" class=\"PDq2pG_selectionAnchorContainer\"><span>Chercher des r\u00e9ponses tout en \u00e9tudiant au Canada<\/span><\/h2>\n<p data-start=\"2543\" data-end=\"2782\" class=\"PDq2pG_selectionAnchorContainer\">Au cours de ses deux premi\u00e8res ann\u00e9es au Durham College, la douleur d\u2019Alessandra a commenc\u00e9 \u00e0 s\u2019\u00e9tendre au-del\u00e0 de ses maux de t\u00eate, \u00e9voluant en douleurs persistantes aux \u00e9paules et au cou. Elle souffrait \u00e9galement d\u2019une fatigue chronique qu\u2019aucun sommeil ne semblait soulager. <span aria-hidden=\"true\" class=\"PDq2pG_selectionAnchor\"><\/span><\/p>\n<p data-start=\"2784\" data-end=\"2924\">\u00ab \u00c0 ce moment-l\u00e0, j\u2019\u00e9tais tr\u00e8s stress\u00e9e parce que les m\u00e9decins continuaient \u00e0 me prescrire des analg\u00e9siques ou des diagnostics qui ne m\u2019aidaient pas vraiment. \u00bb<\/p>\n<p data-start=\"2926\" data-end=\"3036\">Les choses sont rest\u00e9es ainsi jusqu\u2019en 2024, lorsque la s\u0153ur d\u2019Alessandra a remarqu\u00e9 quelque chose d\u2019\u00e9trange se former sur son bras droit.<\/p>\n<p data-start=\"3038\" data-end=\"3167\">\u00ab Elle a fait remarquer que j\u2019avais une grosse bosse sur le bras et que si tu la touchais, tu pouvais sentir de petites bosses \u00e0 l\u2019int\u00e9rieur de la peau. \u00bb<\/p>\n<p>[\/et_pb_text][\/et_pb_column][\/et_pb_row][et_pb_row _builder_version=\u00a0\u00bb4.27.7&Prime; _module_preset=\u00a0\u00bbdefault\u00a0\u00bb custom_margin=\u00a0\u00bb15px||30px||false|false\u00a0\u00bb custom_padding=\u00a0\u00bb||0px|||\u00a0\u00bb hover_enabled=\u00a0\u00bb0&Prime; global_colors_info=\u00a0\u00bb{}\u00a0\u00bb column_structure=\u00a0\u00bb3_5,2_5&Prime; sticky_enabled=\u00a0\u00bb0&Prime;][et_pb_column type=\u00a0\u00bb3_5&Prime; _builder_version=\u00a0\u00bb4.27.3&Prime; _module_preset=\u00a0\u00bbdefault\u00a0\u00bb global_colors_info=\u00a0\u00bb{}\u00a0\u00bb][et_pb_text quote_border_color=\u00a0\u00bb#3E005C\u00a0\u00bb _builder_version=\u00a0\u00bb4.27.7&Prime; _module_preset=\u00a0\u00bbdefault\u00a0\u00bb link_text_color=\u00a0\u00bb#3E005C\u00a0\u00bb quote_text_color=\u00a0\u00bb#3E005C\u00a0\u00bb header_2_font=\u00a0\u00bbNoto Sans||||||||\u00a0\u00bb header_2_font_size=\u00a0\u00bb22px\u00a0\u00bb custom_margin=\u00a0\u00bb0px||0px||true|false\u00a0\u00bb custom_padding=\u00a0\u00bb||0px|||\u00a0\u00bb hover_enabled=\u00a0\u00bb0&Prime; global_colors_info=\u00a0\u00bb{}\u00a0\u00bb sticky_enabled=\u00a0\u00bb0&Prime;]<\/p>\n<p data-start=\"3224\" data-end=\"3447\" class=\"PDq2pG_selectionAnchorContainer\">Sans explication pour ses sympt\u00f4mes, son esprit commen\u00e7ait \u00e0 sauter vers les pires sc\u00e9narios. Alessandra prit rapidement rendez-vous avec le m\u00e9decin du campus, qui l\u2019aida \u00e0 apaiser certaines de ses inqui\u00e9tudes et la r\u00e9f\u00e9ra pour des tests. <span aria-hidden=\"true\" class=\"PDq2pG_selectionAnchor\"><\/span><\/p>\n<p data-start=\"3449\" data-end=\"3596\">Une \u00e9chographie confirma que la bosse sur son bras \u00e9tait compos\u00e9e de petits nodules, mais il n\u2019y avait toujours pas d\u2019explication claire sur la raison ou la fa\u00e7on dont ils s\u2019\u00e9taient d\u00e9velopp\u00e9s.<\/p>\n<p data-start=\"3598\" data-end=\"3719\">Cherchant \u00e0 la fois le soutien de sa famille et un acc\u00e8s plus rapide aux soins m\u00e9dicaux, Alessandra a pris l\u2019avion pour rentrer au Salvador pendant une semaine.<\/p>\n<p>[\/et_pb_text][\/et_pb_column][et_pb_column type=\u00a0\u00bb2_5&Prime; _builder_version=\u00a0\u00bb4.27.3&Prime; _module_preset=\u00a0\u00bbdefault\u00a0\u00bb global_colors_info=\u00a0\u00bb{}\u00a0\u00bb][et_pb_image src=\u00a0\u00bbhttps:\/\/www.lupuscanada.org\/wp-content\/uploads\/2026\/08\/7.jpeg\u00a0\u00bb _builder_version=\u00a0\u00bb4.27.7&Prime; _module_preset=\u00a0\u00bbdefault\u00a0\u00bb alt=\u00a0\u00bbUne empreinte sur le haut du bras d\u2019Alessandra qui a conduit \u00e0 des examens m\u00e9dicaux suppl\u00e9mentaires\u00a0\u00bb title_text=\u00a0\u00bbVivre avec le lupus : sympt\u00f4mes du bras d\u2019Alessandra\u00a0\u00bb hover_enabled=\u00a0\u00bb0&Prime; sticky_enabled=\u00a0\u00bb0&Prime; width=\u00a0\u00bb100%\u00a0\u00bb align_last_edited=\u00a0\u00bbon|tablet\u00a0\u00bb align_tablet=\u00a0\u00bbcenter\u00a0\u00bb width_last_edited=\u00a0\u00bbon|desktop\u00a0\u00bb align_phone=\u00a0\u00bbcenter\u00a0\u00bb width_tablet=\u00a0\u00bb100%\u00a0\u00bb width_phone=\u00a0\u00bb100%\u00a0\u00bb][\/et_pb_image][\/et_pb_column][\/et_pb_row][et_pb_row _builder_version=\u00a0\u00bb4.27.7&Prime; _module_preset=\u00a0\u00bbdefault\u00a0\u00bb hover_enabled=\u00a0\u00bb0&Prime; global_colors_info=\u00a0\u00bb{}\u00a0\u00bb sticky_enabled=\u00a0\u00bb0&Prime;][et_pb_column type=\u00a0\u00bb4_4&Prime; _builder_version=\u00a0\u00bb4.27.5&Prime; _module_preset=\u00a0\u00bbdefault\u00a0\u00bb global_colors_info=\u00a0\u00bb{}\u00a0\u00bb][et_pb_text _builder_version=\u00a0\u00bb4.27.7&Prime; _module_preset=\u00a0\u00bbdefault\u00a0\u00bb hover_enabled=\u00a0\u00bb0&Prime; global_colors_info=\u00a0\u00bb{}\u00a0\u00bb quote_font=\u00a0\u00bb&#8211;et_global_body_font|&#8211;et_global_body_font_weight|||||||\u00a0\u00bb quote_text_color=\u00a0\u00bb#6B198A\u00a0\u00bb quote_font_size=\u00a0\u00bb21px\u00a0\u00bb sticky_enabled=\u00a0\u00bb0&Prime; custom_margin=\u00a0\u00bb||||true\u00a0\u00bb quote_border_color=\u00a0\u00bb#6B198A\u00a0\u00bb]<\/p>\n<p data-start=\"3773\" data-end=\"3977\" class=\"PDq2pG_selectionAnchorContainer\">Au Salvador, ils ont test\u00e9 l\u2019atrophie musculaire, la myopathie, le cancer, la sarco\u00efdose, la granulomatose et \u00e0 peu pr\u00e8s tout ce qui touche le corps, y compris le lupus. Mais tous les r\u00e9sultats sont revenus n\u00e9gatifs. <span aria-hidden=\"true\" class=\"PDq2pG_selectionAnchor\"><\/span><\/p>\n<p data-start=\"3979\" data-end=\"4173\">Bien que les tests au Salvador aient \u00e9t\u00e9 plus rapides, l\u2019acc\u00e8s \u00e0 certaines technologies m\u00e9dicales \u00e9tait limit\u00e9. Finalement, les r\u00e9sultats \u00e9taient les m\u00eames que ceux de son \u00e9chographie initiale au Canada : non concluants. <\/p>\n<p>[\/et_pb_text][et_pb_testimonial _builder_version=\u00a0\u00bb4.27.7&Prime; _module_preset=\u00a0\u00bbdefault\u00a0\u00bb text_orientation=\u00a0\u00bbcenter\u00a0\u00bb custom_margin=\u00a0\u00bb40px|0px|40px|0px|true|true\u00a0\u00bb custom_margin_last_edited=\u00a0\u00bboff|tablet\u00a0\u00bb custom_padding=\u00a0\u00bb|85px||85px|false|true\u00a0\u00bb custom_padding_tablet=\u00a0\u00bb|150px||150px|false|true\u00a0\u00bb custom_padding_phone=\u00a0\u00bb|22px||22px|false|true\u00a0\u00bb custom_padding_last_edited=\u00a0\u00bbon|phone\u00a0\u00bb hover_enabled=\u00a0\u00bb0&Prime; global_colors_info=\u00a0\u00bb{}\u00a0\u00bb sticky_enabled=\u00a0\u00bb0&Prime; body_font=\u00a0\u00bb&#8211;et_global_body_font|600|||||||\u00a0\u00bb]<\/p>\n<p><span>\u00ab Au Salvador, un des m\u00e9decins pensait en fait que j\u2019avais une maladie auto-immune, surtout un lupus. Mais quand mes r\u00e9sultats ANA sont revenus n\u00e9gatifs, ils ont \u00e9t\u00e9 ignor\u00e9s. \u00bb<\/span><\/p>\n<p>[\/et_pb_testimonial][et_pb_image src=\u00a0\u00bbhttps:\/\/www.lupuscanada.org\/wp-content\/uploads\/2026\/08\/Twitter-2026-copy-7.png\u00a0\u00bb _builder_version=\u00a0\u00bb4.27.7&Prime; _module_preset=\u00a0\u00bbdefault\u00a0\u00bb alt=\u00a0\u00bbAlessandra subissant des examens m\u00e9dicaux tout en cherchant des r\u00e9ponses sur ses sympt\u00f4mes\u00a0\u00bb title_text=\u00a0\u00bbVivre avec le lupus : le parcours de diagnostic d\u2019Alessandra\u00a0\u00bb hover_enabled=\u00a0\u00bb0&Prime; sticky_enabled=\u00a0\u00bb0&Prime;][\/et_pb_image][\/et_pb_column][\/et_pb_row][et_pb_row _builder_version=\u00a0\u00bb4.27.7&Prime; _module_preset=\u00a0\u00bbdefault\u00a0\u00bb custom_margin=\u00a0\u00bb15px||30px||false|false\u00a0\u00bb custom_padding=\u00a0\u00bb||0px|||\u00a0\u00bb hover_enabled=\u00a0\u00bb0&Prime; global_colors_info=\u00a0\u00bb{}\u00a0\u00bb sticky_enabled=\u00a0\u00bb0&Prime;][et_pb_column type=\u00a0\u00bb4_4&Prime; _builder_version=\u00a0\u00bb4.27.3&Prime; _module_preset=\u00a0\u00bbdefault\u00a0\u00bb global_colors_info=\u00a0\u00bb{}\u00a0\u00bb][et_pb_text quote_border_color=\u00a0\u00bb#3E005C\u00a0\u00bb _builder_version=\u00a0\u00bb4.27.7&Prime; _module_preset=\u00a0\u00bbdefault\u00a0\u00bb link_text_color=\u00a0\u00bb#3E005C\u00a0\u00bb quote_text_color=\u00a0\u00bb#3E005C\u00a0\u00bb header_2_font=\u00a0\u00bbNoto Sans||||||||\u00a0\u00bb header_2_font_size=\u00a0\u00bb22px\u00a0\u00bb custom_margin=\u00a0\u00bb15px||0px||false|false\u00a0\u00bb custom_padding=\u00a0\u00bb||0px|||\u00a0\u00bb hover_enabled=\u00a0\u00bb0&Prime; global_colors_info=\u00a0\u00bb{}\u00a0\u00bb sticky_enabled=\u00a0\u00bb0&Prime;]<\/p>\n<h2 data-section-id=\"cn05ur\" data-start=\"4346\" data-end=\"4389\" class=\"PDq2pG_selectionAnchorContainer\">Recevoir un diagnostic de panniculite lupus<span aria-hidden=\"true\" class=\"PDq2pG_selectionAnchor\"><\/span><\/h2>\n<p data-start=\"4391\" data-end=\"4575\">\u00c0 son retour au Canada, Alessandra a d\u00e9termin\u00e9 que la prochaine \u00e9tape serait une biopsie de la masse sur son bras. Vers la fin du trimestre scolaire 2025, elle a re\u00e7u les r\u00e9sultats. <\/p>\n<p data-start=\"4577\" data-end=\"4797\">\u00ab Elle est entr\u00e9e, m\u2019a regard\u00e9e et a dit : \u00ab&nbsp;Je suis d\u00e9sol\u00e9e, c\u2019est une mauvaise nouvelle.&nbsp;\u00bb Ce que je pensais vouloir dire que j\u2019avais un cancer \u00bb, explique Alessandra. \u00ab Mais ensuite elle a dit que c\u2019\u00e9tait une panniculite du lupus, ce dont je n\u2019avais jamais entendu parler ; j\u2019ai \u00e9t\u00e9 soulag\u00e9e. \u00bb <\/p>\n<p data-start=\"4799\" data-end=\"5011\">La panniculite du lupus est un type rare de lupus qui affecte la couche de graisse juste sous la peau. La panniculite du lupus provoque la formation de nodules fermes ou de bosses sous la peau, g\u00e9n\u00e9ralement sur le visage et les bras. <\/p>\n<p data-start=\"4799\" data-end=\"5011\"><span>Alessandra a re\u00e7u une infographie sur le lupus et encourag\u00e9e \u00e0 poursuivre ses recherches sur la maladie par elle-m\u00eame. Au d\u00e9but, elle \u00e9tait confuse. Elle connaissait tr\u00e8s peu le lupus, et beaucoup des sympt\u00f4mes qu\u2019elle a trouv\u00e9s ne semblaient pas refl\u00e9ter ce qu\u2019elle vivait elle-m\u00eame.  <\/span><\/p>\n<p>[\/et_pb_text][\/et_pb_column][\/et_pb_row][et_pb_row _builder_version=\u00a0\u00bb4.27.7&Prime; _module_preset=\u00a0\u00bbdefault\u00a0\u00bb global_colors_info=\u00a0\u00bb{}\u00a0\u00bb][et_pb_column type=\u00a0\u00bb4_4&Prime; _builder_version=\u00a0\u00bb4.27.7&Prime; _module_preset=\u00a0\u00bbdefault\u00a0\u00bb global_colors_info=\u00a0\u00bb{}\u00a0\u00bb][et_pb_divider color=\u00a0\u00bb#6B198A\u00a0\u00bb divider_weight=\u00a0\u00bb5px\u00a0\u00bb _builder_version=\u00a0\u00bb4.27.4&Prime; _module_preset=\u00a0\u00bbdefault\u00a0\u00bb module_alignment=\u00a0\u00bbcenter\u00a0\u00bb custom_margin=\u00a0\u00bb3px||13px||false|false\u00a0\u00bb global_colors_info=\u00a0\u00bb{}\u00a0\u00bb][\/et_pb_divider][et_pb_text _builder_version=\u00a0\u00bb4.27.7&Prime; _module_preset=\u00a0\u00bbdefault\u00a0\u00bb hover_enabled=\u00a0\u00bb0&Prime; global_colors_info=\u00a0\u00bb{}\u00a0\u00bb sticky_enabled=\u00a0\u00bb0&Prime; header_2_font_size=\u00a0\u00bb22px\u00a0\u00bb header_2_font=\u00a0\u00bbNoto Sans||||||||\u00a0\u00bb]<\/p>\n<h2 data-section-id=\"13vp09o\" data-start=\"5351\" data-end=\"5405\" class=\"PDq2pG_selectionAnchorContainer\">\u00c0 la recherche d\u2019autres personnes vivant avec la panniculite lupus<span aria-hidden=\"true\" class=\"PDq2pG_selectionAnchor\"><\/span><\/h2>\n<p data-start=\"5407\" data-end=\"5651\">Se sentant perdue et incertaine quant \u00e0 son diagnostic, Alessandra s\u2019est tourn\u00e9e vers Internet dans l\u2019espoir de se connecter avec d\u2019autres vivant avec une panniculite du lupus. Cependant, en raison de la raret\u00e9 de cette maladie, elle a eu du mal \u00e0 trouver quelqu\u2019un partageant son exp\u00e9rience. <\/p>\n<p data-start=\"5653\" data-end=\"5865\">Un an apr\u00e8s son diagnostic, Alessandra, 23 ans, peine encore \u00e0 trouver d\u2019autres personnes partageant son exp\u00e9rience avec la panniculite du lupus. Mais elle apprend \u00e0 naviguer dans sa vie de personne atteinte d\u2019une maladie chronique. <\/p>\n<p data-start=\"5867\" data-end=\"5982\">Mais chaque nuage a un c\u00f4t\u00e9 positif, et depuis qu\u2019elle a commenc\u00e9 le traitement, elle n\u2019a plus d\u00e9velopp\u00e9 de nodules ou de nodules.<\/p>\n<p data-start=\"5984\" data-end=\"6181\">\u00ab La douleur \u00e0 l\u2019\u00e9paule et au cou a aussi disparu, et pour la premi\u00e8re fois je me suis sentie compl\u00e8tement libre \u00bb, dit-elle. \u00ab Mais ensuite je me rappelle que ce n\u2019est pas pour toujours et qu\u2019il n\u2019y a pas de rem\u00e8de. La douleur reviendra. \u00bb <\/p>\n<p data-start=\"6183\" data-end=\"6208\">Ce qui a fini par arriver, finalement.<\/p>\n<p>[\/et_pb_text][et_pb_divider color=\u00a0\u00bb#6B198A\u00a0\u00bb divider_weight=\u00a0\u00bb5px\u00a0\u00bb _builder_version=\u00a0\u00bb4.27.4&Prime; _module_preset=\u00a0\u00bbdefault\u00a0\u00bb module_alignment=\u00a0\u00bbcenter\u00a0\u00bb custom_margin=\u00a0\u00bb3px||13px||false|false\u00a0\u00bb global_colors_info=\u00a0\u00bb{}\u00a0\u00bb][\/et_pb_divider][\/et_pb_column][\/et_pb_row][et_pb_row _builder_version=\u00a0\u00bb4.27.5&Prime; _module_preset=\u00a0\u00bbdefault\u00a0\u00bb custom_margin=\u00a0\u00bb15px||15px||false|false\u00a0\u00bb custom_padding=\u00a0\u00bb0px|||||\u00a0\u00bb global_colors_info=\u00a0\u00bb{}\u00a0\u00bb][et_pb_column type=\u00a0\u00bb4_4&Prime; _builder_version=\u00a0\u00bb4.27.3&Prime; _module_preset=\u00a0\u00bbdefault\u00a0\u00bb global_colors_info=\u00a0\u00bb{}\u00a0\u00bb][et_pb_text quote_border_color=\u00a0\u00bb#3E005C\u00a0\u00bb _builder_version=\u00a0\u00bb4.27.7&Prime; _module_preset=\u00a0\u00bbdefault\u00a0\u00bb header_2_font=\u00a0\u00bbNoto Sans||||||||\u00a0\u00bb header_2_font_size=\u00a0\u00bb22px\u00a0\u00bb custom_margin=\u00a0\u00bb10px||10px||true|false\u00a0\u00bb custom_padding=\u00a0\u00bb0px||10px||false|false\u00a0\u00bb hover_enabled=\u00a0\u00bb0&Prime; global_colors_info=\u00a0\u00bb{}\u00a0\u00bb sticky_enabled=\u00a0\u00bb0&Prime; header_3_font_size=\u00a0\u00bb28px\u00a0\u00bb]<\/p>\n<h2 data-start=\"2780\" data-end=\"2827\"><span>Apprendre \u00e0 vivre avec le lupus<\/span><\/h2>\n<p data-start=\"5106\" data-end=\"5255\" class=\"PDq2pG_selectionAnchorContainer\"><span>Alessandra a commenc\u00e9 \u00e0 pr\u00e9senter des sympt\u00f4mes plus \u00ab traditionnels \u00bb du lupus, notamment une fatigue chronique et une inflammation articulaire.  <\/span><\/p>\n<p data-start=\"5106\" data-end=\"5255\" class=\"PDq2pG_selectionAnchorContainer\"><span>Avec le temps, Alessandra a commenc\u00e9 \u00e0 reconna\u00eetre comment le lupus se manifeste dans son propre corps, l\u2019aidant \u00e0 mieux comprendre et \u00e0 accepter son diagnostic.<\/span><\/p>\n<p data-start=\"5106\" data-end=\"5255\" class=\"PDq2pG_selectionAnchorContainer\"><span>En repensant \u00e0 son parcours, Alessandra reconna\u00eet le courage qu\u2019il lui a fallu pour g\u00e9rer seule d\u2019innombrables rendez-vous m\u00e9dicaux tout en \u00e9tudiant \u00e0 l\u2019\u00e9tranger, loin de sa famille.<\/span><\/p>\n<h3 data-start=\"5106\" data-end=\"5255\" class=\"PDq2pG_selectionAnchorContainer\">\u00ab Je suis tr\u00e8s r\u00e9siliente \u00bb, sourit-elle. \u00ab Mon p\u00e8re me dit toujours que je suis vraiment forte parce que m\u00eame si je traversais tout seule. Je souris encore. \u00bb <span aria-hidden=\"true\" class=\"PDq2pG_selectionAnchor\"><\/span><\/h3>\n<p data-start=\"6926\" data-end=\"7090\">En juin dernier, Alessandra a franchi une \u00e9tape majeure en obtenant son dipl\u00f4me universitaire malgr\u00e9 les nombreux d\u00e9fis de sant\u00e9 et incertitudes qu\u2019elle a rencontr\u00e9s tout au long de ses \u00e9tudes.<\/p>\n<p data-start=\"7092\" data-end=\"7186\">Elle a fait de son mieux pour g\u00e9rer l\u2019\u00e9cole, partageant : \u00ab Je n\u2019ai pas laiss\u00e9 le diagnostic m\u2019arr\u00eater. \u00bb<\/p>\n<p>[\/et_pb_text][\/et_pb_column][\/et_pb_row][et_pb_row _builder_version=\u00a0\u00bb4.27.7&Prime; _module_preset=\u00a0\u00bbdefault\u00a0\u00bb global_colors_info=\u00a0\u00bb{}\u00a0\u00bb][et_pb_column type=\u00a0\u00bb4_4&Prime; _builder_version=\u00a0\u00bb4.27.7&Prime; _module_preset=\u00a0\u00bbdefault\u00a0\u00bb global_colors_info=\u00a0\u00bb{}\u00a0\u00bb][et_pb_divider color=\u00a0\u00bb#6B198A\u00a0\u00bb divider_weight=\u00a0\u00bb5px\u00a0\u00bb _builder_version=\u00a0\u00bb4.27.4&Prime; _module_preset=\u00a0\u00bbdefault\u00a0\u00bb module_alignment=\u00a0\u00bbcenter\u00a0\u00bb custom_margin=\u00a0\u00bb19px||||false|false\u00a0\u00bb global_colors_info=\u00a0\u00bb{}\u00a0\u00bb][\/et_pb_divider][\/et_pb_column][\/et_pb_row][et_pb_row _builder_version=\u00a0\u00bb4.27.7&Prime; _module_preset=\u00a0\u00bbdefault\u00a0\u00bb hover_enabled=\u00a0\u00bb0&Prime; global_colors_info=\u00a0\u00bb{}\u00a0\u00bb column_structure=\u00a0\u00bb1_2,1_2&Prime; sticky_enabled=\u00a0\u00bb0&Prime;][et_pb_column type=\u00a0\u00bb1_2&Prime; _builder_version=\u00a0\u00bb4.27.7&Prime; _module_preset=\u00a0\u00bbdefault\u00a0\u00bb global_colors_info=\u00a0\u00bb{}\u00a0\u00bb][et_pb_text _builder_version=\u00a0\u00bb4.27.7&Prime; _module_preset=\u00a0\u00bbdefault\u00a0\u00bb header_2_font=\u00a0\u00bbNoto Sans||||||||\u00a0\u00bb header_2_font_size=\u00a0\u00bb22px\u00a0\u00bb custom_margin=\u00a0\u00bb10px||10px||true|false\u00a0\u00bb custom_padding=\u00a0\u00bb||10px||false|false\u00a0\u00bb hover_enabled=\u00a0\u00bb0&Prime; global_colors_info=\u00a0\u00bb{}\u00a0\u00bb sticky_enabled=\u00a0\u00bb0&Prime;]<\/p>\n<h2 data-section-id=\"1lcc1fb\" data-start=\"6100\" data-end=\"6123\" class=\"PDq2pG_selectionAnchorContainer\"><span>L\u2019importance de l\u2019auto-d\u00e9fense<\/span><\/h2>\n<p data-start=\"7260\" data-end=\"7533\" class=\"PDq2pG_selectionAnchorContainer\">Aujourd\u2019hui, Alessandra esp\u00e8re inspirer d\u2019autres personnes vivant avec le lupus \u00e0 partager leurs histoires, en particulier celles atteintes de panniculite du lupus qui peuvent se sentir honteuses ou embarrass\u00e9es par leur diagnostic. Par-dessus tout, elle souhaite que les personnes en difficult\u00e9 sachent qu\u2019elles ne sont pas seules dans leur combat. <span aria-hidden=\"true\" class=\"PDq2pG_selectionAnchor\"><\/span><\/p>\n<p data-start=\"7535\" data-end=\"7699\">\u00ab Si tu sens qu\u2019il y a quelque chose qui cloche dans ton corps, c\u2019est parce qu\u2019il y en a. Ton corps essaie de te dire quelque chose, et il est important que tu \u00e9coutes. \u00bb<\/p>\n<p>[\/et_pb_text][\/et_pb_column][et_pb_column type=\u00a0\u00bb1_2&Prime; _builder_version=\u00a0\u00bb4.27.7&Prime; _module_preset=\u00a0\u00bbdefault\u00a0\u00bb global_colors_info=\u00a0\u00bb{}\u00a0\u00bb][et_pb_image src=\u00a0\u00bbhttps:\/\/www.lupuscanada.org\/wp-content\/uploads\/2026\/08\/2.jpeg\u00a0\u00bb _builder_version=\u00a0\u00bb4.27.7&Prime; _module_preset=\u00a0\u00bbdefault\u00a0\u00bb alt=\u00a0\u00bbAlessandra Alas c\u00e9l\u00e8bre son dipl\u00f4me universitaire tout en vivant avec le lupus\u00a0\u00bb title_text=\u00a0\u00bbVivre avec le lupus : la remise des dipl\u00f4mes universitaires d\u2019Alessandra\u00a0\u00bb width=\u00a0\u00bb83%\u00a0\u00bb align=\u00a0\u00bbcenter\u00a0\u00bb hover_enabled=\u00a0\u00bb0&Prime; sticky_enabled=\u00a0\u00bb0&Prime;][\/et_pb_image][\/et_pb_column][\/et_pb_row][et_pb_row _builder_version=\u00a0\u00bb4.27.7&Prime; _module_preset=\u00a0\u00bbdefault\u00a0\u00bb hover_enabled=\u00a0\u00bb0&Prime; global_colors_info=\u00a0\u00bb{}\u00a0\u00bb custom_margin=\u00a0\u00bb||20px||false|false\u00a0\u00bb sticky_enabled=\u00a0\u00bb0&Prime;][et_pb_column type=\u00a0\u00bb4_4&Prime; _builder_version=\u00a0\u00bb4.27.7&Prime; _module_preset=\u00a0\u00bbdefault\u00a0\u00bb global_colors_info=\u00a0\u00bb{}\u00a0\u00bb][et_pb_text _builder_version=\u00a0\u00bb4.27.7&Prime; _module_preset=\u00a0\u00bbdefault\u00a0\u00bb header_2_font=\u00a0\u00bbNoto Sans|&#8211;et_global_body_font_weight|||||||\u00a0\u00bb header_2_font_size=\u00a0\u00bb22px\u00a0\u00bb custom_margin=\u00a0\u00bb10px||10px||true|false\u00a0\u00bb custom_padding=\u00a0\u00bb||10px||false|false\u00a0\u00bb hover_enabled=\u00a0\u00bb0&Prime; global_colors_info=\u00a0\u00bb{}\u00a0\u00bb header_3_font_size=\u00a0\u00bb26px\u00a0\u00bb sticky_enabled=\u00a0\u00bb0&Prime;]<\/p>\n<p data-start=\"7701\" data-end=\"7882\" class=\"PDq2pG_selectionAnchorContainer\">Parce qu\u2019Alessandra a attendu un certain temps pour faire examiner son bras, elle a subi des dommages permanents et des cicatrices. Elle encourage les autres \u00e0 ne pas attendre et \u00e0 se battre pour leur sant\u00e9. <span aria-hidden=\"true\" class=\"PDq2pG_selectionAnchor\"><\/span><\/p>\n<h3 data-section-id=\"177rveh\" data-start=\"7884\" data-end=\"8066\">\u00ab Mon corps est ab\u00eem\u00e9 \u00e0 jamais, et c\u2019est quelque chose qui me rappellera toujours de ne pas ignorer mon corps \u00bb, insiste-t-elle. \u00ab Si quelque chose ne va pas, il faut d\u00e9fendre ses int\u00e9r\u00eats. \u00bb <\/h3>\n<p>[\/et_pb_text][\/et_pb_column][\/et_pb_row][\/et_pb_section][et_pb_section fb_built=\u00a0\u00bb1&Prime; _builder_version=\u00a0\u00bb4.27.5&Prime; _module_preset=\u00a0\u00bbdefault\u00a0\u00bb custom_padding=\u00a0\u00bb18px||18px||true|false\u00a0\u00bb da_disable_devices=\u00a0\u00bboff|off|off\u00a0\u00bb global_colors_info=\u00a0\u00bb{}\u00a0\u00bb da_is_popup=\u00a0\u00bboff\u00a0\u00bb da_exit_intent=\u00a0\u00bboff\u00a0\u00bb da_has_close=\u00a0\u00bbon\u00a0\u00bb da_alt_close=\u00a0\u00bboff\u00a0\u00bb da_dark_close=\u00a0\u00bboff\u00a0\u00bb da_not_modal=\u00a0\u00bbon\u00a0\u00bb da_is_singular=\u00a0\u00bboff\u00a0\u00bb da_with_loader=\u00a0\u00bboff\u00a0\u00bb da_has_shadow=\u00a0\u00bbon\u00a0\u00bb][et_pb_row _builder_version=\u00a0\u00bb4.27.5&Prime; _module_preset=\u00a0\u00bbdefault\u00a0\u00bb background_image=\u00a0\u00bbhttps:\/\/www.lupuscanada.org\/wp-content\/uploads\/2024\/08\/Custom-Gradient-1080&#215;1080@2x.png\u00a0\u00bb custom_margin=\u00a0\u00bb-10px||-10px||true|false\u00a0\u00bb global_colors_info=\u00a0\u00bb{}\u00a0\u00bb][et_pb_column type=\u00a0\u00bb4_4&Prime; _builder_version=\u00a0\u00bb4.27.3&Prime; _module_preset=\u00a0\u00bbdefault\u00a0\u00bb global_colors_info=\u00a0\u00bb{}\u00a0\u00bb][et_pb_text _builder_version=\u00a0\u00bb4.27.7&Prime; _module_preset=\u00a0\u00bbdefault\u00a0\u00bb custom_margin=\u00a0\u00bb35px||||false|false\u00a0\u00bb global_colors_info=\u00a0\u00bb{}\u00a0\u00bb]<\/p>\n<h5 style=\"text-align: center;\"><span style=\"color: #ffffff;\"><strong>Parlons lupus : Conversations avec Macenzie<\/strong><\/span><\/h5>\n<p>[\/et_pb_text][\/et_pb_column][\/et_pb_row][et_pb_row column_structure=\u00a0\u00bb3_5,2_5&Prime; _builder_version=\u00a0\u00bb4.27.5&Prime; _module_preset=\u00a0\u00bbdefault\u00a0\u00bb background_image=\u00a0\u00bbhttps:\/\/www.lupuscanada.org\/wp-content\/uploads\/2024\/08\/Custom-Gradient-1080&#215;1080@2x.png\u00a0\u00bb custom_padding=\u00a0\u00bb12px|32px|12px|32px|true|true\u00a0\u00bb global_colors_info=\u00a0\u00bb{}\u00a0\u00bb][et_pb_column type=\u00a0\u00bb3_5&Prime; _builder_version=\u00a0\u00bb4.27.4&Prime; _module_preset=\u00a0\u00bbdefault\u00a0\u00bb global_colors_info=\u00a0\u00bb{}\u00a0\u00bb][et_pb_text _builder_version=\u00a0\u00bb4.27.7&Prime; _module_preset=\u00a0\u00bbdefault\u00a0\u00bb custom_margin=\u00a0\u00bb|0px|19px|0px|false|true\u00a0\u00bb global_colors_info=\u00a0\u00bb{}\u00a0\u00bb]<\/p>\n<p><span style=\"color: #ffffff;\">Chaque mois, <em>Parlons lupus : Conversations avec Macenzie<\/em> vous pr\u00e9sente des histoires inspirantes de Canadiens atteints de lupus. \u00c0 travers ces entrevues, Macenzie, un journaliste et \u00e9crivain bas\u00e9 \u00e0 Toronto qui a re\u00e7u un diagnostic de lupus \u00e9ryth\u00e9mateux diss\u00e9min\u00e9 (LED) en 2017, met en lumi\u00e8re les exp\u00e9riences, les d\u00e9fis et les triomphes de ceux qui naviguent dans la vie avec le lupus. <\/span><\/p>\n<p><span style=\"color: #ffffff;\">Si vous souhaitez partager votre histoire, veuillez ariana.ranjbar@lupuscanada.org envoyer un courriel <strong><a rel=\"noopener\" style=\"color: #ffffff;\">.<\/a><\/strong><\/span><\/p>\n<p class=\"p1\">[\/et_pb_text][\/et_pb_column][et_pb_column type=\u00a0\u00bb2_5&Prime; _builder_version=\u00a0\u00bb4.27.4&Prime; _module_preset=\u00a0\u00bbdefault\u00a0\u00bb global_colors_info=\u00a0\u00bb{}\u00a0\u00bb][et_pb_image src=\u00a0\u00bbhttps:\/\/www.lupuscanada.org\/wp-content\/uploads\/2025\/08\/IG-1080-x-1350-px-2-copy-1.png\u00a0\u00bb alt=\u00a0\u00bbPersonne aux cheveux noirs assise \u00e0 une table de pique-dans un parc verdoyant, reposant son menton sur une main et souriant \u00e0 la cam\u00e9ra.\u00a0\u00bb title_text=\u00a0\u00bbParlons lupus \u2014 Portrait ext\u00e9rieur\u00a0\u00bb align=\u00a0\u00bbcenter\u00a0\u00bb _builder_version=\u00a0\u00bb4.27.4&Prime; _module_preset=\u00a0\u00bbdefault\u00a0\u00bb max_height=\u00a0\u00bb414px\u00a0\u00bb custom_margin=\u00a0\u00bb-19px||||false|false\u00a0\u00bb global_colors_info=\u00a0\u00bb{}\u00a0\u00bb][\/et_pb_image][\/et_pb_column][\/et_pb_row][\/et_pb_section]<\/p>\n","protected":false},"excerpt":{"rendered":"<p>Vivant avec une panniculite du lupus, Alessandra partage son parcours, des sympt\u00f4mes inexpliqu\u00e9s au diagnostic, et pourquoi elle a appris \u00e0 d\u00e9fendre sa sant\u00e9.<\/p>\n","protected":false},"author":4,"featured_media":13640,"comment_status":"closed","ping_status":"closed","sticky":false,"template":"","format":"standard","meta":{"_acf_changed":false,"_et_pb_use_builder":"on","_et_pb_old_content":"","_et_gb_content_width":"","footnotes":""},"categories":[92],"tags":[776,343,777,179,143,264,205,206,417],"topic":[118],"audience":[123,122,124],"class_list":["post-13641","post","type-post","status-publish","format-standard","has-post-thumbnail","hentry","category-article-fr","tag-folies-du-lupus","tag-histoires-de-lupus","tag-jeunes-adultes-atteints-de-lupus","tag-maladie-auto-immune","tag-maladie-chronique","tag-plaidoyer","tag-sensibilisation-au-lupus","tag-vivre-avec-le-lupus","tag-voix-du-patient","topic-recits-personnels","audience-j-ai-le-lupus","audience-j-ai-recemment-recu-un-diagnostic","audience-une-personne-a-qui-je-tiens-a-le-lupus"],"acf":[],"_links":{"self":[{"href":"https:\/\/www.lupuscanada.org\/fr\/wp-json\/wp\/v2\/posts\/13641","targetHints":{"allow":["GET"]}}],"collection":[{"href":"https:\/\/www.lupuscanada.org\/fr\/wp-json\/wp\/v2\/posts"}],"about":[{"href":"https:\/\/www.lupuscanada.org\/fr\/wp-json\/wp\/v2\/types\/post"}],"author":[{"embeddable":true,"href":"https:\/\/www.lupuscanada.org\/fr\/wp-json\/wp\/v2\/users\/4"}],"replies":[{"embeddable":true,"href":"https:\/\/www.lupuscanada.org\/fr\/wp-json\/wp\/v2\/comments?post=13641"}],"version-history":[{"count":2,"href":"https:\/\/www.lupuscanada.org\/fr\/wp-json\/wp\/v2\/posts\/13641\/revisions"}],"predecessor-version":[{"id":13643,"href":"https:\/\/www.lupuscanada.org\/fr\/wp-json\/wp\/v2\/posts\/13641\/revisions\/13643"}],"wp:featuredmedia":[{"embeddable":true,"href":"https:\/\/www.lupuscanada.org\/fr\/wp-json\/wp\/v2\/media\/13640"}],"wp:attachment":[{"href":"https:\/\/www.lupuscanada.org\/fr\/wp-json\/wp\/v2\/media?parent=13641"}],"wp:term":[{"taxonomy":"category","embeddable":true,"href":"https:\/\/www.lupuscanada.org\/fr\/wp-json\/wp\/v2\/categories?post=13641"},{"taxonomy":"post_tag","embeddable":true,"href":"https:\/\/www.lupuscanada.org\/fr\/wp-json\/wp\/v2\/tags?post=13641"},{"taxonomy":"topic","embeddable":true,"href":"https:\/\/www.lupuscanada.org\/fr\/wp-json\/wp\/v2\/topic?post=13641"},{"taxonomy":"audience","embeddable":true,"href":"https:\/\/www.lupuscanada.org\/fr\/wp-json\/wp\/v2\/audience?post=13641"}],"curies":[{"name":"wp","href":"https:\/\/api.w.org\/{rel}","templated":true}]}},{"id":13478,"date":"2026-08-24T20:01:26","date_gmt":"2026-08-24T20:01:26","guid":{"rendered":"https:\/\/www.lupuscanada.org\/salade-de-poulet-au-curry-et-quinoa-recette-facile-et-saine\/"},"modified":"2026-08-27T16:05:51","modified_gmt":"2026-08-27T16:05:51","slug":"salade-de-poulet-au-curry-et-quinoa-recette-facile-et-saine","status":"publish","type":"post","link":"https:\/\/www.lupuscanada.org\/fr\/salade-de-poulet-au-curry-et-quinoa-recette-facile-et-saine\/","title":{"rendered":"Salade de poulet au curry et quinoa | Recette facile et saine"},"content":{"rendered":"<p>[et_pb_section fb_built=\u00a0\u00bb1&Prime; _builder_version=\u00a0\u00bb4.27.7&Prime; _module_preset=\u00a0\u00bbdefault\u00a0\u00bb custom_margin=\u00a0\u00bb0px||||false|false\u00a0\u00bb hover_enabled=\u00a0\u00bb0&Prime; da_disable_devices=\u00a0\u00bboff|off|off\u00a0\u00bb global_colors_info=\u00a0\u00bb{}\u00a0\u00bb sticky_enabled=\u00a0\u00bb0&Prime; da_is_popup=\u00a0\u00bboff\u00a0\u00bb da_exit_intent=\u00a0\u00bboff\u00a0\u00bb da_has_close=\u00a0\u00bbon\u00a0\u00bb da_alt_close=\u00a0\u00bboff\u00a0\u00bb da_dark_close=\u00a0\u00bboff\u00a0\u00bb da_not_modal=\u00a0\u00bbon\u00a0\u00bb da_is_singular=\u00a0\u00bboff\u00a0\u00bb da_with_loader=\u00a0\u00bboff\u00a0\u00bb da_has_shadow=\u00a0\u00bbon\u00a0\u00bb][et_pb_row _builder_version=\u00a0\u00bb4.27.4&Prime; _module_preset=\u00a0\u00bbdefault\u00a0\u00bb custom_margin=\u00a0\u00bb0px||||false|false\u00a0\u00bb global_colors_info=\u00a0\u00bb{}\u00a0\u00bb][et_pb_column type=\u00a0\u00bb4_4&Prime; _builder_version=\u00a0\u00bb4.27.0&Prime; _module_preset=\u00a0\u00bbdefault\u00a0\u00bb global_colors_info=\u00a0\u00bb{}\u00a0\u00bb][et_pb_heading title=\u00a0\u00bbBienvenue au coin des recettes de Lupus Canada&amp;nbsp;!\u00a0\u00bb _builder_version=\u00a0\u00bb4.27.5&Prime; _module_preset=\u00a0\u00bbdefault\u00a0\u00bb title_level=\u00a0\u00bbh2&Prime; title_text_align=\u00a0\u00bbcenter\u00a0\u00bb title_font_size=\u00a0\u00bb32px\u00a0\u00bb width=\u00a0\u00bb98.8%\u00a0\u00bb custom_margin=\u00a0\u00bb0px|0px||0px|false|false\u00a0\u00bb custom_padding=\u00a0\u00bb0px|0px|||false|false\u00a0\u00bb title_font_size_tablet=\u00a0\u00bb32px\u00a0\u00bb title_font_size_phone=\u00a0\u00bb29px\u00a0\u00bb title_font_size_last_edited=\u00a0\u00bbon|phone\u00a0\u00bb global_colors_info=\u00a0\u00bb{}\u00a0\u00bb][\/et_pb_heading][\/et_pb_column][\/et_pb_row][et_pb_row _builder_version=\u00a0\u00bb4.27.7&Prime; _module_preset=\u00a0\u00bbdefault\u00a0\u00bb custom_margin=\u00a0\u00bb15px||0px||false|false\u00a0\u00bb custom_padding=\u00a0\u00bb2px||2px||true|false\u00a0\u00bb global_colors_info=\u00a0\u00bb{}\u00a0\u00bb][et_pb_column type=\u00a0\u00bb4_4&Prime; _builder_version=\u00a0\u00bb4.27.0&Prime; _module_preset=\u00a0\u00bbdefault\u00a0\u00bb global_colors_info=\u00a0\u00bb{}\u00a0\u00bb][et_pb_text _builder_version=\u00a0\u00bb4.27.7&Prime; _module_preset=\u00a0\u00bbdefault\u00a0\u00bb custom_margin=\u00a0\u00bb12px||||false|false\u00a0\u00bb global_colors_info=\u00a0\u00bb{}\u00a0\u00bb]<\/p>\n<p class=\"isSelectedEnd\"><span>Cette salade de quinoa au poulet au curry est un repas frais et riche en fibres. Le poulet maigre et le quinoa apportent une grande valeur prot\u00e9in\u00e9e tandis que la mangue, les noix de cajou, le curry et le curcuma cr\u00e9ent une combinaison savoureuse d\u2019ingr\u00e9dients nourrissants. <\/span><\/p>\n<p><span>C\u2019est une recette facile \u00e0 pr\u00e9parer \u00e0 l\u2019avance, parfaite pour pr\u00e9parer les repas, des d\u00e9jeuners sains ou un d\u00eener l\u00e9ger tout au long de la semaine.<\/span><\/p>\n<p>[\/et_pb_text][\/et_pb_column][\/et_pb_row][et_pb_row _builder_version=\u00a0\u00bb4.27.5&Prime; _module_preset=\u00a0\u00bbdefault\u00a0\u00bb custom_margin=\u00a0\u00bb22px||22px||true|false\u00a0\u00bb custom_padding=\u00a0\u00bb||0px|||\u00a0\u00bb global_colors_info=\u00a0\u00bb{}\u00a0\u00bb][et_pb_column type=\u00a0\u00bb4_4&Prime; _builder_version=\u00a0\u00bb4.27.5&Prime; _module_preset=\u00a0\u00bbdefault\u00a0\u00bb global_colors_info=\u00a0\u00bb{}\u00a0\u00bb][et_pb_text _builder_version=\u00a0\u00bb4.27.7&Prime; _module_preset=\u00a0\u00bbdefault\u00a0\u00bb header_2_font_size=\u00a0\u00bb25px\u00a0\u00bb custom_margin=\u00a0\u00bb0px||0px||true|false\u00a0\u00bb custom_padding=\u00a0\u00bb||0px|||\u00a0\u00bb global_colors_info=\u00a0\u00bb{}\u00a0\u00bb]<\/p>\n<h2><span>Ingr\u00e9dients pour une salade de quinoa au poulet au curry<\/span><\/h2>\n<p class=\"isSelectedEnd\"><em><span>Poulet, quinoa, mangue, noix de cajou et \u00e9pices r\u00e9confortantes se r\u00e9unissent dans ce repas frais et savoureux.<\/span><\/em><\/p>\n<p>[\/et_pb_text][\/et_pb_column][\/et_pb_row][et_pb_row column_structure=\u00a0\u00bb1_2,1_2&Prime; _builder_version=\u00a0\u00bb4.27.7&Prime; _module_preset=\u00a0\u00bbdefault\u00a0\u00bb custom_margin=\u00a0\u00bb15px||0px||false|false\u00a0\u00bb custom_padding=\u00a0\u00bb0px||0px||true|false\u00a0\u00bb global_colors_info=\u00a0\u00bb{}\u00a0\u00bb][et_pb_column type=\u00a0\u00bb1_2&Prime; _builder_version=\u00a0\u00bb4.27.0&Prime; _module_preset=\u00a0\u00bbdefault\u00a0\u00bb global_colors_info=\u00a0\u00bb{}\u00a0\u00bb][et_pb_text _builder_version=\u00a0\u00bb4.27.7&Prime; _module_preset=\u00a0\u00bbdefault\u00a0\u00bb header_2_font_size=\u00a0\u00bb25px\u00a0\u00bb header_3_font_size=\u00a0\u00bb25px\u00a0\u00bb header_4_font_size=\u00a0\u00bb20px\u00a0\u00bb custom_margin=\u00a0\u00bb5px||5px||true|false\u00a0\u00bb global_colors_info=\u00a0\u00bb{}\u00a0\u00bb]<\/p>\n<h2><span>Ingr\u00e9dients:<\/span><\/h2>\n<ul data-start=\"1387\" data-end=\"1534\">\n<li><span>13\/4 tasses de bouillon d\u2019os de poulet <\/span><\/li>\n<li><span>1 blanc de poulet, cuit et coup\u00e9 en cubes<\/span><\/li>\n<li><span>1 c. quinoa <\/span><\/li>\n<li><span>11\/2 cuill\u00e8re \u00e0 caf\u00e9 de poudre de curry <\/span><\/li>\n<li><span>1\/4 c. \u00e0 th\u00e9 Poudre de curcuma <\/span><\/li>\n<li><span>1\/2 c. \u00e0 th\u00e9 sel <\/span><\/li>\n<li><span>1\/4 c. \u00e0 th\u00e9 poivre <\/span><\/li>\n<li><span>1 mangue, pel\u00e9e et coup\u00e9e en d\u00e9s<\/span><\/li>\n<li><span>2 oignons verts, coup\u00e9s en d\u00e9s<\/span><\/li>\n<li><span>1\/3 de tasse de noix de cajou, grill\u00e9es <\/span><\/li>\n<\/ul>\n<p>[\/et_pb_text][\/et_pb_column][et_pb_column type=\u00a0\u00bb1_2&Prime; _builder_version=\u00a0\u00bb4.27.0&Prime; _module_preset=\u00a0\u00bbdefault\u00a0\u00bb global_colors_info=\u00a0\u00bb{}\u00a0\u00bb][et_pb_video src=\u00a0\u00bbhttps:\/\/youtube.com\/shorts\/31b-DQ01vvA\u00a0\u00bb _builder_version=\u00a0\u00bb4.27.7&Prime; _module_preset=\u00a0\u00bbdefault\u00a0\u00bb hover_enabled=\u00a0\u00bb0&Prime; sticky_enabled=\u00a0\u00bb0&Prime; width=\u00a0\u00bb87%\u00a0\u00bb module_alignment=\u00a0\u00bbcenter\u00a0\u00bb custom_margin=\u00a0\u00bb||20px||false|false\u00a0\u00bb width_last_edited=\u00a0\u00bbon|tablet\u00a0\u00bb width_tablet=\u00a0\u00bb48%\u00a0\u00bb width_phone=\u00a0\u00bb48%\u00a0\u00bb][\/et_pb_video][\/et_pb_column][\/et_pb_row][et_pb_row _builder_version=\u00a0\u00bb4.27.7&Prime; _module_preset=\u00a0\u00bbdefault\u00a0\u00bb background_color=\u00a0\u00bb#efecf4&Prime; background_enable_image=\u00a0\u00bboff\u00a0\u00bb custom_margin=\u00a0\u00bb16px||||false|false\u00a0\u00bb custom_padding=\u00a0\u00bb20px||20px||true|false\u00a0\u00bb border_radii=\u00a0\u00bbon|22px|22px|22px|22px\u00a0\u00bb box_shadow_style=\u00a0\u00bbpreset2&Prime; global_colors_info=\u00a0\u00bb{}\u00a0\u00bb][et_pb_column type=\u00a0\u00bb4_4&Prime; _builder_version=\u00a0\u00bb4.25.0&Prime; _module_preset=\u00a0\u00bbdefault\u00a0\u00bb global_colors_info=\u00a0\u00bb{}\u00a0\u00bb][et_pb_heading title=\u00a0\u00bbComment pr\u00e9parer une salade de poulet au curry et quinoa\u00a0\u00bb _builder_version=\u00a0\u00bb4.27.7&Prime; _module_preset=\u00a0\u00bbdefault\u00a0\u00bb title_level=\u00a0\u00bbh2&Prime; title_font=\u00a0\u00bb|600|||||||\u00a0\u00bb title_text_color=\u00a0\u00bb#6B198A\u00a0\u00bb title_font_size=\u00a0\u00bb22px\u00a0\u00bb min_height=\u00a0\u00bb45.2px\u00a0\u00bb custom_margin=\u00a0\u00bb0px||0px||true|false\u00a0\u00bb custom_padding=\u00a0\u00bb0px||0px||false|false\u00a0\u00bb title_font_size_tablet=\u00a0\u00bb29px\u00a0\u00bb title_font_size_phone=\u00a0\u00bb19px\u00a0\u00bb title_font_size_last_edited=\u00a0\u00bboff|desktop\u00a0\u00bb global_colors_info=\u00a0\u00bb{}\u00a0\u00bb][\/et_pb_heading][et_pb_text _builder_version=\u00a0\u00bb4.27.7&Prime; _module_preset=\u00a0\u00bbdefault\u00a0\u00bb header_6_font=\u00a0\u00bbNoto Sans||on||||||\u00a0\u00bb header_6_font_size=\u00a0\u00bb20px\u00a0\u00bb custom_margin=\u00a0\u00bb0px||25px||false|false\u00a0\u00bb global_colors_info=\u00a0\u00bb{}\u00a0\u00bb]<\/p>\n<p class=\"isSelectedEnd\"><span>Portez bouillon, quinoa, curry, curcuma, sel et poivre \u00e0 \u00e9bullition \u00e0 feu fort. R\u00e9duisez le feu, laissez mijoter pendant 15-20 minutes ou jusqu\u2019\u00e0 ce que le quinoa soit tendre. Laissez refroidir compl\u00e8tement.  <\/span><\/p>\n<p><span>Ajoutez de la mangue, des oignons verts, des noix de cajou et du poulet. Lance et sers ! <\/span><\/p>\n<p data-start=\"1579\" data-end=\"1716\" class=\"PDq2pG_selectionAnchorContainer\"><span><\/span><\/p>\n<p><span>Bonne lecture !<\/span><\/p>\n<p>[\/et_pb_text][et_pb_video _builder_version=\u00a0\u00bb4.27.4&Prime; _module_preset=\u00a0\u00bbdefault\u00a0\u00bb global_colors_info=\u00a0\u00bb{}\u00a0\u00bb][\/et_pb_video][\/et_pb_column][\/et_pb_row][et_pb_row _builder_version=\u00a0\u00bb4.27.6&Prime; _module_preset=\u00a0\u00bbdefault\u00a0\u00bb custom_margin=\u00a0\u00bb0px||0px||true|false\u00a0\u00bb custom_padding=\u00a0\u00bb26px||||false|false\u00a0\u00bb global_colors_info=\u00a0\u00bb{}\u00a0\u00bb][et_pb_column type=\u00a0\u00bb4_4&Prime; _builder_version=\u00a0\u00bb4.27.4&Prime; _module_preset=\u00a0\u00bbdefault\u00a0\u00bb global_colors_info=\u00a0\u00bb{}\u00a0\u00bb][et_pb_text _builder_version=\u00a0\u00bb4.27.7&Prime; _module_preset=\u00a0\u00bbdefault\u00a0\u00bb link_font=\u00a0\u00bb||||on||||\u00a0\u00bb global_colors_info=\u00a0\u00bb{}\u00a0\u00bb]<\/p>\n<p data-start=\"3129\" data-end=\"3267\">Pour plus d\u2019informations sur la fa\u00e7on de bien manger et de faire des choix de vie durables, d\u00e9couvrez nos ressources <a href=\"https:\/\/www.lupuscanada.org\/fr\/mode-de-vie-et-bien-etre\/\"><strong data-start=\"2141\" data-end=\"2165\">Lifestyle &#038; Wellness<\/strong><\/a> con\u00e7ues pour aider les personnes \u00e0 apprendre \u00e0 bien vivre avec le lupus.<\/p>\n<p>[\/et_pb_text][et_pb_text _builder_version=\u00a0\u00bb4.27.5&Prime; _module_preset=\u00a0\u00bbdefault\u00a0\u00bb custom_margin=\u00a0\u00bb32px||32px||true|false\u00a0\u00bb custom_padding=\u00a0\u00bb||1px|||\u00a0\u00bb global_colors_info=\u00a0\u00bb{}\u00a0\u00bb]<\/p>\n<p class=\"p1\" style=\"text-align: center;\"><em><strong>Les recettes utilis\u00e9es par Lupus Canada ont \u00e9t\u00e9 examin\u00e9es et approuv\u00e9es par un nutritionniste holistique agr\u00e9\u00e9.<\/strong><\/em><\/p>\n<p>[\/et_pb_text][\/et_pb_column][\/et_pb_row][et_pb_row column_structure=\u00a0\u00bb1_2,1_2&Prime; _builder_version=\u00a0\u00bb4.27.5&Prime; _module_preset=\u00a0\u00bbdefault\u00a0\u00bb background_image=\u00a0\u00bbhttps:\/\/www.lupuscanada.org\/wp-content\/uploads\/2024\/05\/Rectangle-1674.png\u00a0\u00bb custom_margin=\u00a0\u00bb14px||14px||true|false\u00a0\u00bb custom_padding=\u00a0\u00bb16px||16px||true|false\u00a0\u00bb global_colors_info=\u00a0\u00bb{}\u00a0\u00bb][et_pb_column type=\u00a0\u00bb1_2&Prime; _builder_version=\u00a0\u00bb4.27.5&Prime; _module_preset=\u00a0\u00bbdefault\u00a0\u00bb global_colors_info=\u00a0\u00bb{}\u00a0\u00bb][et_pb_text _builder_version=\u00a0\u00bb4.27.6&Prime; _module_preset=\u00a0\u00bbdefault\u00a0\u00bb link_text_color=\u00a0\u00bb#FFFFFF\u00a0\u00bb header_2_font=\u00a0\u00bbNoto Sans|&#8211;et_global_body_font_weight|||||||\u00a0\u00bb header_2_text_color=\u00a0\u00bb#FFFFFF\u00a0\u00bb header_2_font_size=\u00a0\u00bb24px\u00a0\u00bb custom_margin=\u00a0\u00bb46px||46px||true|false\u00a0\u00bb global_colors_info=\u00a0\u00bb{}\u00a0\u00bb]<\/p>\n<h2 data-start=\"1828\" data-end=\"1858\"><em>\u00c0 propos de Avec Amour de Jamey<\/em><\/h2>\n<p data-start=\"1860\" data-end=\"2135\"><span style=\"color: #ffffff;\"><a href=\"https:\/\/www.withlovefromjamey.com\/blog\" target=\"_blank\" rel=\"noopener\"><em data-start=\"1860\" data-end=\"1882\">With Love From Jamey<\/em> <\/a>est une plateforme alimentaire et bien-\u00eatre cr\u00e9\u00e9e par le cr\u00e9ateur num\u00e9rique et d\u00e9veloppeur de recettes Jamey Kay. Ses recettes nourrissantes et compl\u00e8tes reposent sur la simplicit\u00e9, la compassion et le bien-\u00eatre quotidien, et sont partag\u00e9es chaque mois dans le cadre du Coin des recettes Lupus Canada. <\/span><\/p>\n<p>[\/et_pb_text][\/et_pb_column][et_pb_column type=\u00a0\u00bb1_2&Prime; _builder_version=\u00a0\u00bb4.27.5&Prime; _module_preset=\u00a0\u00bbdefault\u00a0\u00bb global_colors_info=\u00a0\u00bb{}\u00a0\u00bb][et_pb_image src=\u00a0\u00bbhttps:\/\/www.lupuscanada.org\/wp-content\/uploads\/2024\/09\/September_16_IG.png\u00a0\u00bb alt=\u00a0\u00bbPortrait de Jamey Kay, d\u00e9veloppeur de recettes et contributeur au Coin des recettes Lupus Canada\u00a0\u00bb title_text=\u00a0\u00bbJamey Kay | Avec amour de la part de Jamey\u00a0\u00bb _builder_version=\u00a0\u00bb4.27.5&Prime; _module_preset=\u00a0\u00bbdefault\u00a0\u00bb width_tablet=\u00a0\u00bb57%\u00a0\u00bb width_phone=\u00a0\u00bb57%\u00a0\u00bb width_last_edited=\u00a0\u00bbon|tablet\u00a0\u00bb module_alignment=\u00a0\u00bbcenter\u00a0\u00bb custom_margin_tablet=\u00a0\u00bb-55px||||false|false\u00a0\u00bb custom_margin_phone=\u00a0\u00bb-55px||||false|false\u00a0\u00bb custom_margin_last_edited=\u00a0\u00bbon|tablet\u00a0\u00bb global_colors_info=\u00a0\u00bb{}\u00a0\u00bb][\/et_pb_image][\/et_pb_column][\/et_pb_row][\/et_pb_section]<\/p>\n","protected":false},"excerpt":{"rendered":"<p>Pr\u00e9parez cette salade de poulet au curry au quinoa avec mangue, noix de cajou, curry et curcuma. Une recette fra\u00eeche et riche en fibres, parfaite pour la pr\u00e9paration des repas, le d\u00e9jeuner ou le d\u00eener. <\/p>\n","protected":false},"author":4,"featured_media":0,"comment_status":"closed","ping_status":"closed","sticky":false,"template":"","format":"standard","meta":{"_acf_changed":false,"_et_pb_use_builder":"on","_et_pb_old_content":"","_et_gb_content_width":"","footnotes":""},"categories":[92],"tags":[708,773,522,148,772,381,713],"topic":[135],"audience":[123,122,124],"class_list":["post-13478","post","type-post","status-publish","format-standard","hentry","category-article-fr","tag-anti-inflammatoire-2","tag-haute-protien","tag-preparation-des-repas","tag-recette","tag-recette-saine","tag-regime-lupus","tag-sans-produits-laitiers-2","topic-recette","audience-j-ai-le-lupus","audience-j-ai-recemment-recu-un-diagnostic","audience-une-personne-a-qui-je-tiens-a-le-lupus"],"acf":[],"_links":{"self":[{"href":"https:\/\/www.lupuscanada.org\/fr\/wp-json\/wp\/v2\/posts\/13478","targetHints":{"allow":["GET"]}}],"collection":[{"href":"https:\/\/www.lupuscanada.org\/fr\/wp-json\/wp\/v2\/posts"}],"about":[{"href":"https:\/\/www.lupuscanada.org\/fr\/wp-json\/wp\/v2\/types\/post"}],"author":[{"embeddable":true,"href":"https:\/\/www.lupuscanada.org\/fr\/wp-json\/wp\/v2\/users\/4"}],"replies":[{"embeddable":true,"href":"https:\/\/www.lupuscanada.org\/fr\/wp-json\/wp\/v2\/comments?post=13478"}],"version-history":[{"count":4,"href":"https:\/\/www.lupuscanada.org\/fr\/wp-json\/wp\/v2\/posts\/13478\/revisions"}],"predecessor-version":[{"id":13595,"href":"https:\/\/www.lupuscanada.org\/fr\/wp-json\/wp\/v2\/posts\/13478\/revisions\/13595"}],"wp:attachment":[{"href":"https:\/\/www.lupuscanada.org\/fr\/wp-json\/wp\/v2\/media?parent=13478"}],"wp:term":[{"taxonomy":"category","embeddable":true,"href":"https:\/\/www.lupuscanada.org\/fr\/wp-json\/wp\/v2\/categories?post=13478"},{"taxonomy":"post_tag","embeddable":true,"href":"https:\/\/www.lupuscanada.org\/fr\/wp-json\/wp\/v2\/tags?post=13478"},{"taxonomy":"topic","embeddable":true,"href":"https:\/\/www.lupuscanada.org\/fr\/wp-json\/wp\/v2\/topic?post=13478"},{"taxonomy":"audience","embeddable":true,"href":"https:\/\/www.lupuscanada.org\/fr\/wp-json\/wp\/v2\/audience?post=13478"}],"curies":[{"name":"wp","href":"https:\/\/api.w.org\/{rel}","templated":true}]}},{"id":13459,"date":"2026-08-24T19:31:48","date_gmt":"2026-08-24T19:31:48","guid":{"rendered":"https:\/\/www.lupuscanada.org\/recette-de-glaces-a-la-creme-au-caramel-sale-lupus-canada-2\/"},"modified":"2026-08-24T19:35:40","modified_gmt":"2026-08-24T19:35:40","slug":"recette-de-glaces-a-la-creme-au-caramel-sale-lupus-canada-2","status":"publish","type":"post","link":"https:\/\/www.lupuscanada.org\/fr\/recette-de-glaces-a-la-creme-au-caramel-sale-lupus-canada-2\/","title":{"rendered":"Recette de glaces \u00e0 la cr\u00e8me au caramel sal\u00e9 | Lupus Canada"},"content":{"rendered":"<p>[et_pb_section fb_built=\u00a0\u00bb1&Prime; _builder_version=\u00a0\u00bb4.27.5&Prime; _module_preset=\u00a0\u00bbdefault\u00a0\u00bb custom_margin=\u00a0\u00bb-15px||||false|false\u00a0\u00bb da_disable_devices=\u00a0\u00bboff|off|off\u00a0\u00bb global_colors_info=\u00a0\u00bb{}\u00a0\u00bb da_is_popup=\u00a0\u00bboff\u00a0\u00bb da_exit_intent=\u00a0\u00bboff\u00a0\u00bb da_has_close=\u00a0\u00bbon\u00a0\u00bb da_alt_close=\u00a0\u00bboff\u00a0\u00bb da_dark_close=\u00a0\u00bboff\u00a0\u00bb da_not_modal=\u00a0\u00bbon\u00a0\u00bb da_is_singular=\u00a0\u00bboff\u00a0\u00bb da_with_loader=\u00a0\u00bboff\u00a0\u00bb da_has_shadow=\u00a0\u00bbon\u00a0\u00bb][et_pb_row _builder_version=\u00a0\u00bb4.27.4&Prime; _module_preset=\u00a0\u00bbdefault\u00a0\u00bb custom_margin=\u00a0\u00bb0px||||false|false\u00a0\u00bb global_colors_info=\u00a0\u00bb{}\u00a0\u00bb][et_pb_column type=\u00a0\u00bb4_4&Prime; _builder_version=\u00a0\u00bb4.27.0&Prime; _module_preset=\u00a0\u00bbdefault\u00a0\u00bb global_colors_info=\u00a0\u00bb{}\u00a0\u00bb][et_pb_heading title=\u00a0\u00bbBienvenue au coin des recettes de Lupus Canada&amp;nbsp;!\u00a0\u00bb _builder_version=\u00a0\u00bb4.27.5&Prime; _module_preset=\u00a0\u00bbdefault\u00a0\u00bb title_level=\u00a0\u00bbh2&Prime; title_text_align=\u00a0\u00bbcenter\u00a0\u00bb title_font_size=\u00a0\u00bb32px\u00a0\u00bb width=\u00a0\u00bb98.8%\u00a0\u00bb custom_margin=\u00a0\u00bb0px|0px||0px|false|false\u00a0\u00bb custom_padding=\u00a0\u00bb0px|0px|||false|false\u00a0\u00bb title_font_size_tablet=\u00a0\u00bb32px\u00a0\u00bb title_font_size_phone=\u00a0\u00bb29px\u00a0\u00bb title_font_size_last_edited=\u00a0\u00bbon|phone\u00a0\u00bb global_colors_info=\u00a0\u00bb{}\u00a0\u00bb][\/et_pb_heading][\/et_pb_column][\/et_pb_row][et_pb_row column_structure=\u00a0\u00bb3_5,2_5&Prime; _builder_version=\u00a0\u00bb4.27.7&Prime; _module_preset=\u00a0\u00bbdefault\u00a0\u00bb custom_margin=\u00a0\u00bb15px||0px||false|false\u00a0\u00bb custom_padding=\u00a0\u00bb2px||2px||true|false\u00a0\u00bb global_colors_info=\u00a0\u00bb{}\u00a0\u00bb][et_pb_column type=\u00a0\u00bb3_5&Prime; _builder_version=\u00a0\u00bb4.27.0&Prime; _module_preset=\u00a0\u00bbdefault\u00a0\u00bb global_colors_info=\u00a0\u00bb{}\u00a0\u00bb][et_pb_text _builder_version=\u00a0\u00bb4.27.7&Prime; _module_preset=\u00a0\u00bbdefault\u00a0\u00bb custom_margin=\u00a0\u00bb12px||||false|false\u00a0\u00bb global_colors_info=\u00a0\u00bb{}\u00a0\u00bb]<\/p>\n<p class=\"isSelectedEnd\"><span>Ces cr\u00e8mes au caramel sal\u00e9 sont une alternative saine aux desserts glac\u00e9s traditionnels, utilisant des dattes Medjool naturellement sucr\u00e9es \u00e0 la place du sucre raffin\u00e9. Pr\u00e9par\u00e9s avec seulement une poign\u00e9e d\u2019ingr\u00e9dients peu transform\u00e9s, ils apportent des fibres provenant des dattes et des graisses saines du lait de coco pour cr\u00e9er une gourmandise d\u00e9licieuse. <\/span><\/p>\n<p class=\"isSelectedEnd\"><span>Bien qu\u2019aucun aliment ne puisse r\u00e9duire l\u2019inflammation \u00e0 lui seul, choisir des ingr\u00e9dients complets riches en nutriments plut\u00f4t que des desserts tr\u00e8s transform\u00e9s et riches en sucre peut faire partie d\u2019un r\u00e9gime alimentaire global qui soutient la sant\u00e9 et peut aider \u00e0 g\u00e9rer l\u2019inflammation.<\/span><\/p>\n<p><span>Simples, d\u00e9licieux et rafra\u00eechissants, ces boissons sont un moyen facile de savourer un dessert nourrissant.<\/span><\/p>\n<p>[\/et_pb_text][\/et_pb_column][et_pb_column type=\u00a0\u00bb2_5&Prime; _builder_version=\u00a0\u00bb4.27.0&Prime; _module_preset=\u00a0\u00bbdefault\u00a0\u00bb global_colors_info=\u00a0\u00bb{}\u00a0\u00bb][et_pb_video src=\u00a0\u00bbhttps:\/\/youtube.com\/shorts\/UgItMcpr1tM\u00a0\u00bb _builder_version=\u00a0\u00bb4.27.7&Prime; _module_preset=\u00a0\u00bbdefault\u00a0\u00bb alt=\u00a0\u00bbCr\u00e8me glace au caramel sal\u00e9 pr\u00e9par\u00e9e avec du lait de coco et des dattes Medjool\u00a0\u00bb title_text=\u00a0\u00bbSalted Caramel Creamsicles Recipe\u00a0\u00bb image_src=\u00a0\u00bbhttps:\/\/www.lupuscanada.org\/wp-content\/uploads\/2026\/08\/IMG_8166-scaled.jpg\u00a0\u00bb hover_enabled=\u00a0\u00bb0&Prime; sticky_enabled=\u00a0\u00bb0&Prime; play_icon_color=\u00a0\u00bb#FFFFFF\u00a0\u00bb][\/et_pb_video][\/et_pb_column][\/et_pb_row][et_pb_row _builder_version=\u00a0\u00bb4.27.5&Prime; _module_preset=\u00a0\u00bbdefault\u00a0\u00bb custom_margin=\u00a0\u00bb22px||22px||true|false\u00a0\u00bb custom_padding=\u00a0\u00bb||0px|||\u00a0\u00bb global_colors_info=\u00a0\u00bb{}\u00a0\u00bb][et_pb_column type=\u00a0\u00bb4_4&Prime; _builder_version=\u00a0\u00bb4.27.5&Prime; _module_preset=\u00a0\u00bbdefault\u00a0\u00bb global_colors_info=\u00a0\u00bb{}\u00a0\u00bb][et_pb_text _builder_version=\u00a0\u00bb4.27.7&Prime; _module_preset=\u00a0\u00bbdefault\u00a0\u00bb header_2_font_size=\u00a0\u00bb25px\u00a0\u00bb custom_margin=\u00a0\u00bb0px||0px||true|false\u00a0\u00bb custom_padding=\u00a0\u00bb||0px|||\u00a0\u00bb global_colors_info=\u00a0\u00bb{}\u00a0\u00bb]<\/p>\n<h2><span>Ingr\u00e9dients pour des cr\u00e8mes au caramel sal\u00e9<\/span><\/h2>\n<p class=\"isSelectedEnd\"><em><span>Ces soyons surgel\u00e9s cr\u00e9meux se r\u00e9unissent avec seulement quatre ingr\u00e9dients simples.<\/span><\/em><\/p>\n<p>[\/et_pb_text][\/et_pb_column][\/et_pb_row][et_pb_row column_structure=\u00a0\u00bb1_2,1_2&Prime; _builder_version=\u00a0\u00bb4.27.6&Prime; _module_preset=\u00a0\u00bbdefault\u00a0\u00bb custom_margin=\u00a0\u00bb15px||0px||false|false\u00a0\u00bb custom_padding=\u00a0\u00bb0px||0px||true|false\u00a0\u00bb global_colors_info=\u00a0\u00bb{}\u00a0\u00bb][et_pb_column type=\u00a0\u00bb1_2&Prime; _builder_version=\u00a0\u00bb4.27.0&Prime; _module_preset=\u00a0\u00bbdefault\u00a0\u00bb global_colors_info=\u00a0\u00bb{}\u00a0\u00bb][et_pb_text _builder_version=\u00a0\u00bb4.27.7&Prime; _module_preset=\u00a0\u00bbdefault\u00a0\u00bb header_2_font_size=\u00a0\u00bb25px\u00a0\u00bb header_3_font_size=\u00a0\u00bb25px\u00a0\u00bb header_4_font_size=\u00a0\u00bb20px\u00a0\u00bb custom_margin=\u00a0\u00bb5px||5px||true|false\u00a0\u00bb global_colors_info=\u00a0\u00bb{}\u00a0\u00bb]<\/p>\n<h2><span>Ingr\u00e9dients:<\/span><\/h2>\n<ul data-start=\"1387\" data-end=\"1534\">\n<li><span>400 ml de lait de coco en canette<\/span><\/li>\n<li><span>1\/2 tasse + 3 dattes Medjool, d\u00e9noyaut\u00e9es<\/span><\/li>\n<li><span>11\/2 cuill\u00e8re \u00e0 caf\u00e9 de vanille <\/span><\/li>\n<li><span>1\/4 de cuill\u00e8re \u00e0 caf\u00e9. Le sel en flocons de Maldon <\/span><\/li>\n<\/ul>\n<p>[\/et_pb_text][\/et_pb_column][et_pb_column type=\u00a0\u00bb1_2&Prime; _builder_version=\u00a0\u00bb4.27.0&Prime; _module_preset=\u00a0\u00bbdefault\u00a0\u00bb global_colors_info=\u00a0\u00bb{}\u00a0\u00bb][\/et_pb_column][\/et_pb_row][et_pb_row _builder_version=\u00a0\u00bb4.27.7&Prime; _module_preset=\u00a0\u00bbdefault\u00a0\u00bb background_color=\u00a0\u00bb#efecf4&Prime; background_enable_image=\u00a0\u00bboff\u00a0\u00bb custom_margin=\u00a0\u00bb16px||||false|false\u00a0\u00bb custom_padding=\u00a0\u00bb20px||20px||true|false\u00a0\u00bb border_radii=\u00a0\u00bbon|22px|22px|22px|22px\u00a0\u00bb box_shadow_style=\u00a0\u00bbpreset2&Prime; global_colors_info=\u00a0\u00bb{}\u00a0\u00bb][et_pb_column type=\u00a0\u00bb4_4&Prime; _builder_version=\u00a0\u00bb4.25.0&Prime; _module_preset=\u00a0\u00bbdefault\u00a0\u00bb global_colors_info=\u00a0\u00bb{}\u00a0\u00bb][et_pb_heading title=\u00a0\u00bbComment faire des cr\u00e8mes au caramel sal\u00e9\u00a0\u00bb _builder_version=\u00a0\u00bb4.27.7&Prime; _module_preset=\u00a0\u00bbdefault\u00a0\u00bb title_level=\u00a0\u00bbh2&Prime; title_font=\u00a0\u00bb|600|||||||\u00a0\u00bb title_text_color=\u00a0\u00bb#6B198A\u00a0\u00bb title_font_size=\u00a0\u00bb22px\u00a0\u00bb min_height=\u00a0\u00bb45.2px\u00a0\u00bb custom_margin=\u00a0\u00bb0px||0px||true|false\u00a0\u00bb custom_padding=\u00a0\u00bb0px||0px||false|false\u00a0\u00bb title_font_size_tablet=\u00a0\u00bb29px\u00a0\u00bb title_font_size_phone=\u00a0\u00bb19px\u00a0\u00bb title_font_size_last_edited=\u00a0\u00bboff|desktop\u00a0\u00bb global_colors_info=\u00a0\u00bb{}\u00a0\u00bb][\/et_pb_heading][et_pb_text _builder_version=\u00a0\u00bb4.27.7&Prime; _module_preset=\u00a0\u00bbdefault\u00a0\u00bb header_6_font=\u00a0\u00bbNoto Sans||on||||||\u00a0\u00bb header_6_font_size=\u00a0\u00bb20px\u00a0\u00bb custom_margin=\u00a0\u00bb0px||25px||false|false\u00a0\u00bb global_colors_info=\u00a0\u00bb{}\u00a0\u00bb]<\/p>\n<p data-start=\"1579\" data-end=\"1716\" class=\"PDq2pG_selectionAnchorContainer\"><span>Dans un bol sans chaleur, couvrez 1\/2 tasse de dattes Medjool d\u00e9noyaut\u00e9es d\u2019eau chaude et laissez tremper pendant 10 minutes. \u00c9gouttez. <\/span><\/p>\n<p class=\"isSelectedEnd\"><span>Dans un blender \u00e0 haute vitesse, r\u00e9duisez en pur\u00e9e du lait de coco, des dattes tremp\u00e9es et de la vanille.<\/span><\/p>\n<p class=\"isSelectedEnd\"><span>Ajoutez 3 dattes suppl\u00e9mentaires et salez et battez pour hacher les dattes restantes en morceaux.<\/span><\/p>\n<p class=\"isSelectedEnd\"><span>Versez dans des moules \u00e0 glaces et placez-les au cong\u00e9lateur pour qu\u2019ils prennent.<\/span><\/p>\n<p><span>Bonne lecture !<\/span><\/p>\n<p>[\/et_pb_text][et_pb_video _builder_version=\u00a0\u00bb4.27.4&Prime; _module_preset=\u00a0\u00bbdefault\u00a0\u00bb global_colors_info=\u00a0\u00bb{}\u00a0\u00bb][\/et_pb_video][\/et_pb_column][\/et_pb_row][et_pb_row _builder_version=\u00a0\u00bb4.27.6&Prime; _module_preset=\u00a0\u00bbdefault\u00a0\u00bb custom_margin=\u00a0\u00bb0px||0px||true|false\u00a0\u00bb custom_padding=\u00a0\u00bb26px||||false|false\u00a0\u00bb global_colors_info=\u00a0\u00bb{}\u00a0\u00bb][et_pb_column type=\u00a0\u00bb4_4&Prime; _builder_version=\u00a0\u00bb4.27.4&Prime; _module_preset=\u00a0\u00bbdefault\u00a0\u00bb global_colors_info=\u00a0\u00bb{}\u00a0\u00bb][et_pb_text _builder_version=\u00a0\u00bb4.27.7&Prime; _module_preset=\u00a0\u00bbdefault\u00a0\u00bb link_font=\u00a0\u00bb||||on||||\u00a0\u00bb global_colors_info=\u00a0\u00bb{}\u00a0\u00bb]<\/p>\n<p data-start=\"3129\" data-end=\"3267\">Pour plus d\u2019informations sur la fa\u00e7on de bien manger et de faire des choix de vie durables, d\u00e9couvrez nos ressources <a href=\"https:\/\/www.lupuscanada.org\/fr\/mode-de-vie-et-bien-etre\/\"><strong data-start=\"2141\" data-end=\"2165\">Lifestyle &#038; Wellness<\/strong><\/a> con\u00e7ues pour aider les personnes \u00e0 apprendre \u00e0 bien vivre avec le lupus.<\/p>\n<p>[\/et_pb_text][et_pb_text _builder_version=\u00a0\u00bb4.27.5&Prime; _module_preset=\u00a0\u00bbdefault\u00a0\u00bb custom_margin=\u00a0\u00bb32px||32px||true|false\u00a0\u00bb custom_padding=\u00a0\u00bb||1px|||\u00a0\u00bb global_colors_info=\u00a0\u00bb{}\u00a0\u00bb]<\/p>\n<p class=\"p1\" style=\"text-align: center;\"><em><strong>Les recettes utilis\u00e9es par Lupus Canada ont \u00e9t\u00e9 examin\u00e9es et approuv\u00e9es par un nutritionniste holistique agr\u00e9\u00e9.<\/strong><\/em><\/p>\n<p>[\/et_pb_text][\/et_pb_column][\/et_pb_row][et_pb_row column_structure=\u00a0\u00bb1_2,1_2&Prime; _builder_version=\u00a0\u00bb4.27.5&Prime; _module_preset=\u00a0\u00bbdefault\u00a0\u00bb background_image=\u00a0\u00bbhttps:\/\/www.lupuscanada.org\/wp-content\/uploads\/2024\/05\/Rectangle-1674.png\u00a0\u00bb custom_margin=\u00a0\u00bb14px||14px||true|false\u00a0\u00bb custom_padding=\u00a0\u00bb16px||16px||true|false\u00a0\u00bb global_colors_info=\u00a0\u00bb{}\u00a0\u00bb][et_pb_column type=\u00a0\u00bb1_2&Prime; _builder_version=\u00a0\u00bb4.27.5&Prime; _module_preset=\u00a0\u00bbdefault\u00a0\u00bb global_colors_info=\u00a0\u00bb{}\u00a0\u00bb][et_pb_text _builder_version=\u00a0\u00bb4.27.6&Prime; _module_preset=\u00a0\u00bbdefault\u00a0\u00bb link_text_color=\u00a0\u00bb#FFFFFF\u00a0\u00bb header_2_font=\u00a0\u00bbNoto Sans|&#8211;et_global_body_font_weight|||||||\u00a0\u00bb header_2_text_color=\u00a0\u00bb#FFFFFF\u00a0\u00bb header_2_font_size=\u00a0\u00bb24px\u00a0\u00bb custom_margin=\u00a0\u00bb46px||46px||true|false\u00a0\u00bb global_colors_info=\u00a0\u00bb{}\u00a0\u00bb]<\/p>\n<h2 data-start=\"1828\" data-end=\"1858\"><em>\u00c0 propos de Avec Amour de Jamey<\/em><\/h2>\n<p data-start=\"1860\" data-end=\"2135\"><span style=\"color: #ffffff;\"><a href=\"https:\/\/www.withlovefromjamey.com\/blog\" target=\"_blank\" rel=\"noopener\"><em data-start=\"1860\" data-end=\"1882\">With Love From Jamey<\/em> <\/a>est une plateforme alimentaire et bien-\u00eatre cr\u00e9\u00e9e par le cr\u00e9ateur num\u00e9rique et d\u00e9veloppeur de recettes Jamey Kay. Ses recettes nourrissantes et compl\u00e8tes reposent sur la simplicit\u00e9, la compassion et le bien-\u00eatre quotidien, et sont partag\u00e9es chaque mois dans le cadre du Coin des recettes Lupus Canada. <\/span><\/p>\n<p>[\/et_pb_text][\/et_pb_column][et_pb_column type=\u00a0\u00bb1_2&Prime; _builder_version=\u00a0\u00bb4.27.5&Prime; _module_preset=\u00a0\u00bbdefault\u00a0\u00bb global_colors_info=\u00a0\u00bb{}\u00a0\u00bb][et_pb_image src=\u00a0\u00bbhttps:\/\/www.lupuscanada.org\/wp-content\/uploads\/2024\/09\/September_16_IG.png\u00a0\u00bb alt=\u00a0\u00bbPortrait de Jamey Kay, d\u00e9veloppeur de recettes et contributeur au Coin des recettes Lupus Canada\u00a0\u00bb title_text=\u00a0\u00bbJamey Kay | Avec amour de la part de Jamey\u00a0\u00bb _builder_version=\u00a0\u00bb4.27.5&Prime; _module_preset=\u00a0\u00bbdefault\u00a0\u00bb width_tablet=\u00a0\u00bb57%\u00a0\u00bb width_phone=\u00a0\u00bb57%\u00a0\u00bb width_last_edited=\u00a0\u00bbon|tablet\u00a0\u00bb module_alignment=\u00a0\u00bbcenter\u00a0\u00bb custom_margin_tablet=\u00a0\u00bb-55px||||false|false\u00a0\u00bb custom_margin_phone=\u00a0\u00bb-55px||||false|false\u00a0\u00bb custom_margin_last_edited=\u00a0\u00bbon|tablet\u00a0\u00bb global_colors_info=\u00a0\u00bb{}\u00a0\u00bb][\/et_pb_image][\/et_pb_column][\/et_pb_row][\/et_pb_section]<\/p>\n","protected":false},"excerpt":{"rendered":"<p>Pr\u00e9parez ces glaces au caramel sal\u00e9 avec du lait de coco, des dattes Medjool, de la vanille et du sel feuillet\u00e9 pour une friandise glac\u00e9e simple et naturellement sucr\u00e9e.<\/p>\n","protected":false},"author":4,"featured_media":0,"comment_status":"closed","ping_status":"closed","sticky":false,"template":"","format":"standard","meta":{"_acf_changed":false,"_et_pb_use_builder":"on","_et_pb_old_content":"","_et_gb_content_width":"","footnotes":""},"categories":[92],"tags":[708,761,522,148,747,381,713,581],"topic":[135],"audience":[123,122,124],"class_list":["post-13459","post","type-post","status-publish","format-standard","hentry","category-article-fr","tag-anti-inflammatoire-2","tag-desssert-gele","tag-preparation-des-repas","tag-recette","tag-recette-dete","tag-regime-lupus","tag-sans-produits-laitiers-2","tag-sans-sucre-raffine","topic-recette","audience-j-ai-le-lupus","audience-j-ai-recemment-recu-un-diagnostic","audience-une-personne-a-qui-je-tiens-a-le-lupus"],"acf":[],"_links":{"self":[{"href":"https:\/\/www.lupuscanada.org\/fr\/wp-json\/wp\/v2\/posts\/13459","targetHints":{"allow":["GET"]}}],"collection":[{"href":"https:\/\/www.lupuscanada.org\/fr\/wp-json\/wp\/v2\/posts"}],"about":[{"href":"https:\/\/www.lupuscanada.org\/fr\/wp-json\/wp\/v2\/types\/post"}],"author":[{"embeddable":true,"href":"https:\/\/www.lupuscanada.org\/fr\/wp-json\/wp\/v2\/users\/4"}],"replies":[{"embeddable":true,"href":"https:\/\/www.lupuscanada.org\/fr\/wp-json\/wp\/v2\/comments?post=13459"}],"version-history":[{"count":4,"href":"https:\/\/www.lupuscanada.org\/fr\/wp-json\/wp\/v2\/posts\/13459\/revisions"}],"predecessor-version":[{"id":13465,"href":"https:\/\/www.lupuscanada.org\/fr\/wp-json\/wp\/v2\/posts\/13459\/revisions\/13465"}],"wp:attachment":[{"href":"https:\/\/www.lupuscanada.org\/fr\/wp-json\/wp\/v2\/media?parent=13459"}],"wp:term":[{"taxonomy":"category","embeddable":true,"href":"https:\/\/www.lupuscanada.org\/fr\/wp-json\/wp\/v2\/categories?post=13459"},{"taxonomy":"post_tag","embeddable":true,"href":"https:\/\/www.lupuscanada.org\/fr\/wp-json\/wp\/v2\/tags?post=13459"},{"taxonomy":"topic","embeddable":true,"href":"https:\/\/www.lupuscanada.org\/fr\/wp-json\/wp\/v2\/topic?post=13459"},{"taxonomy":"audience","embeddable":true,"href":"https:\/\/www.lupuscanada.org\/fr\/wp-json\/wp\/v2\/audience?post=13459"}],"curies":[{"name":"wp","href":"https:\/\/api.w.org\/{rel}","templated":true}]}},{"id":13447,"date":"2026-08-13T20:55:02","date_gmt":"2026-08-13T20:55:02","guid":{"rendered":"https:\/\/www.lupuscanada.org\/etude-de-recherche-sur-la-douleur-chronique-et-lanxiete-opportunite-de-recherche\/"},"modified":"2026-08-24T18:53:08","modified_gmt":"2026-08-24T18:53:08","slug":"etude-de-recherche-sur-la-douleur-chronique-et-lanxiete-opportunite-de-recherche","status":"publish","type":"post","link":"https:\/\/www.lupuscanada.org\/fr\/etude-de-recherche-sur-la-douleur-chronique-et-lanxiete-opportunite-de-recherche\/","title":{"rendered":"\u00c9tude de recherche sur la douleur chronique et l\u2019anxi\u00e9t\u00e9 | Opportunit\u00e9 de recherche"},"content":{"rendered":"<p>[et_pb_section fb_built=\u00a0\u00bb1&Prime; admin_label=\u00a0\u00bbPerson\u00a0\u00bb _builder_version=\u00a0\u00bb4.27.4&Prime; _module_preset=\u00a0\u00bbdefault\u00a0\u00bb custom_margin=\u00a0\u00bb||||false\u00a0\u00bb custom_padding=\u00a0\u00bb40px||40px||true|false\u00a0\u00bb da_disable_devices=\u00a0\u00bboff|off|off\u00a0\u00bb collapsed=\u00a0\u00bbon\u00a0\u00bb global_colors_info=\u00a0\u00bb{}\u00a0\u00bb da_is_popup=\u00a0\u00bboff\u00a0\u00bb da_exit_intent=\u00a0\u00bboff\u00a0\u00bb da_has_close=\u00a0\u00bbon\u00a0\u00bb da_alt_close=\u00a0\u00bboff\u00a0\u00bb da_dark_close=\u00a0\u00bboff\u00a0\u00bb da_not_modal=\u00a0\u00bbon\u00a0\u00bb da_is_singular=\u00a0\u00bboff\u00a0\u00bb da_with_loader=\u00a0\u00bboff\u00a0\u00bb da_has_shadow=\u00a0\u00bbon\u00a0\u00bb][et_pb_row _builder_version=\u00a0\u00bb4.27.4&Prime; _module_preset=\u00a0\u00bbdefault\u00a0\u00bb global_colors_info=\u00a0\u00bb{}\u00a0\u00bb][et_pb_column type=\u00a0\u00bb4_4&Prime; _builder_version=\u00a0\u00bb4.27.4&Prime; _module_preset=\u00a0\u00bbdefault\u00a0\u00bb global_colors_info=\u00a0\u00bb{}\u00a0\u00bb][et_pb_heading title=\u00a0\u00bb\u00c9tude de recherche sur la douleur chronique et l\u2019anxi\u00e9t\u00e9\u00a0\u00bb _builder_version=\u00a0\u00bb4.27.7&Prime; _module_preset=\u00a0\u00bbdefault\u00a0\u00bb title_text_align=\u00a0\u00bbcenter\u00a0\u00bb title_font_size=\u00a0\u00bb36px\u00a0\u00bb title_font_size_tablet=\u00a0\u00bb40px\u00a0\u00bb title_font_size_phone=\u00a0\u00bb21px\u00a0\u00bb title_font_size_last_edited=\u00a0\u00bbon|phone\u00a0\u00bb global_colors_info=\u00a0\u00bb{}\u00a0\u00bb][\/et_pb_heading][\/et_pb_column][\/et_pb_row][et_pb_row custom_padding_last_edited=\u00a0\u00bboff|desktop\u00a0\u00bb _builder_version=\u00a0\u00bb4.27.6&Prime; _module_preset=\u00a0\u00bb048d8e79-b07f-439b-bd57-f41c14f0a56b\u00a0\u00bb background_color=\u00a0\u00bb#FFFFFF\u00a0\u00bb custom_margin=\u00a0\u00bb22px||||false|false\u00a0\u00bb custom_padding=\u00a0\u00bb|30px||30px|false|true\u00a0\u00bb custom_padding_tablet=\u00a0\u00bb|30px||30px|false|true\u00a0\u00bb custom_padding_phone=\u00a0\u00bb|20px||20px|false|true\u00a0\u00bb border_radii=\u00a0\u00bbon|6px|6px|6px|6px\u00a0\u00bb box_shadow_style=\u00a0\u00bbpreset3&Prime; box_shadow_vertical=\u00a0\u00bb24px\u00a0\u00bb box_shadow_blur=\u00a0\u00bb72px\u00a0\u00bb box_shadow_spread=\u00a0\u00bb-12px\u00a0\u00bb box_shadow_color=\u00a0\u00bbrgba(0,0,0,0.12)\u00a0\u00bb global_colors_info=\u00a0\u00bb{}\u00a0\u00bb][et_pb_column type=\u00a0\u00bb4_4&Prime; _builder_version=\u00a0\u00bb4.25.1&Prime; _module_preset=\u00a0\u00bbdefault\u00a0\u00bb global_colors_info=\u00a0\u00bb{}\u00a0\u00bb][et_pb_text quote_border_color=\u00a0\u00bbgcid-secondary-color\u00a0\u00bb _builder_version=\u00a0\u00bb4.27.7&Prime; _module_preset=\u00a0\u00bb2c55a9c4-feed-423b-9edb-ae0b5b365cac\u00a0\u00bb text_font=\u00a0\u00bbNoto Sans|Noto Sans_weight|||||||\u00a0\u00bb text_text_color=\u00a0\u00bbgcid-body-color\u00a0\u00bb text_font_size=\u00a0\u00bb16px\u00a0\u00bb text_line_height=\u00a0\u00bb1.75em\u00a0\u00bb link_font=\u00a0\u00bb|Noto Sans_weight|||||||\u00a0\u00bb link_text_color=\u00a0\u00bbgcid-primary-color\u00a0\u00bb quote_font=\u00a0\u00bbPermanent Marker|Permanent Marker_weight|||||||\u00a0\u00bb quote_text_color=\u00a0\u00bbgcid-heading-color\u00a0\u00bb header_font=\u00a0\u00bbPermanent Marker|Permanent Marker_weight|||||||\u00a0\u00bb header_text_color=\u00a0\u00bbgcid-heading-color\u00a0\u00bb header_font_size=\u00a0\u00bb72px\u00a0\u00bb header_line_height=\u00a0\u00bb1.15em\u00a0\u00bb header_2_font=\u00a0\u00bbPermanent Marker|Permanent Marker_weight|||||||\u00a0\u00bb header_2_text_color=\u00a0\u00bbgcid-heading-color\u00a0\u00bb header_2_font_size=\u00a0\u00bb50px\u00a0\u00bb header_2_line_height=\u00a0\u00bb1.2em\u00a0\u00bb header_3_font=\u00a0\u00bbPermanent Marker|Permanent Marker_weight|||||||\u00a0\u00bb header_3_text_color=\u00a0\u00bbgcid-heading-color\u00a0\u00bb header_3_font_size=\u00a0\u00bb32px\u00a0\u00bb header_3_line_height=\u00a0\u00bb1.3em\u00a0\u00bb header_4_font=\u00a0\u00bbPermanent Marker|Permanent Marker_weight|||||||\u00a0\u00bb header_4_text_color=\u00a0\u00bbgcid-heading-color\u00a0\u00bb header_4_font_size=\u00a0\u00bb24px\u00a0\u00bb header_4_line_height=\u00a0\u00bb1.4em\u00a0\u00bb header_5_font=\u00a0\u00bbPermanent Marker|Permanent Marker_weight|||||||\u00a0\u00bb header_5_text_color=\u00a0\u00bbgcid-heading-color\u00a0\u00bb header_5_font_size=\u00a0\u00bb18px\u00a0\u00bb header_5_line_height=\u00a0\u00bb1.4em\u00a0\u00bb header_6_font=\u00a0\u00bbPermanent Marker|Permanent Marker_weight|||||||\u00a0\u00bb header_6_text_color=\u00a0\u00bbgcid-heading-color\u00a0\u00bb header_6_font_size=\u00a0\u00bb14px\u00a0\u00bb header_6_line_height=\u00a0\u00bb1.5em\u00a0\u00bb custom_margin=\u00a0\u00bb30px||30px||true|false\u00a0\u00bb text_font_size_tablet=\u00a0\u00bb15px\u00a0\u00bb text_font_size_phone=\u00a0\u00bb14px\u00a0\u00bb text_font_size_last_edited=\u00a0\u00bbon|phone\u00a0\u00bb header_font_size_tablet=\u00a0\u00bb40px\u00a0\u00bb header_font_size_phone=\u00a0\u00bb24px\u00a0\u00bb header_font_size_last_edited=\u00a0\u00bbon|desktop\u00a0\u00bb header_2_font_size_tablet=\u00a0\u00bb28px\u00a0\u00bb header_2_font_size_phone=\u00a0\u00bb20px\u00a0\u00bb header_2_font_size_last_edited=\u00a0\u00bbon|phone\u00a0\u00bb header_3_font_size_tablet=\u00a0\u00bb22px\u00a0\u00bb header_3_font_size_phone=\u00a0\u00bb17px\u00a0\u00bb header_3_font_size_last_edited=\u00a0\u00bbon|phone\u00a0\u00bb header_4_font_size_tablet=\u00a0\u00bb18px\u00a0\u00bb header_4_font_size_phone=\u00a0\u00bb15px\u00a0\u00bb header_4_font_size_last_edited=\u00a0\u00bbon|tablet\u00a0\u00bb header_5_font_size_tablet=\u00a0\u00bb15px\u00a0\u00bb header_5_font_size_phone=\u00a0\u00bb14px\u00a0\u00bb header_5_font_size_last_edited=\u00a0\u00bbon|desktop\u00a0\u00bb header_6_font_size_tablet=\u00a0\u00bb13px\u00a0\u00bb header_6_font_size_phone=\u00a0\u00bb13px\u00a0\u00bb header_6_font_size_last_edited=\u00a0\u00bbon|desktop\u00a0\u00bb global_colors_info=\u00a0\u00bb{}\u00a0\u00bb]<\/p>\n<p data-start=\"1127\" data-end=\"1382\" class=\"PDq2pG_selectionAnchorContainer\">Des chercheurs du Laboratoire de recherche sur les troubles cognitifs et anxieux (CADRe Lab) de l\u2019Universit\u00e9 d\u2019Ottawa vous invitent \u00e0 participer \u00e0 leur \u00e9tude en ligne, <strong data-start=\"1289\" data-end=\"1382\">\u00ab Explorer l\u2019anxi\u00e9t\u00e9 et les exp\u00e9riences v\u00e9cues dans les troubles chroniques de la sant\u00e9 physique et de la douleur \u00bb.<\/strong><span aria-hidden=\"true\" class=\"PDq2pG_selectionAnchor\"><\/span><\/p>\n<p data-start=\"1384\" data-end=\"1535\">L\u2019objectif de cette \u00e9tude est de mieux comprendre comment l\u2019anxi\u00e9t\u00e9 impacte les exp\u00e9riences v\u00e9cues des personnes souffrant de troubles chroniques de sant\u00e9 physique et de douleur.<\/p>\n<p>[\/et_pb_text][et_pb_heading title=\u00a0\u00bbQui peut participer \u00e0 l\u2019\u00e9tude de recherche ?\u00a0\u00bb _builder_version=\u00a0\u00bb4.27.7&Prime; _module_preset=\u00a0\u00bbdefault\u00a0\u00bb title_level=\u00a0\u00bbh2&Prime; title_font_size=\u00a0\u00bb27px\u00a0\u00bb title_font_size_tablet=\u00a0\u00bb\u00a0\u00bb title_font_size_phone=\u00a0\u00bb20px\u00a0\u00bb title_font_size_last_edited=\u00a0\u00bbon|phone\u00a0\u00bb global_colors_info=\u00a0\u00bb{}\u00a0\u00bb][\/et_pb_heading][et_pb_text quote_border_color=\u00a0\u00bbgcid-secondary-color\u00a0\u00bb _builder_version=\u00a0\u00bb4.27.7&Prime; _module_preset=\u00a0\u00bb2c55a9c4-feed-423b-9edb-ae0b5b365cac\u00a0\u00bb text_font=\u00a0\u00bbNoto Sans|Noto Sans_weight|||||||\u00a0\u00bb text_text_color=\u00a0\u00bbgcid-body-color\u00a0\u00bb text_font_size=\u00a0\u00bb16px\u00a0\u00bb text_line_height=\u00a0\u00bb1.75em\u00a0\u00bb link_font=\u00a0\u00bb|Noto Sans_weight|||||||\u00a0\u00bb link_text_color=\u00a0\u00bbgcid-primary-color\u00a0\u00bb quote_font=\u00a0\u00bbPermanent Marker|Permanent Marker_weight|||||||\u00a0\u00bb quote_text_color=\u00a0\u00bbgcid-heading-color\u00a0\u00bb header_font=\u00a0\u00bbPermanent Marker|Permanent Marker_weight|||||||\u00a0\u00bb header_text_color=\u00a0\u00bbgcid-heading-color\u00a0\u00bb header_font_size=\u00a0\u00bb72px\u00a0\u00bb header_line_height=\u00a0\u00bb1.15em\u00a0\u00bb header_2_font=\u00a0\u00bbPermanent Marker|Permanent Marker_weight|||||||\u00a0\u00bb header_2_text_color=\u00a0\u00bbgcid-heading-color\u00a0\u00bb header_2_font_size=\u00a0\u00bb50px\u00a0\u00bb header_2_line_height=\u00a0\u00bb1.2em\u00a0\u00bb header_3_font=\u00a0\u00bbPermanent Marker|Permanent Marker_weight|||||||\u00a0\u00bb header_3_text_color=\u00a0\u00bbgcid-heading-color\u00a0\u00bb header_3_font_size=\u00a0\u00bb32px\u00a0\u00bb header_3_line_height=\u00a0\u00bb1.3em\u00a0\u00bb header_4_font=\u00a0\u00bbPermanent Marker|Permanent Marker_weight|||||||\u00a0\u00bb header_4_text_color=\u00a0\u00bbgcid-heading-color\u00a0\u00bb header_4_font_size=\u00a0\u00bb24px\u00a0\u00bb header_4_line_height=\u00a0\u00bb1.4em\u00a0\u00bb header_5_font=\u00a0\u00bbPermanent Marker|Permanent Marker_weight|||||||\u00a0\u00bb header_5_text_color=\u00a0\u00bbgcid-heading-color\u00a0\u00bb header_5_font_size=\u00a0\u00bb18px\u00a0\u00bb header_5_line_height=\u00a0\u00bb1.4em\u00a0\u00bb header_6_font=\u00a0\u00bbPermanent Marker|Permanent Marker_weight|||||||\u00a0\u00bb header_6_text_color=\u00a0\u00bbgcid-heading-color\u00a0\u00bb header_6_font_size=\u00a0\u00bb14px\u00a0\u00bb header_6_line_height=\u00a0\u00bb1.5em\u00a0\u00bb custom_margin=\u00a0\u00bb-15px||28px||false|false\u00a0\u00bb text_font_size_tablet=\u00a0\u00bb15px\u00a0\u00bb text_font_size_phone=\u00a0\u00bb14px\u00a0\u00bb text_font_size_last_edited=\u00a0\u00bbon|phone\u00a0\u00bb header_font_size_tablet=\u00a0\u00bb40px\u00a0\u00bb header_font_size_phone=\u00a0\u00bb24px\u00a0\u00bb header_font_size_last_edited=\u00a0\u00bbon|desktop\u00a0\u00bb header_2_font_size_tablet=\u00a0\u00bb28px\u00a0\u00bb header_2_font_size_phone=\u00a0\u00bb20px\u00a0\u00bb header_2_font_size_last_edited=\u00a0\u00bbon|phone\u00a0\u00bb header_3_font_size_tablet=\u00a0\u00bb22px\u00a0\u00bb header_3_font_size_phone=\u00a0\u00bb17px\u00a0\u00bb header_3_font_size_last_edited=\u00a0\u00bbon|phone\u00a0\u00bb header_4_font_size_tablet=\u00a0\u00bb18px\u00a0\u00bb header_4_font_size_phone=\u00a0\u00bb15px\u00a0\u00bb header_4_font_size_last_edited=\u00a0\u00bbon|tablet\u00a0\u00bb header_5_font_size_tablet=\u00a0\u00bb15px\u00a0\u00bb header_5_font_size_phone=\u00a0\u00bb14px\u00a0\u00bb header_5_font_size_last_edited=\u00a0\u00bbon|desktop\u00a0\u00bb header_6_font_size_tablet=\u00a0\u00bb13px\u00a0\u00bb header_6_font_size_phone=\u00a0\u00bb13px\u00a0\u00bb header_6_font_size_last_edited=\u00a0\u00bbon|desktop\u00a0\u00bb global_colors_info=\u00a0\u00bb{}\u00a0\u00bb]<\/p>\n<p data-start=\"1589\" data-end=\"1614\" class=\"PDq2pG_selectionAnchorContainer\">Pour participer, vous devez :<span aria-hidden=\"true\" class=\"PDq2pG_selectionAnchor\"><\/span><\/p>\n<ul data-start=\"1616\" data-end=\"1769\">\n<li data-section-id=\"wxirj1\" data-start=\"1616\" data-end=\"1645\">Avoir 18 ans ou plus<\/li>\n<li data-section-id=\"1ub6dx5\" data-start=\"1646\" data-end=\"1696\">R\u00e9side actuellement au Canada ou au Royaume-Uni<\/li>\n<li data-section-id=\"19y08bh\" data-start=\"1697\" data-end=\"1769\">\u00catre diagnostiqu\u00e9 avec au moins une maladie physique chronique ou une douleur<\/li>\n<\/ul>\n<p>[\/et_pb_text][\/et_pb_column][\/et_pb_row][\/et_pb_section][et_pb_section fb_built=\u00a0\u00bb1&Prime; admin_label=\u00a0\u00bbText &#038; Image\u00a0\u00bb _builder_version=\u00a0\u00bb4.18.0&Prime; _module_preset=\u00a0\u00bbdefault\u00a0\u00bb custom_padding=\u00a0\u00bb30px||40px|||\u00a0\u00bb da_disable_devices=\u00a0\u00bboff|off|off\u00a0\u00bb locked=\u00a0\u00bboff\u00a0\u00bb collapsed=\u00a0\u00bbon\u00a0\u00bb global_colors_info=\u00a0\u00bb{}\u00a0\u00bb da_is_popup=\u00a0\u00bboff\u00a0\u00bb da_exit_intent=\u00a0\u00bboff\u00a0\u00bb da_has_close=\u00a0\u00bbon\u00a0\u00bb da_alt_close=\u00a0\u00bboff\u00a0\u00bb da_dark_close=\u00a0\u00bboff\u00a0\u00bb da_not_modal=\u00a0\u00bbon\u00a0\u00bb da_is_singular=\u00a0\u00bboff\u00a0\u00bb da_with_loader=\u00a0\u00bboff\u00a0\u00bb da_has_shadow=\u00a0\u00bbon\u00a0\u00bb][et_pb_row _builder_version=\u00a0\u00bb4.18.0&Prime; _module_preset=\u00a0\u00bb5138c454-be54-4233-bd3b-f8e6a8747976&Prime; global_colors_info=\u00a0\u00bb{}\u00a0\u00bb][et_pb_column type=\u00a0\u00bb4_4&Prime; _builder_version=\u00a0\u00bb4.16&Prime; _module_preset=\u00a0\u00bb73121f80-a3ef-4484-8763-c3f18e3c56d2&Prime; global_colors_info=\u00a0\u00bb{}\u00a0\u00bb][et_pb_heading title=\u00a0\u00bbCe que la participation implique\u00a0\u00bb _builder_version=\u00a0\u00bb4.27.7&Prime; _module_preset=\u00a0\u00bbc33f07d9-41e0-421a-8799-5799df695cce\u00a0\u00bb title_level=\u00a0\u00bbh2&Prime; title_font=\u00a0\u00bb&#8211;et_global_body_font|Permanent Marker_weight|||||||\u00a0\u00bb title_text_align=\u00a0\u00bbleft\u00a0\u00bb title_text_color=\u00a0\u00bbgcid-heading-color\u00a0\u00bb title_font_size=\u00a0\u00bb26px\u00a0\u00bb title_line_height=\u00a0\u00bb1.2em\u00a0\u00bb custom_margin=\u00a0\u00bb||10px||false|false\u00a0\u00bb title_font_size_tablet=\u00a0\u00bb28px\u00a0\u00bb title_font_size_phone=\u00a0\u00bb20px\u00a0\u00bb title_font_size_last_edited=\u00a0\u00bbon|phone\u00a0\u00bb locked=\u00a0\u00bboff\u00a0\u00bb global_colors_info=\u00a0\u00bb{}\u00a0\u00bb][\/et_pb_heading][et_pb_text quote_border_color=\u00a0\u00bbgcid-secondary-color\u00a0\u00bb _builder_version=\u00a0\u00bb4.27.7&Prime; _module_preset=\u00a0\u00bb2c55a9c4-feed-423b-9edb-ae0b5b365cac\u00a0\u00bb text_font=\u00a0\u00bbNoto Sans|Noto Sans_weight|||||||\u00a0\u00bb text_text_color=\u00a0\u00bbgcid-body-color\u00a0\u00bb text_font_size=\u00a0\u00bb16px\u00a0\u00bb text_line_height=\u00a0\u00bb1.75em\u00a0\u00bb link_font=\u00a0\u00bb|Noto Sans_weight|||||||\u00a0\u00bb link_text_color=\u00a0\u00bbgcid-primary-color\u00a0\u00bb quote_font=\u00a0\u00bbPermanent Marker|Permanent Marker_weight|||||||\u00a0\u00bb quote_text_color=\u00a0\u00bbgcid-heading-color\u00a0\u00bb header_font=\u00a0\u00bbPermanent Marker|Permanent Marker_weight|||||||\u00a0\u00bb header_text_color=\u00a0\u00bbgcid-heading-color\u00a0\u00bb header_font_size=\u00a0\u00bb72px\u00a0\u00bb header_line_height=\u00a0\u00bb1.15em\u00a0\u00bb header_2_font=\u00a0\u00bbPermanent Marker|Permanent Marker_weight|||||||\u00a0\u00bb header_2_text_color=\u00a0\u00bbgcid-heading-color\u00a0\u00bb header_2_font_size=\u00a0\u00bb50px\u00a0\u00bb header_2_line_height=\u00a0\u00bb1.2em\u00a0\u00bb header_3_font=\u00a0\u00bbPermanent Marker|Permanent Marker_weight|||||||\u00a0\u00bb header_3_text_color=\u00a0\u00bbgcid-heading-color\u00a0\u00bb header_3_font_size=\u00a0\u00bb32px\u00a0\u00bb header_3_line_height=\u00a0\u00bb1.3em\u00a0\u00bb header_4_font=\u00a0\u00bbPermanent Marker|Permanent Marker_weight|||||||\u00a0\u00bb header_4_text_color=\u00a0\u00bbgcid-heading-color\u00a0\u00bb header_4_font_size=\u00a0\u00bb24px\u00a0\u00bb header_4_line_height=\u00a0\u00bb1.4em\u00a0\u00bb header_5_font=\u00a0\u00bbPermanent Marker|Permanent Marker_weight|||||||\u00a0\u00bb header_5_text_color=\u00a0\u00bbgcid-heading-color\u00a0\u00bb header_5_font_size=\u00a0\u00bb18px\u00a0\u00bb header_5_line_height=\u00a0\u00bb1.4em\u00a0\u00bb header_6_font=\u00a0\u00bbPermanent Marker|Permanent Marker_weight|||||||\u00a0\u00bb header_6_text_color=\u00a0\u00bbgcid-heading-color\u00a0\u00bb header_6_font_size=\u00a0\u00bb14px\u00a0\u00bb header_6_line_height=\u00a0\u00bb1.5em\u00a0\u00bb text_orientation=\u00a0\u00bbcenter\u00a0\u00bb custom_margin=\u00a0\u00bb||||false|false\u00a0\u00bb text_font_size_tablet=\u00a0\u00bb15px\u00a0\u00bb text_font_size_phone=\u00a0\u00bb14px\u00a0\u00bb text_font_size_last_edited=\u00a0\u00bbon|phone\u00a0\u00bb header_font_size_tablet=\u00a0\u00bb40px\u00a0\u00bb header_font_size_phone=\u00a0\u00bb24px\u00a0\u00bb header_font_size_last_edited=\u00a0\u00bbon|desktop\u00a0\u00bb header_2_font_size_tablet=\u00a0\u00bb28px\u00a0\u00bb header_2_font_size_phone=\u00a0\u00bb20px\u00a0\u00bb header_2_font_size_last_edited=\u00a0\u00bbon|phone\u00a0\u00bb header_3_font_size_tablet=\u00a0\u00bb22px\u00a0\u00bb header_3_font_size_phone=\u00a0\u00bb17px\u00a0\u00bb header_3_font_size_last_edited=\u00a0\u00bbon|phone\u00a0\u00bb header_4_font_size_tablet=\u00a0\u00bb18px\u00a0\u00bb header_4_font_size_phone=\u00a0\u00bb15px\u00a0\u00bb header_4_font_size_last_edited=\u00a0\u00bbon|tablet\u00a0\u00bb header_5_font_size_tablet=\u00a0\u00bb15px\u00a0\u00bb header_5_font_size_phone=\u00a0\u00bb14px\u00a0\u00bb header_5_font_size_last_edited=\u00a0\u00bbon|desktop\u00a0\u00bb header_6_font_size_tablet=\u00a0\u00bb13px\u00a0\u00bb header_6_font_size_phone=\u00a0\u00bb13px\u00a0\u00bb header_6_font_size_last_edited=\u00a0\u00bbon|desktop\u00a0\u00bb locked=\u00a0\u00bboff\u00a0\u00bb global_colors_info=\u00a0\u00bb{}\u00a0\u00bb]<\/p>\n<p data-start=\"1808\" data-end=\"1826\" class=\"PDq2pG_selectionAnchorContainer\" style=\"text-align: left;\">Les participants devront :<span aria-hidden=\"true\" class=\"PDq2pG_selectionAnchor\"><\/span><\/p>\n<ul data-start=\"1828\" data-end=\"2264\">\n<li data-section-id=\"ecn6mc\" data-start=\"1828\" data-end=\"1891\" style=\"text-align: left;\">R\u00e9alisez une \u00e9tude anonyme en ligne, environ 35 minutes<\/li>\n<li data-section-id=\"1hgn47r\" data-start=\"1892\" data-end=\"1984\" style=\"text-align: left;\">Fournir des informations g\u00e9n\u00e9rales, telles que l\u2019\u00e2ge, le sexe, ainsi que les diagnostics de sant\u00e9 physique et mentale<\/li>\n<li data-section-id=\"1fltl5p\" data-start=\"1985\" data-end=\"2122\" style=\"text-align: left;\">Compl\u00e9tez cinq questionnaires sur l\u2019anxi\u00e9t\u00e9, l\u2019inqui\u00e9tude, la douleur et les sympt\u00f4mes li\u00e9s \u00e0 la vie avec des troubles physiques chroniques ou douloureux<\/li>\n<li data-section-id=\"rjkh1a\" data-start=\"2123\" data-end=\"2264\" style=\"text-align: left;\">Lisez une s\u00e9rie de sc\u00e9narios brefs, imaginez-vous dans chaque situation et r\u00e9pondez \u00e0 des questions compl\u00e9mentaires sur leurs sentiments et perceptions<\/li>\n<\/ul>\n<p>[\/et_pb_text][et_pb_heading title=\u00a0\u00bbR\u00e9mun\u00e9ration\u00a0\u00bb _builder_version=\u00a0\u00bb4.27.7&Prime; _module_preset=\u00a0\u00bbc33f07d9-41e0-421a-8799-5799df695cce\u00a0\u00bb title_level=\u00a0\u00bbh2&Prime; title_font=\u00a0\u00bb&#8211;et_global_body_font|Permanent Marker_weight|||||||\u00a0\u00bb title_text_align=\u00a0\u00bbleft\u00a0\u00bb title_text_color=\u00a0\u00bbgcid-heading-color\u00a0\u00bb title_font_size=\u00a0\u00bb26px\u00a0\u00bb title_line_height=\u00a0\u00bb1.2em\u00a0\u00bb custom_margin=\u00a0\u00bb||10px||false|false\u00a0\u00bb title_font_size_tablet=\u00a0\u00bb28px\u00a0\u00bb title_font_size_phone=\u00a0\u00bb20px\u00a0\u00bb title_font_size_last_edited=\u00a0\u00bbon|phone\u00a0\u00bb locked=\u00a0\u00bboff\u00a0\u00bb global_colors_info=\u00a0\u00bb{}\u00a0\u00bb][\/et_pb_heading][et_pb_text quote_border_color=\u00a0\u00bbgcid-secondary-color\u00a0\u00bb _builder_version=\u00a0\u00bb4.27.7&Prime; _module_preset=\u00a0\u00bb2c55a9c4-feed-423b-9edb-ae0b5b365cac\u00a0\u00bb text_font=\u00a0\u00bbNoto Sans|Noto Sans_weight|||||||\u00a0\u00bb text_text_color=\u00a0\u00bbgcid-body-color\u00a0\u00bb text_font_size=\u00a0\u00bb16px\u00a0\u00bb text_line_height=\u00a0\u00bb1.75em\u00a0\u00bb link_font=\u00a0\u00bb|Noto Sans_weight|||||||\u00a0\u00bb link_text_color=\u00a0\u00bbgcid-primary-color\u00a0\u00bb quote_font=\u00a0\u00bbPermanent Marker|Permanent Marker_weight|||||||\u00a0\u00bb quote_text_color=\u00a0\u00bbgcid-heading-color\u00a0\u00bb header_font=\u00a0\u00bbPermanent Marker|Permanent Marker_weight|||||||\u00a0\u00bb header_text_color=\u00a0\u00bbgcid-heading-color\u00a0\u00bb header_font_size=\u00a0\u00bb72px\u00a0\u00bb header_line_height=\u00a0\u00bb1.15em\u00a0\u00bb header_2_font=\u00a0\u00bbPermanent Marker|Permanent Marker_weight|||||||\u00a0\u00bb header_2_text_color=\u00a0\u00bbgcid-heading-color\u00a0\u00bb header_2_font_size=\u00a0\u00bb50px\u00a0\u00bb header_2_line_height=\u00a0\u00bb1.2em\u00a0\u00bb header_3_font=\u00a0\u00bbPermanent Marker|Permanent Marker_weight|||||||\u00a0\u00bb header_3_text_color=\u00a0\u00bbgcid-heading-color\u00a0\u00bb header_3_font_size=\u00a0\u00bb32px\u00a0\u00bb header_3_line_height=\u00a0\u00bb1.3em\u00a0\u00bb header_4_font=\u00a0\u00bbPermanent Marker|Permanent Marker_weight|||||||\u00a0\u00bb header_4_text_color=\u00a0\u00bbgcid-heading-color\u00a0\u00bb header_4_font_size=\u00a0\u00bb24px\u00a0\u00bb header_4_line_height=\u00a0\u00bb1.4em\u00a0\u00bb header_5_font=\u00a0\u00bbPermanent Marker|Permanent Marker_weight|||||||\u00a0\u00bb header_5_text_color=\u00a0\u00bbgcid-heading-color\u00a0\u00bb header_5_font_size=\u00a0\u00bb18px\u00a0\u00bb header_5_line_height=\u00a0\u00bb1.4em\u00a0\u00bb header_6_font=\u00a0\u00bbPermanent Marker|Permanent Marker_weight|||||||\u00a0\u00bb header_6_text_color=\u00a0\u00bbgcid-heading-color\u00a0\u00bb header_6_font_size=\u00a0\u00bb14px\u00a0\u00bb header_6_line_height=\u00a0\u00bb1.5em\u00a0\u00bb text_orientation=\u00a0\u00bbcenter\u00a0\u00bb custom_margin=\u00a0\u00bb||||false|false\u00a0\u00bb text_font_size_tablet=\u00a0\u00bb15px\u00a0\u00bb text_font_size_phone=\u00a0\u00bb14px\u00a0\u00bb text_font_size_last_edited=\u00a0\u00bbon|phone\u00a0\u00bb header_font_size_tablet=\u00a0\u00bb40px\u00a0\u00bb header_font_size_phone=\u00a0\u00bb24px\u00a0\u00bb header_font_size_last_edited=\u00a0\u00bbon|desktop\u00a0\u00bb header_2_font_size_tablet=\u00a0\u00bb28px\u00a0\u00bb header_2_font_size_phone=\u00a0\u00bb20px\u00a0\u00bb header_2_font_size_last_edited=\u00a0\u00bbon|phone\u00a0\u00bb header_3_font_size_tablet=\u00a0\u00bb22px\u00a0\u00bb header_3_font_size_phone=\u00a0\u00bb17px\u00a0\u00bb header_3_font_size_last_edited=\u00a0\u00bbon|phone\u00a0\u00bb header_4_font_size_tablet=\u00a0\u00bb18px\u00a0\u00bb header_4_font_size_phone=\u00a0\u00bb15px\u00a0\u00bb header_4_font_size_last_edited=\u00a0\u00bbon|tablet\u00a0\u00bb header_5_font_size_tablet=\u00a0\u00bb15px\u00a0\u00bb header_5_font_size_phone=\u00a0\u00bb14px\u00a0\u00bb header_5_font_size_last_edited=\u00a0\u00bbon|desktop\u00a0\u00bb header_6_font_size_tablet=\u00a0\u00bb13px\u00a0\u00bb header_6_font_size_phone=\u00a0\u00bb13px\u00a0\u00bb header_6_font_size_last_edited=\u00a0\u00bbon|desktop\u00a0\u00bb locked=\u00a0\u00bboff\u00a0\u00bb global_colors_info=\u00a0\u00bb{}\u00a0\u00bb]<\/p>\n<p style=\"text-align: left;\"><span>En signe de reconnaissance, vous aurez la possibilit\u00e9 de participer \u00e0 un tirage au sort pour gagner l\u2019une des trois cartes-cadeaux Amazon d\u2019une valeur <\/span><strong data-start=\"2410\" data-end=\"2434\">de 50 $, 30 $ ou 20 $ CAD<\/strong><span>. L\u2019\u00e9quivalent GBP sera fourni aux participants au Royaume-Uni.<\/span><\/p>\n<p>[\/et_pb_text][\/et_pb_column][\/et_pb_row][et_pb_row _builder_version=\u00a0\u00bb4.18.0&Prime; _module_preset=\u00a0\u00bb5138c454-be54-4233-bd3b-f8e6a8747976&Prime; global_colors_info=\u00a0\u00bb{}\u00a0\u00bb][et_pb_column type=\u00a0\u00bb4_4&Prime; _builder_version=\u00a0\u00bb4.16&Prime; _module_preset=\u00a0\u00bb73121f80-a3ef-4484-8763-c3f18e3c56d2&Prime; global_colors_info=\u00a0\u00bb{}\u00a0\u00bb][et_pb_button button_url=\u00a0\u00bbhttps:\/\/uottawapsy.az1.qualtrics.com\/jfe\/form\/SV_ddmagXX7s72RqK2&Prime; button_text=\u00a0\u00bbParticiper \u00e0 l\u2019\u00e9tude de recherche sur la douleur chronique et l\u2019anxi\u00e9t\u00e9\u00a0\u00bb button_alignment=\u00a0\u00bbcenter\u00a0\u00bb _builder_version=\u00a0\u00bb4.27.7&Prime; _module_preset=\u00a0\u00bbdefault\u00a0\u00bb custom_margin=\u00a0\u00bb52px||52px||true|false\u00a0\u00bb global_colors_info=\u00a0\u00bb{}\u00a0\u00bb][\/et_pb_button][et_pb_image src=\u00a0\u00bbhttps:\/\/www.lupuscanada.org\/wp-content\/uploads\/2026\/08\/Anxiety-Chronic-Health-and-Pain-Study_-Poster-1.png\u00a0\u00bb _builder_version=\u00a0\u00bb4.27.7&Prime; _module_preset=\u00a0\u00bbdefault\u00a0\u00bb alt=\u00a0\u00bbAffiche de recherche sur la douleur chronique et l\u2019anxi\u00e9t\u00e9 recrutant des adultes au Canada et au Royaume-Uni atteints de troubles de sant\u00e9 physique chroniques ou de douleur.\u00a0\u00bb title_text=\u00a0\u00bb\u00c9tude de recherche sur la douleur chronique et l\u2019anxi\u00e9t\u00e9 | Universit\u00e9 d\u2019Ottawa\u00a0\u00bb width=\u00a0\u00bb56%\u00a0\u00bb align=\u00a0\u00bbcenter\u00a0\u00bb hover_enabled=\u00a0\u00bb0&Prime; sticky_enabled=\u00a0\u00bb0&Prime;][\/et_pb_image][et_pb_text quote_border_color=\u00a0\u00bbgcid-secondary-color\u00a0\u00bb _builder_version=\u00a0\u00bb4.27.7&Prime; _module_preset=\u00a0\u00bb2c55a9c4-feed-423b-9edb-ae0b5b365cac\u00a0\u00bb text_font=\u00a0\u00bbNoto Sans|Noto Sans_weight|||||||\u00a0\u00bb text_text_color=\u00a0\u00bbgcid-body-color\u00a0\u00bb text_font_size=\u00a0\u00bb16px\u00a0\u00bb text_line_height=\u00a0\u00bb1.75em\u00a0\u00bb link_font=\u00a0\u00bb|Noto Sans_weight|||||||\u00a0\u00bb link_text_color=\u00a0\u00bbgcid-primary-color\u00a0\u00bb quote_font=\u00a0\u00bbPermanent Marker|Permanent Marker_weight|||||||\u00a0\u00bb quote_text_color=\u00a0\u00bbgcid-heading-color\u00a0\u00bb header_font=\u00a0\u00bbPermanent Marker|Permanent Marker_weight|||||||\u00a0\u00bb header_text_color=\u00a0\u00bbgcid-heading-color\u00a0\u00bb header_font_size=\u00a0\u00bb72px\u00a0\u00bb header_line_height=\u00a0\u00bb1.15em\u00a0\u00bb header_2_font=\u00a0\u00bbPermanent Marker|Permanent Marker_weight|||||||\u00a0\u00bb header_2_text_color=\u00a0\u00bbgcid-heading-color\u00a0\u00bb header_2_font_size=\u00a0\u00bb50px\u00a0\u00bb header_2_line_height=\u00a0\u00bb1.2em\u00a0\u00bb header_3_font=\u00a0\u00bbPermanent Marker|Permanent Marker_weight|||||||\u00a0\u00bb header_3_text_color=\u00a0\u00bbgcid-heading-color\u00a0\u00bb header_3_font_size=\u00a0\u00bb32px\u00a0\u00bb header_3_line_height=\u00a0\u00bb1.3em\u00a0\u00bb header_4_font=\u00a0\u00bbPermanent Marker|Permanent Marker_weight|||||||\u00a0\u00bb header_4_text_color=\u00a0\u00bbgcid-heading-color\u00a0\u00bb header_4_font_size=\u00a0\u00bb24px\u00a0\u00bb header_4_line_height=\u00a0\u00bb1.4em\u00a0\u00bb header_5_font=\u00a0\u00bbPermanent Marker|Permanent Marker_weight|||||||\u00a0\u00bb header_5_text_color=\u00a0\u00bbgcid-heading-color\u00a0\u00bb header_5_font_size=\u00a0\u00bb18px\u00a0\u00bb header_5_line_height=\u00a0\u00bb1.4em\u00a0\u00bb header_6_font=\u00a0\u00bbPermanent Marker|Permanent Marker_weight|||||||\u00a0\u00bb header_6_text_color=\u00a0\u00bbgcid-heading-color\u00a0\u00bb header_6_font_size=\u00a0\u00bb14px\u00a0\u00bb header_6_line_height=\u00a0\u00bb1.5em\u00a0\u00bb text_orientation=\u00a0\u00bbcenter\u00a0\u00bb custom_margin=\u00a0\u00bb||||false|false\u00a0\u00bb text_font_size_tablet=\u00a0\u00bb15px\u00a0\u00bb text_font_size_phone=\u00a0\u00bb14px\u00a0\u00bb text_font_size_last_edited=\u00a0\u00bbon|phone\u00a0\u00bb header_font_size_tablet=\u00a0\u00bb40px\u00a0\u00bb header_font_size_phone=\u00a0\u00bb24px\u00a0\u00bb header_font_size_last_edited=\u00a0\u00bbon|desktop\u00a0\u00bb header_2_font_size_tablet=\u00a0\u00bb28px\u00a0\u00bb header_2_font_size_phone=\u00a0\u00bb20px\u00a0\u00bb header_2_font_size_last_edited=\u00a0\u00bbon|phone\u00a0\u00bb header_3_font_size_tablet=\u00a0\u00bb22px\u00a0\u00bb header_3_font_size_phone=\u00a0\u00bb17px\u00a0\u00bb header_3_font_size_last_edited=\u00a0\u00bbon|phone\u00a0\u00bb header_4_font_size_tablet=\u00a0\u00bb18px\u00a0\u00bb header_4_font_size_phone=\u00a0\u00bb15px\u00a0\u00bb header_4_font_size_last_edited=\u00a0\u00bbon|tablet\u00a0\u00bb header_5_font_size_tablet=\u00a0\u00bb15px\u00a0\u00bb header_5_font_size_phone=\u00a0\u00bb14px\u00a0\u00bb header_5_font_size_last_edited=\u00a0\u00bbon|desktop\u00a0\u00bb header_6_font_size_tablet=\u00a0\u00bb13px\u00a0\u00bb header_6_font_size_phone=\u00a0\u00bb13px\u00a0\u00bb header_6_font_size_last_edited=\u00a0\u00bbon|desktop\u00a0\u00bb locked=\u00a0\u00bboff\u00a0\u00bb global_colors_info=\u00a0\u00bb{}\u00a0\u00bb]<\/p>\n<p style=\"text-align: left;\"><span>Pour plus d\u2019informations, veuillez contacter <\/span><strong data-start=\"2821\" data-end=\"2878\">Dalainey Drakes, doctorante, ou le Dr Allison Ouimet<\/strong><span> \u00e0 <\/span><strong data-start=\"2882\" data-end=\"2906\"><a data-start=\"2884\" data-end=\"2904\" class=\"decorated-link cursor-pointer\" rel=\"noopener\">cadre.lab@uottawa.ca<\/a><\/strong><\/p>\n<p>[\/et_pb_text][\/et_pb_column][\/et_pb_row][\/et_pb_section]<\/p>\n","protected":false},"excerpt":{"rendered":"<p>Participer \u00e0 une \u00e9tude de recherche sur la douleur chronique et l\u2019anxi\u00e9t\u00e9 de l\u2019Universit\u00e9 d\u2019Ottawa explorant l\u2019anxi\u00e9t\u00e9 et les exp\u00e9riences v\u00e9cues avec des maladies chroniques<\/p>\n","protected":false},"author":4,"featured_media":0,"comment_status":"closed","ping_status":"closed","sticky":false,"template":"","format":"standard","meta":{"_acf_changed":false,"_et_pb_use_builder":"on","_et_pb_old_content":"","_et_gb_content_width":"","footnotes":""},"categories":[92],"tags":[766,765,767,187,754,165],"topic":[115],"audience":[123,125,124],"class_list":["post-13447","post","type-post","status-publish","format-standard","hentry","category-article-fr","tag-anxiete","tag-douleur-chronique","tag-etude-de-recherche","tag-lupus-fr","tag-maladies-chroniques","tag-recherche","topic-recherche-et-essais-cliniques","audience-j-ai-le-lupus","audience-professionnel-de-la-sante","audience-une-personne-a-qui-je-tiens-a-le-lupus"],"acf":[],"_links":{"self":[{"href":"https:\/\/www.lupuscanada.org\/fr\/wp-json\/wp\/v2\/posts\/13447","targetHints":{"allow":["GET"]}}],"collection":[{"href":"https:\/\/www.lupuscanada.org\/fr\/wp-json\/wp\/v2\/posts"}],"about":[{"href":"https:\/\/www.lupuscanada.org\/fr\/wp-json\/wp\/v2\/types\/post"}],"author":[{"embeddable":true,"href":"https:\/\/www.lupuscanada.org\/fr\/wp-json\/wp\/v2\/users\/4"}],"replies":[{"embeddable":true,"href":"https:\/\/www.lupuscanada.org\/fr\/wp-json\/wp\/v2\/comments?post=13447"}],"version-history":[{"count":2,"href":"https:\/\/www.lupuscanada.org\/fr\/wp-json\/wp\/v2\/posts\/13447\/revisions"}],"predecessor-version":[{"id":13449,"href":"https:\/\/www.lupuscanada.org\/fr\/wp-json\/wp\/v2\/posts\/13447\/revisions\/13449"}],"wp:attachment":[{"href":"https:\/\/www.lupuscanada.org\/fr\/wp-json\/wp\/v2\/media?parent=13447"}],"wp:term":[{"taxonomy":"category","embeddable":true,"href":"https:\/\/www.lupuscanada.org\/fr\/wp-json\/wp\/v2\/categories?post=13447"},{"taxonomy":"post_tag","embeddable":true,"href":"https:\/\/www.lupuscanada.org\/fr\/wp-json\/wp\/v2\/tags?post=13447"},{"taxonomy":"topic","embeddable":true,"href":"https:\/\/www.lupuscanada.org\/fr\/wp-json\/wp\/v2\/topic?post=13447"},{"taxonomy":"audience","embeddable":true,"href":"https:\/\/www.lupuscanada.org\/fr\/wp-json\/wp\/v2\/audience?post=13447"}],"curies":[{"name":"wp","href":"https:\/\/api.w.org\/{rel}","templated":true}]}},{"id":13369,"date":"2026-08-11T16:27:19","date_gmt":"2026-08-11T16:27:19","guid":{"rendered":"https:\/\/www.lupuscanada.org\/recette-de-glaces-a-la-creme-au-caramel-sale-lupus-canada\/"},"modified":"2026-08-13T20:40:30","modified_gmt":"2026-08-13T20:40:30","slug":"recette-de-glaces-a-la-creme-au-caramel-sale-lupus-canada","status":"publish","type":"post","link":"https:\/\/www.lupuscanada.org\/fr\/recette-de-glaces-a-la-creme-au-caramel-sale-lupus-canada\/","title":{"rendered":"Recette de glaces \u00e0 la cr\u00e8me au caramel sal\u00e9 | Lupus Canada"},"content":{"rendered":"<p>[et_pb_section fb_built=\u00a0\u00bb1&Prime; _builder_version=\u00a0\u00bb4.27.5&Prime; _module_preset=\u00a0\u00bbdefault\u00a0\u00bb custom_margin=\u00a0\u00bb-15px||||false|false\u00a0\u00bb da_disable_devices=\u00a0\u00bboff|off|off\u00a0\u00bb global_colors_info=\u00a0\u00bb{}\u00a0\u00bb da_is_popup=\u00a0\u00bboff\u00a0\u00bb da_exit_intent=\u00a0\u00bboff\u00a0\u00bb da_has_close=\u00a0\u00bbon\u00a0\u00bb da_alt_close=\u00a0\u00bboff\u00a0\u00bb da_dark_close=\u00a0\u00bboff\u00a0\u00bb da_not_modal=\u00a0\u00bbon\u00a0\u00bb da_is_singular=\u00a0\u00bboff\u00a0\u00bb da_with_loader=\u00a0\u00bboff\u00a0\u00bb da_has_shadow=\u00a0\u00bbon\u00a0\u00bb][et_pb_row _builder_version=\u00a0\u00bb4.27.4&Prime; _module_preset=\u00a0\u00bbdefault\u00a0\u00bb custom_margin=\u00a0\u00bb0px||||false|false\u00a0\u00bb global_colors_info=\u00a0\u00bb{}\u00a0\u00bb][et_pb_column type=\u00a0\u00bb4_4&Prime; _builder_version=\u00a0\u00bb4.27.0&Prime; _module_preset=\u00a0\u00bbdefault\u00a0\u00bb global_colors_info=\u00a0\u00bb{}\u00a0\u00bb][et_pb_heading title=\u00a0\u00bbBienvenue au coin des recettes de Lupus Canada&amp;nbsp;!\u00a0\u00bb _builder_version=\u00a0\u00bb4.27.5&Prime; _module_preset=\u00a0\u00bbdefault\u00a0\u00bb title_level=\u00a0\u00bbh2&Prime; title_text_align=\u00a0\u00bbcenter\u00a0\u00bb title_font_size=\u00a0\u00bb32px\u00a0\u00bb width=\u00a0\u00bb98.8%\u00a0\u00bb custom_margin=\u00a0\u00bb0px|0px||0px|false|false\u00a0\u00bb custom_padding=\u00a0\u00bb0px|0px|||false|false\u00a0\u00bb title_font_size_tablet=\u00a0\u00bb32px\u00a0\u00bb title_font_size_phone=\u00a0\u00bb29px\u00a0\u00bb title_font_size_last_edited=\u00a0\u00bbon|phone\u00a0\u00bb global_colors_info=\u00a0\u00bb{}\u00a0\u00bb][\/et_pb_heading][\/et_pb_column][\/et_pb_row][et_pb_row column_structure=\u00a0\u00bb3_5,2_5&Prime; _builder_version=\u00a0\u00bb4.27.7&Prime; _module_preset=\u00a0\u00bbdefault\u00a0\u00bb custom_margin=\u00a0\u00bb15px||0px||false|false\u00a0\u00bb custom_padding=\u00a0\u00bb2px||2px||true|false\u00a0\u00bb global_colors_info=\u00a0\u00bb{}\u00a0\u00bb][et_pb_column type=\u00a0\u00bb3_5&Prime; _builder_version=\u00a0\u00bb4.27.0&Prime; _module_preset=\u00a0\u00bbdefault\u00a0\u00bb global_colors_info=\u00a0\u00bb{}\u00a0\u00bb][et_pb_text _builder_version=\u00a0\u00bb4.27.7&Prime; _module_preset=\u00a0\u00bbdefault\u00a0\u00bb custom_margin=\u00a0\u00bb12px||||false|false\u00a0\u00bb global_colors_info=\u00a0\u00bb{}\u00a0\u00bb]<\/p>\n<p class=\"isSelectedEnd\"><span>Ces cr\u00e8mes au caramel sal\u00e9 sont une alternative saine aux desserts glac\u00e9s traditionnels, utilisant des dattes Medjool naturellement sucr\u00e9es \u00e0 la place du sucre raffin\u00e9. Pr\u00e9par\u00e9s avec seulement une poign\u00e9e d\u2019ingr\u00e9dients peu transform\u00e9s, ils apportent des fibres provenant des dattes et des graisses saines du lait de coco pour cr\u00e9er une gourmandise d\u00e9licieuse. <\/span><\/p>\n<p class=\"isSelectedEnd\"><span>Bien qu\u2019aucun aliment ne puisse r\u00e9duire l\u2019inflammation \u00e0 lui seul, choisir des ingr\u00e9dients complets riches en nutriments plut\u00f4t que des desserts tr\u00e8s transform\u00e9s et riches en sucre peut faire partie d\u2019un r\u00e9gime alimentaire global qui soutient la sant\u00e9 et peut aider \u00e0 g\u00e9rer l\u2019inflammation.<\/span><\/p>\n<p><span>Simples, d\u00e9licieux et rafra\u00eechissants, ces boissons sont un moyen facile de savourer un dessert nourrissant.<\/span><\/p>\n<p>[\/et_pb_text][\/et_pb_column][et_pb_column type=\u00a0\u00bb2_5&Prime; _builder_version=\u00a0\u00bb4.27.0&Prime; _module_preset=\u00a0\u00bbdefault\u00a0\u00bb global_colors_info=\u00a0\u00bb{}\u00a0\u00bb][et_pb_video src=\u00a0\u00bbhttps:\/\/youtube.com\/shorts\/UgItMcpr1tM\u00a0\u00bb _builder_version=\u00a0\u00bb4.27.7&Prime; _module_preset=\u00a0\u00bbdefault\u00a0\u00bb alt=\u00a0\u00bbCr\u00e8me glace au caramel sal\u00e9 pr\u00e9par\u00e9e avec du lait de coco et des dattes Medjool\u00a0\u00bb title_text=\u00a0\u00bbSalted Caramel Creamsicles Recipe\u00a0\u00bb image_src=\u00a0\u00bbhttps:\/\/www.lupuscanada.org\/wp-content\/uploads\/2026\/08\/IMG_8166-scaled.jpg\u00a0\u00bb hover_enabled=\u00a0\u00bb0&Prime; sticky_enabled=\u00a0\u00bb0&Prime; play_icon_color=\u00a0\u00bb#FFFFFF\u00a0\u00bb][\/et_pb_video][\/et_pb_column][\/et_pb_row][et_pb_row _builder_version=\u00a0\u00bb4.27.5&Prime; _module_preset=\u00a0\u00bbdefault\u00a0\u00bb custom_margin=\u00a0\u00bb22px||22px||true|false\u00a0\u00bb custom_padding=\u00a0\u00bb||0px|||\u00a0\u00bb global_colors_info=\u00a0\u00bb{}\u00a0\u00bb][et_pb_column type=\u00a0\u00bb4_4&Prime; _builder_version=\u00a0\u00bb4.27.5&Prime; _module_preset=\u00a0\u00bbdefault\u00a0\u00bb global_colors_info=\u00a0\u00bb{}\u00a0\u00bb][et_pb_text _builder_version=\u00a0\u00bb4.27.7&Prime; _module_preset=\u00a0\u00bbdefault\u00a0\u00bb header_2_font_size=\u00a0\u00bb25px\u00a0\u00bb custom_margin=\u00a0\u00bb0px||0px||true|false\u00a0\u00bb custom_padding=\u00a0\u00bb||0px|||\u00a0\u00bb global_colors_info=\u00a0\u00bb{}\u00a0\u00bb]<\/p>\n<h2><span>Ingr\u00e9dients pour des cr\u00e8mes au caramel sal\u00e9<\/span><\/h2>\n<p class=\"isSelectedEnd\"><em><span>Ces soyons surgel\u00e9s cr\u00e9meux se r\u00e9unissent avec seulement quatre ingr\u00e9dients simples.<\/span><\/em><\/p>\n<p>[\/et_pb_text][\/et_pb_column][\/et_pb_row][et_pb_row column_structure=\u00a0\u00bb1_2,1_2&Prime; _builder_version=\u00a0\u00bb4.27.6&Prime; _module_preset=\u00a0\u00bbdefault\u00a0\u00bb custom_margin=\u00a0\u00bb15px||0px||false|false\u00a0\u00bb custom_padding=\u00a0\u00bb0px||0px||true|false\u00a0\u00bb global_colors_info=\u00a0\u00bb{}\u00a0\u00bb][et_pb_column type=\u00a0\u00bb1_2&Prime; _builder_version=\u00a0\u00bb4.27.0&Prime; _module_preset=\u00a0\u00bbdefault\u00a0\u00bb global_colors_info=\u00a0\u00bb{}\u00a0\u00bb][et_pb_text _builder_version=\u00a0\u00bb4.27.7&Prime; _module_preset=\u00a0\u00bbdefault\u00a0\u00bb header_2_font_size=\u00a0\u00bb25px\u00a0\u00bb header_3_font_size=\u00a0\u00bb25px\u00a0\u00bb header_4_font_size=\u00a0\u00bb20px\u00a0\u00bb custom_margin=\u00a0\u00bb5px||5px||true|false\u00a0\u00bb global_colors_info=\u00a0\u00bb{}\u00a0\u00bb]<\/p>\n<h2><span>Ingr\u00e9dients:<\/span><\/h2>\n<ul data-start=\"1387\" data-end=\"1534\">\n<li><span>400 ml de lait de coco en canette<\/span><\/li>\n<li><span>1\/2 tasse + 3 dattes Medjool, d\u00e9noyaut\u00e9es<\/span><\/li>\n<li><span>11\/2 cuill\u00e8re \u00e0 caf\u00e9 de vanille <\/span><\/li>\n<li><span>1\/4 de cuill\u00e8re \u00e0 caf\u00e9. Le sel en flocons de Maldon <\/span><\/li>\n<\/ul>\n<p>[\/et_pb_text][\/et_pb_column][et_pb_column type=\u00a0\u00bb1_2&Prime; _builder_version=\u00a0\u00bb4.27.0&Prime; _module_preset=\u00a0\u00bbdefault\u00a0\u00bb global_colors_info=\u00a0\u00bb{}\u00a0\u00bb][\/et_pb_column][\/et_pb_row][et_pb_row _builder_version=\u00a0\u00bb4.27.7&Prime; _module_preset=\u00a0\u00bbdefault\u00a0\u00bb background_color=\u00a0\u00bb#efecf4&Prime; background_enable_image=\u00a0\u00bboff\u00a0\u00bb custom_margin=\u00a0\u00bb16px||||false|false\u00a0\u00bb custom_padding=\u00a0\u00bb20px||20px||true|false\u00a0\u00bb border_radii=\u00a0\u00bbon|22px|22px|22px|22px\u00a0\u00bb box_shadow_style=\u00a0\u00bbpreset2&Prime; global_colors_info=\u00a0\u00bb{}\u00a0\u00bb][et_pb_column type=\u00a0\u00bb4_4&Prime; _builder_version=\u00a0\u00bb4.25.0&Prime; _module_preset=\u00a0\u00bbdefault\u00a0\u00bb global_colors_info=\u00a0\u00bb{}\u00a0\u00bb][et_pb_heading title=\u00a0\u00bbComment faire des cr\u00e8mes au caramel sal\u00e9\u00a0\u00bb _builder_version=\u00a0\u00bb4.27.7&Prime; _module_preset=\u00a0\u00bbdefault\u00a0\u00bb title_level=\u00a0\u00bbh2&Prime; title_font=\u00a0\u00bb|600|||||||\u00a0\u00bb title_text_color=\u00a0\u00bb#6B198A\u00a0\u00bb title_font_size=\u00a0\u00bb22px\u00a0\u00bb min_height=\u00a0\u00bb45.2px\u00a0\u00bb custom_margin=\u00a0\u00bb0px||0px||true|false\u00a0\u00bb custom_padding=\u00a0\u00bb0px||0px||false|false\u00a0\u00bb title_font_size_tablet=\u00a0\u00bb29px\u00a0\u00bb title_font_size_phone=\u00a0\u00bb19px\u00a0\u00bb title_font_size_last_edited=\u00a0\u00bboff|desktop\u00a0\u00bb global_colors_info=\u00a0\u00bb{}\u00a0\u00bb][\/et_pb_heading][et_pb_text _builder_version=\u00a0\u00bb4.27.7&Prime; _module_preset=\u00a0\u00bbdefault\u00a0\u00bb header_6_font=\u00a0\u00bbNoto Sans||on||||||\u00a0\u00bb header_6_font_size=\u00a0\u00bb20px\u00a0\u00bb custom_margin=\u00a0\u00bb0px||25px||false|false\u00a0\u00bb global_colors_info=\u00a0\u00bb{}\u00a0\u00bb]<\/p>\n<p data-start=\"1579\" data-end=\"1716\" class=\"PDq2pG_selectionAnchorContainer\"><span>Dans un bol sans chaleur, couvrez 1\/2 tasse de dattes Medjool d\u00e9noyaut\u00e9es d\u2019eau chaude et laissez tremper pendant 10 minutes. \u00c9gouttez. <\/span><\/p>\n<p class=\"isSelectedEnd\"><span>Dans un blender \u00e0 haute vitesse, r\u00e9duisez en pur\u00e9e du lait de coco, des dattes tremp\u00e9es et de la vanille.<\/span><\/p>\n<p class=\"isSelectedEnd\"><span>Ajoutez 3 dattes suppl\u00e9mentaires et salez et battez pour hacher les dattes restantes en morceaux.<\/span><\/p>\n<p class=\"isSelectedEnd\"><span>Versez dans des moules \u00e0 glaces et placez-les au cong\u00e9lateur pour qu\u2019ils prennent.<\/span><\/p>\n<p><span>Bonne lecture !<\/span><\/p>\n<p>[\/et_pb_text][et_pb_video _builder_version=\u00a0\u00bb4.27.4&Prime; _module_preset=\u00a0\u00bbdefault\u00a0\u00bb global_colors_info=\u00a0\u00bb{}\u00a0\u00bb][\/et_pb_video][\/et_pb_column][\/et_pb_row][et_pb_row _builder_version=\u00a0\u00bb4.27.6&Prime; _module_preset=\u00a0\u00bbdefault\u00a0\u00bb custom_margin=\u00a0\u00bb0px||0px||true|false\u00a0\u00bb custom_padding=\u00a0\u00bb26px||||false|false\u00a0\u00bb global_colors_info=\u00a0\u00bb{}\u00a0\u00bb][et_pb_column type=\u00a0\u00bb4_4&Prime; _builder_version=\u00a0\u00bb4.27.4&Prime; _module_preset=\u00a0\u00bbdefault\u00a0\u00bb global_colors_info=\u00a0\u00bb{}\u00a0\u00bb][et_pb_text _builder_version=\u00a0\u00bb4.27.7&Prime; _module_preset=\u00a0\u00bbdefault\u00a0\u00bb link_font=\u00a0\u00bb||||on||||\u00a0\u00bb global_colors_info=\u00a0\u00bb{}\u00a0\u00bb]<\/p>\n<p data-start=\"3129\" data-end=\"3267\">Pour plus d\u2019informations sur la fa\u00e7on de bien manger et de faire des choix de vie durables, d\u00e9couvrez nos ressources <a href=\"https:\/\/www.lupuscanada.org\/fr\/mode-de-vie-et-bien-etre\/\"><strong data-start=\"2141\" data-end=\"2165\">Lifestyle &#038; Wellness<\/strong><\/a> con\u00e7ues pour aider les personnes \u00e0 apprendre \u00e0 bien vivre avec le lupus.<\/p>\n<p>[\/et_pb_text][et_pb_text _builder_version=\u00a0\u00bb4.27.5&Prime; _module_preset=\u00a0\u00bbdefault\u00a0\u00bb custom_margin=\u00a0\u00bb32px||32px||true|false\u00a0\u00bb custom_padding=\u00a0\u00bb||1px|||\u00a0\u00bb global_colors_info=\u00a0\u00bb{}\u00a0\u00bb]<\/p>\n<p class=\"p1\" style=\"text-align: center;\"><em><strong>Les recettes utilis\u00e9es par Lupus Canada ont \u00e9t\u00e9 examin\u00e9es et approuv\u00e9es par un nutritionniste holistique agr\u00e9\u00e9.<\/strong><\/em><\/p>\n<p>[\/et_pb_text][\/et_pb_column][\/et_pb_row][et_pb_row column_structure=\u00a0\u00bb1_2,1_2&Prime; _builder_version=\u00a0\u00bb4.27.5&Prime; _module_preset=\u00a0\u00bbdefault\u00a0\u00bb background_image=\u00a0\u00bbhttps:\/\/www.lupuscanada.org\/wp-content\/uploads\/2024\/05\/Rectangle-1674.png\u00a0\u00bb custom_margin=\u00a0\u00bb14px||14px||true|false\u00a0\u00bb custom_padding=\u00a0\u00bb16px||16px||true|false\u00a0\u00bb global_colors_info=\u00a0\u00bb{}\u00a0\u00bb][et_pb_column type=\u00a0\u00bb1_2&Prime; _builder_version=\u00a0\u00bb4.27.5&Prime; _module_preset=\u00a0\u00bbdefault\u00a0\u00bb global_colors_info=\u00a0\u00bb{}\u00a0\u00bb][et_pb_text _builder_version=\u00a0\u00bb4.27.6&Prime; _module_preset=\u00a0\u00bbdefault\u00a0\u00bb link_text_color=\u00a0\u00bb#FFFFFF\u00a0\u00bb header_2_font=\u00a0\u00bbNoto Sans|&#8211;et_global_body_font_weight|||||||\u00a0\u00bb header_2_text_color=\u00a0\u00bb#FFFFFF\u00a0\u00bb header_2_font_size=\u00a0\u00bb24px\u00a0\u00bb custom_margin=\u00a0\u00bb46px||46px||true|false\u00a0\u00bb global_colors_info=\u00a0\u00bb{}\u00a0\u00bb]<\/p>\n<h2 data-start=\"1828\" data-end=\"1858\"><em>\u00c0 propos de Avec Amour de Jamey<\/em><\/h2>\n<p data-start=\"1860\" data-end=\"2135\"><span style=\"color: #ffffff;\"><a href=\"https:\/\/www.withlovefromjamey.com\/blog\" target=\"_blank\" rel=\"noopener\"><em data-start=\"1860\" data-end=\"1882\">With Love From Jamey<\/em> <\/a>est une plateforme alimentaire et bien-\u00eatre cr\u00e9\u00e9e par le cr\u00e9ateur num\u00e9rique et d\u00e9veloppeur de recettes Jamey Kay. Ses recettes nourrissantes et compl\u00e8tes reposent sur la simplicit\u00e9, la compassion et le bien-\u00eatre quotidien, et sont partag\u00e9es chaque mois dans le cadre du Coin des recettes Lupus Canada. <\/span><\/p>\n<p>[\/et_pb_text][\/et_pb_column][et_pb_column type=\u00a0\u00bb1_2&Prime; _builder_version=\u00a0\u00bb4.27.5&Prime; _module_preset=\u00a0\u00bbdefault\u00a0\u00bb global_colors_info=\u00a0\u00bb{}\u00a0\u00bb][et_pb_image src=\u00a0\u00bbhttps:\/\/www.lupuscanada.org\/wp-content\/uploads\/2024\/09\/September_16_IG.png\u00a0\u00bb alt=\u00a0\u00bbPortrait de Jamey Kay, d\u00e9veloppeur de recettes et contributeur au Coin des recettes Lupus Canada\u00a0\u00bb title_text=\u00a0\u00bbJamey Kay | Avec amour de la part de Jamey\u00a0\u00bb _builder_version=\u00a0\u00bb4.27.5&Prime; _module_preset=\u00a0\u00bbdefault\u00a0\u00bb width_tablet=\u00a0\u00bb57%\u00a0\u00bb width_phone=\u00a0\u00bb57%\u00a0\u00bb width_last_edited=\u00a0\u00bbon|tablet\u00a0\u00bb module_alignment=\u00a0\u00bbcenter\u00a0\u00bb custom_margin_tablet=\u00a0\u00bb-55px||||false|false\u00a0\u00bb custom_margin_phone=\u00a0\u00bb-55px||||false|false\u00a0\u00bb custom_margin_last_edited=\u00a0\u00bbon|tablet\u00a0\u00bb global_colors_info=\u00a0\u00bb{}\u00a0\u00bb][\/et_pb_image][\/et_pb_column][\/et_pb_row][\/et_pb_section]<\/p>\n","protected":false},"excerpt":{"rendered":"<p>Pr\u00e9parez ces glaces au caramel sal\u00e9 avec du lait de coco, des dattes Medjool, de la vanille et du sel feuillet\u00e9 pour une friandise glac\u00e9e simple et naturellement sucr\u00e9e.<\/p>\n","protected":false},"author":4,"featured_media":0,"comment_status":"closed","ping_status":"closed","sticky":false,"template":"","format":"standard","meta":{"_acf_changed":false,"_et_pb_use_builder":"on","_et_pb_old_content":"","_et_gb_content_width":"","footnotes":""},"categories":[92],"tags":[708,522,148,381,713,581],"topic":[135],"audience":[123,122,124],"class_list":["post-13369","post","type-post","status-publish","format-standard","hentry","category-article-fr","tag-anti-inflammatoire-2","tag-preparation-des-repas","tag-recette","tag-regime-lupus","tag-sans-produits-laitiers-2","tag-sans-sucre-raffine","topic-recette","audience-j-ai-le-lupus","audience-j-ai-recemment-recu-un-diagnostic","audience-une-personne-a-qui-je-tiens-a-le-lupus"],"acf":[],"_links":{"self":[{"href":"https:\/\/www.lupuscanada.org\/fr\/wp-json\/wp\/v2\/posts\/13369","targetHints":{"allow":["GET"]}}],"collection":[{"href":"https:\/\/www.lupuscanada.org\/fr\/wp-json\/wp\/v2\/posts"}],"about":[{"href":"https:\/\/www.lupuscanada.org\/fr\/wp-json\/wp\/v2\/types\/post"}],"author":[{"embeddable":true,"href":"https:\/\/www.lupuscanada.org\/fr\/wp-json\/wp\/v2\/users\/4"}],"replies":[{"embeddable":true,"href":"https:\/\/www.lupuscanada.org\/fr\/wp-json\/wp\/v2\/comments?post=13369"}],"version-history":[{"count":2,"href":"https:\/\/www.lupuscanada.org\/fr\/wp-json\/wp\/v2\/posts\/13369\/revisions"}],"predecessor-version":[{"id":13371,"href":"https:\/\/www.lupuscanada.org\/fr\/wp-json\/wp\/v2\/posts\/13369\/revisions\/13371"}],"wp:attachment":[{"href":"https:\/\/www.lupuscanada.org\/fr\/wp-json\/wp\/v2\/media?parent=13369"}],"wp:term":[{"taxonomy":"category","embeddable":true,"href":"https:\/\/www.lupuscanada.org\/fr\/wp-json\/wp\/v2\/categories?post=13369"},{"taxonomy":"post_tag","embeddable":true,"href":"https:\/\/www.lupuscanada.org\/fr\/wp-json\/wp\/v2\/tags?post=13369"},{"taxonomy":"topic","embeddable":true,"href":"https:\/\/www.lupuscanada.org\/fr\/wp-json\/wp\/v2\/topic?post=13369"},{"taxonomy":"audience","embeddable":true,"href":"https:\/\/www.lupuscanada.org\/fr\/wp-json\/wp\/v2\/audience?post=13369"}],"curies":[{"name":"wp","href":"https:\/\/api.w.org\/{rel}","templated":true}]}},{"id":13314,"date":"2026-07-31T15:02:25","date_gmt":"2026-07-31T15:02:25","guid":{"rendered":"https:\/\/www.lupuscanada.org\/un-voyage-sain-commence-avant-dembarquer-lupus-canada\/"},"modified":"2026-08-11T15:48:58","modified_gmt":"2026-08-11T15:48:58","slug":"un-voyage-sain-commence-avant-dembarquer-lupus-canada","status":"publish","type":"post","link":"https:\/\/www.lupuscanada.org\/fr\/un-voyage-sain-commence-avant-dembarquer-lupus-canada\/","title":{"rendered":"Un voyage sain commence avant d\u2019embarquer | Lupus Canada"},"content":{"rendered":"<p>[et_pb_section fb_built=\u00a0\u00bb1&Prime; _builder_version=\u00a0\u00bb4.27.7&Prime; _module_preset=\u00a0\u00bbdefault\u00a0\u00bb custom_padding=\u00a0\u00bb0px||34px|||\u00a0\u00bb da_disable_devices=\u00a0\u00bboff|off|off\u00a0\u00bb global_colors_info=\u00a0\u00bb{}\u00a0\u00bb da_is_popup=\u00a0\u00bboff\u00a0\u00bb da_exit_intent=\u00a0\u00bboff\u00a0\u00bb da_has_close=\u00a0\u00bbon\u00a0\u00bb da_alt_close=\u00a0\u00bboff\u00a0\u00bb da_dark_close=\u00a0\u00bboff\u00a0\u00bb da_not_modal=\u00a0\u00bbon\u00a0\u00bb da_is_singular=\u00a0\u00bboff\u00a0\u00bb da_with_loader=\u00a0\u00bboff\u00a0\u00bb da_has_shadow=\u00a0\u00bbon\u00a0\u00bb][et_pb_row _builder_version=\u00a0\u00bb4.27.7&Prime; _module_preset=\u00a0\u00bbdefault\u00a0\u00bb global_colors_info=\u00a0\u00bb{}\u00a0\u00bb][et_pb_column type=\u00a0\u00bb4_4&Prime; _builder_version=\u00a0\u00bb4.27.7&Prime; _module_preset=\u00a0\u00bbdefault\u00a0\u00bb global_colors_info=\u00a0\u00bb{}\u00a0\u00bb][et_pb_text _builder_version=\u00a0\u00bb4.27.7&Prime; _module_preset=\u00a0\u00bbdefault\u00a0\u00bb text_font=\u00a0\u00bbNoto Sans|300|||||||\u00a0\u00bb header_2_font_size=\u00a0\u00bb35px\u00a0\u00bb header_3_font_size=\u00a0\u00bb20px\u00a0\u00bb global_colors_info=\u00a0\u00bb{}\u00a0\u00bb]<\/p>\n<h2 style=\"text-align: left;\"><span>Un voyage sain commence avant l\u2019embarquement<\/span><\/h2>\n<h3><em><span>Cet article a \u00e9t\u00e9 r\u00e9dig\u00e9 par Stephanie Charland, liaison en sciences m\u00e9dicales pour le Canada nordique bavarois. Aucun financement ni autre transfert de valeur n\u2019a \u00e9t\u00e9 associ\u00e9 \u00e0 cette contribution. <\/span><\/em><\/h3>\n<p>Pour les Canadiens vivant avec le lupus, une planification appropri\u00e9e et des mesures pr\u00e9ventives peuvent aider \u00e0 r\u00e9duire leur risque de maladies li\u00e9es aux <em>voyages (1).<\/em><\/p>\n<p>Le gouvernement du Canada fournit des directives <em>(2),<\/em> incluant une liste de v\u00e9rification <em>utile (3),<\/em> pour les Canadiens voyageant \u00e0 l\u2019\u00e9tranger. L\u2019une des recommandations cl\u00e9s est de vous assurer d\u2019\u00eatre inform\u00e9 des maladies infectieuses qui pourraient repr\u00e9senter un risque dans votre destination. Les infirmiers, pharmaciens et\/ou m\u00e9decins sp\u00e9cialis\u00e9s en sant\u00e9 des voyages <em>(4)<\/em> surveillent en permanence les risques mondiaux de sant\u00e9 et les alertes de voyage afin de fournir des conseils \u00e0 jour.  <\/p>\n<p>[\/et_pb_text][et_pb_text _builder_version=\u00a0\u00bb4.27.7&Prime; _module_preset=\u00a0\u00bbdefault\u00a0\u00bb header_2_font_size=\u00a0\u00bb25px\u00a0\u00bb hover_enabled=\u00a0\u00bb0&Prime; global_colors_info=\u00a0\u00bb{}\u00a0\u00bb sticky_enabled=\u00a0\u00bb0&Prime;]<\/p>\n<h2><span>Consultations en sant\u00e9 en voyage<\/span><\/h2>\n<p><span>Gr\u00e2ce \u00e0 une consultation en sant\u00e9 voyageuse, ces professionnels peuvent aider \u00e0 prot\u00e9ger les voyageurs, souvent par des mesures pr\u00e9ventives telles que la vaccination. Ils d\u00e9termineront vos besoins en fonction de plusieurs facteurs : <\/span><span><\/span><\/p>\n<ul>\n<li><span>Historique de vaccination <em>(5)<\/em>,  <\/span><\/li>\n<li><span>\u00c2ge,  <\/span><\/li>\n<li><span>Sant\u00e9 g\u00e9n\u00e9rale,  <\/span><\/li>\n<li><span>m\u00e9dicaments,  <\/span><\/li>\n<li><span>type de d\u00e9placement,  <\/span><\/li>\n<li><span>Exigences de destination et d\u2019entr\u00e9e.<\/span><\/li>\n<\/ul>\n<p>Ils peuvent \u00e9galement fournir des conseils sur les comportements pr\u00e9ventifs \u00e0 l\u2019\u00e9tranger, les voyages avec des enfants et la mani\u00e8re de r\u00e9agir \u00e0 des risques sp\u00e9cifiques. Par exemple, ils peuvent vous conseiller sur la marche \u00e0 suivre apr\u00e8s une piq\u00fbre d\u2019animal susceptible d\u2019\u00eatre un risque d\u2019infection grave, comment pr\u00e9venir les maladies d\u2019origine alimentaire et hydrique, ou comment vous prot\u00e9ger contre des maladies transmises par les moustiques comme la fi\u00e8vre jaune ou la chikungunya. M\u00eame voyager vers des destinations populaires, comme la R\u00e9publique dominicaine, peut comporter des risques dont vous n\u2019\u00eates pas conscient et qui pourrait b\u00e9n\u00e9ficier d\u2019une consultation.  <\/p>\n<p>Les professionnels de sant\u00e9 des voyageurs peuvent vous conseiller sur les m\u00e9dicaments \u00e0 emporter, les pr\u00e9cautions particuli\u00e8res si vous suivez des traitements immunosuppresseurs, les certificats m\u00e9dicaux, les kits de sant\u00e9 de voyage et les assurances. Une consultation en sant\u00e9 du voyage peut vous aider \u00e0 vous pr\u00e9parer aux situations qui pourraient survenir pendant ou apr\u00e8s votre voyage, y compris les sympt\u00f4mes au retour. <\/p>\n<p>\u00c9tablir un budget pour la sant\u00e9 des voyages, y compris une consultation avant le voyage, peut \u00eatre une partie importante de la pr\u00e9paration et peut aider \u00e0 pr\u00e9venir des probl\u00e8mes de sant\u00e9 inattendus ainsi que des co\u00fbts suppl\u00e9mentaires potentiels \u00e0 l\u2019\u00e9tranger. Assurez-vous de consulter une clinique de sant\u00e9 itin\u00e9rante ou des professionnels de sant\u00e9 au moins 6 semaines avant votre voyage et consultez ces ressources <em>(1-2-3-4-5-6-7-8).<\/em> <\/p>\n<p>[\/et_pb_text][\/et_pb_column][\/et_pb_row][\/et_pb_section][et_pb_section fb_built=\u00a0\u00bb1&Prime; _builder_version=\u00a0\u00bb4.27.5&Prime; _module_preset=\u00a0\u00bbdefault\u00a0\u00bb custom_padding=\u00a0\u00bb18px||18px||true|false\u00a0\u00bb da_disable_devices=\u00a0\u00bboff|off|off\u00a0\u00bb global_colors_info=\u00a0\u00bb{}\u00a0\u00bb da_is_popup=\u00a0\u00bboff\u00a0\u00bb da_exit_intent=\u00a0\u00bboff\u00a0\u00bb da_has_close=\u00a0\u00bbon\u00a0\u00bb da_alt_close=\u00a0\u00bboff\u00a0\u00bb da_dark_close=\u00a0\u00bboff\u00a0\u00bb da_not_modal=\u00a0\u00bbon\u00a0\u00bb da_is_singular=\u00a0\u00bboff\u00a0\u00bb da_with_loader=\u00a0\u00bboff\u00a0\u00bb da_has_shadow=\u00a0\u00bbon\u00a0\u00bb][et_pb_row _builder_version=\u00a0\u00bb4.27.7&Prime; _module_preset=\u00a0\u00bbdefault\u00a0\u00bb background_image=\u00a0\u00bbhttps:\/\/www.lupuscanada.org\/wp-content\/uploads\/2024\/08\/Custom-Gradient-1080&#215;1080@2x.png\u00a0\u00bb custom_padding=\u00a0\u00bb12px|30px|12px|30px|true|true\u00a0\u00bb global_colors_info=\u00a0\u00bb{}\u00a0\u00bb][et_pb_column type=\u00a0\u00bb4_4&Prime; _builder_version=\u00a0\u00bb4.27.4&Prime; _module_preset=\u00a0\u00bbdefault\u00a0\u00bb global_colors_info=\u00a0\u00bb{}\u00a0\u00bb][et_pb_text _builder_version=\u00a0\u00bb4.27.7&Prime; _module_preset=\u00a0\u00bbdefault\u00a0\u00bb custom_margin=\u00a0\u00bb25px|0px|25px|0px|true|true\u00a0\u00bb global_colors_info=\u00a0\u00bb{}\u00a0\u00bb]<\/p>\n<ol>\n<li><span style=\"color: #ffffff;\"><a href=\"https:\/\/www.lupus.org\/resources\/traveling-the-world-despite-lupus\" style=\"color: #ffffff;\" target=\"_blank\" rel=\"noopener\">https:\/\/www.lupus.org\/resources\/traveling-the-world-despite-lupus<\/a><\/span><\/li>\n<li><span style=\"color: #ffffff;\"><a href=\"https:\/\/travel.gc.ca\/travelling\/health-safety\/travel-health-information?_ga=2.183551525.2041538912.1778511911-925527726.1778511911\" style=\"color: #ffffff;\" target=\"_blank\" rel=\"noopener\">Informations sur la sant\u00e9 des voyages &#8211; Travel.gc.ca<\/a><\/span><\/li>\n<li><span style=\"color: #ffffff;\"><a href=\"https:\/\/travel.gc.ca\/travelling\/publications\/travellers-checklist\" style=\"color: #ffffff;\" target=\"_blank\" rel=\"noopener\">Liste de contr\u00f4le pour voyageurs voyageant hors du Canada &#8211; Travel.gc.ca<\/a><\/span><\/li>\n<li><span style=\"color: #ffffff;\"><a href=\"https:\/\/travel.gc.ca\/travelling\/health-safety\/clinic\" style=\"color: #ffffff;\" target=\"_blank\" rel=\"noopener\">Trouvez une clinique de sant\u00e9 voyageuse &#8211; Travel.gc.ca<\/a> &#8211; veuillez noter que cette liste n\u2019est pas exhaustive et que certaines cliniques de sant\u00e9 voyageuse peuvent ne pas \u00eatre incluses.<\/span><\/li>\n<li><span style=\"color: #ffffff;\"><a href=\"https:\/\/www.lupus.org\/resources\/traveling-the-world-despite-lupus\" style=\"color: #ffffff;\" target=\"_blank\" rel=\"noopener\">https:\/\/www.lupuscanada.org\/infections-immunizations-and-lupus<\/a><\/span><\/li>\n<li><span style=\"color: #ffffff;\"><a href=\"https:\/\/www.inspq.qc.ca\/en\/travel-health\/health-tips-travellers\" style=\"color: #ffffff;\" target=\"_blank\" rel=\"noopener\">Conseils sant\u00e9 pour les voyageurs | Institut national de sant\u00e9 publique du Qu\u00e9bec<\/a><\/span><\/li>\n<li><span style=\"color: #ffffff;\"><a href=\"https:\/\/www.caaquebec.com\/en\/advices\/planning-a-trip\/your-travel-health-top-tips-for-travellers\" style=\"color: #ffffff;\" target=\"_blank\" rel=\"noopener\">Sant\u00e9 voyage : conseils de pr\u00e9vention et assurance voyage | CAA-Qu\u00e9bec<\/a><\/span><\/li>\n<li><span style=\"color: #ffffff;\"><a href=\"https:\/\/www.canada.ca\/en\/public-health\/services\/travel-health\/plan-health-before-during-travel.html\" style=\"color: #ffffff;\" target=\"_blank\" rel=\"noopener\">Pr\u00e9voyez votre sant\u00e9 avant et pendant le voyage &#8211; Canada.ca<\/a><\/span><\/li>\n<\/ol>\n<p>[\/et_pb_text][\/et_pb_column][\/et_pb_row][\/et_pb_section]<\/p>\n","protected":false},"excerpt":{"rendered":"<p>Healthy Travel pour les Canadiens vivant avec le lupus commence avant l\u2019embarquement. D\u00e9couvrez comment les consultations et la planification en sant\u00e9 des voyages peuvent vous aider \u00e0 vous pr\u00e9parer \u00e0 un voyage s\u00fbr \u00e0 l\u2019\u00e9tranger. <\/p>\n","protected":false},"author":4,"featured_media":0,"comment_status":"closed","ping_status":"closed","sticky":false,"template":"","format":"standard","meta":{"_acf_changed":false,"_et_pb_use_builder":"on","_et_pb_old_content":"","_et_gb_content_width":"","footnotes":""},"categories":[92],"tags":[491,143,757,758,206],"topic":[117],"audience":[123,122],"class_list":["post-13314","post","type-post","status-publish","format-standard","hentry","category-article-fr","tag-diagnostic-du-lupus","tag-maladie-chronique","tag-sante-des-voyages","tag-vaccinations","tag-vivre-avec-le-lupus","topic-vie-et-bien-etre","audience-j-ai-le-lupus","audience-j-ai-recemment-recu-un-diagnostic"],"acf":[],"_links":{"self":[{"href":"https:\/\/www.lupuscanada.org\/fr\/wp-json\/wp\/v2\/posts\/13314","targetHints":{"allow":["GET"]}}],"collection":[{"href":"https:\/\/www.lupuscanada.org\/fr\/wp-json\/wp\/v2\/posts"}],"about":[{"href":"https:\/\/www.lupuscanada.org\/fr\/wp-json\/wp\/v2\/types\/post"}],"author":[{"embeddable":true,"href":"https:\/\/www.lupuscanada.org\/fr\/wp-json\/wp\/v2\/users\/4"}],"replies":[{"embeddable":true,"href":"https:\/\/www.lupuscanada.org\/fr\/wp-json\/wp\/v2\/comments?post=13314"}],"version-history":[{"count":4,"href":"https:\/\/www.lupuscanada.org\/fr\/wp-json\/wp\/v2\/posts\/13314\/revisions"}],"predecessor-version":[{"id":13329,"href":"https:\/\/www.lupuscanada.org\/fr\/wp-json\/wp\/v2\/posts\/13314\/revisions\/13329"}],"wp:attachment":[{"href":"https:\/\/www.lupuscanada.org\/fr\/wp-json\/wp\/v2\/media?parent=13314"}],"wp:term":[{"taxonomy":"category","embeddable":true,"href":"https:\/\/www.lupuscanada.org\/fr\/wp-json\/wp\/v2\/categories?post=13314"},{"taxonomy":"post_tag","embeddable":true,"href":"https:\/\/www.lupuscanada.org\/fr\/wp-json\/wp\/v2\/tags?post=13314"},{"taxonomy":"topic","embeddable":true,"href":"https:\/\/www.lupuscanada.org\/fr\/wp-json\/wp\/v2\/topic?post=13314"},{"taxonomy":"audience","embeddable":true,"href":"https:\/\/www.lupuscanada.org\/fr\/wp-json\/wp\/v2\/audience?post=13314"}],"curies":[{"name":"wp","href":"https:\/\/api.w.org\/{rel}","templated":true}]}},{"id":13302,"date":"2026-07-31T14:36:30","date_gmt":"2026-07-31T14:36:30","guid":{"rendered":"https:\/\/www.lupuscanada.org\/vivre-avec-le-lupus-lhistoire-de-filomena-perseverance-perte-de-grossesse-et-auto-defense\/"},"modified":"2026-08-24T18:52:08","modified_gmt":"2026-08-24T18:52:08","slug":"vivre-avec-le-lupus-lhistoire-de-filomena-perseverance-perte-de-grossesse-et-auto-defense","status":"publish","type":"post","link":"https:\/\/www.lupuscanada.org\/fr\/vivre-avec-le-lupus-lhistoire-de-filomena-perseverance-perte-de-grossesse-et-auto-defense\/","title":{"rendered":"Vivre avec le Lupus : L\u2019histoire de Filomena | Pers\u00e9v\u00e9rance, perte de grossesse et auto-d\u00e9fense"},"content":{"rendered":"<p>[et_pb_section fb_built=\u00a0\u00bb1&Prime; _builder_version=\u00a0\u00bb4.27.0&Prime; _module_preset=\u00a0\u00bbdefault\u00a0\u00bb custom_margin_tablet=\u00a0\u00bb\u00a0\u00bb custom_margin_phone=\u00a0\u00bb-130px||||false|false\u00a0\u00bb custom_margin_last_edited=\u00a0\u00bbon|phone\u00a0\u00bb custom_padding=\u00a0\u00bb0px||1px|||\u00a0\u00bb da_disable_devices=\u00a0\u00bboff|off|off\u00a0\u00bb global_colors_info=\u00a0\u00bb{}\u00a0\u00bb da_is_popup=\u00a0\u00bboff\u00a0\u00bb da_exit_intent=\u00a0\u00bboff\u00a0\u00bb da_has_close=\u00a0\u00bbon\u00a0\u00bb da_alt_close=\u00a0\u00bboff\u00a0\u00bb da_dark_close=\u00a0\u00bboff\u00a0\u00bb da_not_modal=\u00a0\u00bbon\u00a0\u00bb da_is_singular=\u00a0\u00bboff\u00a0\u00bb da_with_loader=\u00a0\u00bboff\u00a0\u00bb da_has_shadow=\u00a0\u00bbon\u00a0\u00bb][et_pb_row _builder_version=\u00a0\u00bb4.27.5&Prime; _module_preset=\u00a0\u00bbdefault\u00a0\u00bb custom_margin=\u00a0\u00bb15px||15px||true|false\u00a0\u00bb global_colors_info=\u00a0\u00bb{}\u00a0\u00bb][et_pb_column type=\u00a0\u00bb4_4&Prime; _builder_version=\u00a0\u00bb4.27.3&Prime; _module_preset=\u00a0\u00bbdefault\u00a0\u00bb global_colors_info=\u00a0\u00bb{}\u00a0\u00bb][et_pb_text _builder_version=\u00a0\u00bb4.27.7&Prime; _module_preset=\u00a0\u00bbdefault\u00a0\u00bb global_colors_info=\u00a0\u00bb{}\u00a0\u00bb]<\/p>\n<p><em>Parlons lupus : Conversations avec Macenzie \u2014 Histoires vraies de Canadiens vivant avec le lupus.<\/em><\/p>\n<p>[\/et_pb_text][\/et_pb_column][\/et_pb_row][et_pb_row _builder_version=\u00a0\u00bb4.27.7&Prime; _module_preset=\u00a0\u00bbdefault\u00a0\u00bb custom_margin=\u00a0\u00bb0px||||false|false\u00a0\u00bb global_colors_info=\u00a0\u00bb{}\u00a0\u00bb][et_pb_column type=\u00a0\u00bb4_4&Prime; _builder_version=\u00a0\u00bb4.27.0&Prime; _module_preset=\u00a0\u00bbdefault\u00a0\u00bb global_colors_info=\u00a0\u00bb{}\u00a0\u00bb][et_pb_text quote_border_color=\u00a0\u00bb#3E005C\u00a0\u00bb _builder_version=\u00a0\u00bb4.27.7&Prime; _module_preset=\u00a0\u00bbdefault\u00a0\u00bb quote_text_color=\u00a0\u00bb#6B198A\u00a0\u00bb header_2_font_size=\u00a0\u00bb22px\u00a0\u00bb custom_margin=\u00a0\u00bb8px||||false|false\u00a0\u00bb global_colors_info=\u00a0\u00bb{}\u00a0\u00bb]<\/p>\n<p data-start=\"745\" data-end=\"870\" class=\"PDq2pG_selectionAnchorContainer\">Pendant la majeure partie de la vie de Filomena, elle avait l\u2019habitude d\u2019\u00eatre la personne qui, d\u2019une mani\u00e8re ou d\u2019une autre, finissait toujours par tomber malade et le rester.<span aria-hidden=\"true\" class=\"PDq2pG_selectionAnchor\"><\/span><\/p>\n<p data-start=\"872\" data-end=\"977\">Ayant grandi \u00e0 Calgary, elle souffrait de maux d\u2019estomac persistants qui devenaient de plus en plus intenses avec l\u2019\u00e2ge.<\/p>\n<p data-start=\"979\" data-end=\"1197\">\u00c0 l\u2019\u00e2ge de 10 ans, elle faisait fr\u00e9quemment des visites chez les m\u00e9decins, les cliniques sans rendez-vous et les urgences, cherchant des r\u00e9ponses \u00e0 la douleur abdominale \u00e9puisante qui \u00e9tait devenue une constante dans sa vie.<\/p>\n<p data-start=\"1199\" data-end=\"1332\">Vers l\u2019\u00e2ge de 18 ans, sans r\u00e9elles r\u00e9ponses en vue, Filomena a m\u00eame subi une chirurgie exploratoire dans l\u2019espoir de trouver une solution.<\/p>\n<p data-start=\"1334\" data-end=\"1463\">\u00ab Les m\u00e9decins ont pens\u00e9 que j\u2019avais peut-\u00eatre une tumeur, mais ils n\u2019ont rien trouv\u00e9 \u00bb, dit-elle. \u00ab Ils n\u2019avaient aucune id\u00e9e de ce qui n\u2019allait pas chez moi. \u00bb <\/p>\n<p data-start=\"1465\" data-end=\"1706\">Son diagnostic changeait constamment, d\u2019abord du syndrome de l\u2019intestin irritable \u00e0 l\u2019endom\u00e9triose, puis \u00e0 l\u2019ad\u00e9nomyose. Les choses ont continu\u00e9 ainsi tout au long de la vingtaine de Filomena, qui en est venue \u00e0 croire que la maladie chronique \u00e9tait simplement un fait de la vie. <\/p>\n<p data-start=\"1160\" data-end=\"1390\"><strong><em data-start=\"1392\" data-end=\"1418\">\u00ab C\u2019est juste qui je suis, \u00bb<\/em> se souvient-elle avoir pens\u00e9.<\/strong><\/p>\n<p>[\/et_pb_text][\/et_pb_column][\/et_pb_row][et_pb_row column_structure=\u00a0\u00bb3_5,2_5&Prime; _builder_version=\u00a0\u00bb4.27.7&Prime; _module_preset=\u00a0\u00bbdefault\u00a0\u00bb custom_margin=\u00a0\u00bb24px||15px||false|false\u00a0\u00bb global_colors_info=\u00a0\u00bb{}\u00a0\u00bb][et_pb_column type=\u00a0\u00bb3_5&Prime; _builder_version=\u00a0\u00bb4.27.0&Prime; _module_preset=\u00a0\u00bbdefault\u00a0\u00bb global_colors_info=\u00a0\u00bb{}\u00a0\u00bb][et_pb_text _builder_version=\u00a0\u00bb4.27.7&Prime; _module_preset=\u00a0\u00bbdefault\u00a0\u00bb header_2_font=\u00a0\u00bbNoto Sans||||||||\u00a0\u00bb header_2_font_size=\u00a0\u00bb22px\u00a0\u00bb custom_padding=\u00a0\u00bb||2px|||\u00a0\u00bb global_colors_info=\u00a0\u00bb{}\u00a0\u00bb]<\/p>\n<h2 data-section-id=\"1swrof\" data-start=\"1892\" data-end=\"1916\" class=\"PDq2pG_selectionAnchorContainer\"><span>Perte de grossesse et questions sans r\u00e9ponse<\/span><span aria-hidden=\"true\" class=\"PDq2pG_selectionAnchor\"><\/span><\/h2>\n<p data-start=\"1793\" data-end=\"2005\" class=\"PDq2pG_selectionAnchorContainer\">Mais lorsque Filomena a commenc\u00e9 \u00e0 essayer de fonder une famille \u00e0 24 ans, elle a subi une mortinaissance. Sans raison apparente pour expliquer ce qui s\u2019\u00e9tait pass\u00e9, on lui a dit que le lupus pouvait \u00eatre la cause sous-jacente de sa perte de grossesse. <span aria-hidden=\"true\" class=\"PDq2pG_selectionAnchor\"><\/span><\/p>\n<p data-start=\"2007\" data-end=\"2119\">Filomena n\u2019\u00e9tait pas mentalement pr\u00eate \u00e0 commencer des tests apr\u00e8s la perte de sa fille, alors elle demanda plus de temps.<\/p>\n<p>[\/et_pb_text][\/et_pb_column][et_pb_column type=\u00a0\u00bb2_5&Prime; _builder_version=\u00a0\u00bb4.27.0&Prime; _module_preset=\u00a0\u00bbdefault\u00a0\u00bb global_colors_info=\u00a0\u00bb{}\u00a0\u00bb][et_pb_image src=\u00a0\u00bbhttps:\/\/www.lupuscanada.org\/wp-content\/uploads\/2026\/07\/Unknown-6.jpeg\u00a0\u00bb alt=\u00a0\u00bbVivre avec le lupus : L\u2019histoire de Filomena montrant Filomena Eremita recevant un traitement d\u2019infusion intraveineuse pour le lupus.\u00a0\u00bb title_text=\u00a0\u00bbVivre avec le Lupus : L\u2019histoire de Filomena | Traitement par perfusion de lupus\u00a0\u00bb align=\u00a0\u00bbcenter\u00a0\u00bb _builder_version=\u00a0\u00bb4.27.7&Prime; _module_preset=\u00a0\u00bbdefault\u00a0\u00bb width=\u00a0\u00bb90%\u00a0\u00bb global_colors_info=\u00a0\u00bb{}\u00a0\u00bb][\/et_pb_image][\/et_pb_column][\/et_pb_row][et_pb_row _builder_version=\u00a0\u00bb4.27.3&Prime; _module_preset=\u00a0\u00bbdefault\u00a0\u00bb global_colors_info=\u00a0\u00bb{}\u00a0\u00bb][et_pb_column type=\u00a0\u00bb4_4&Prime; _builder_version=\u00a0\u00bb4.27.3&Prime; _module_preset=\u00a0\u00bbdefault\u00a0\u00bb global_colors_info=\u00a0\u00bb{}\u00a0\u00bb][et_pb_text quote_border_color=\u00a0\u00bb#3E005C\u00a0\u00bb _builder_version=\u00a0\u00bb4.27.7&Prime; _module_preset=\u00a0\u00bbdefault\u00a0\u00bb quote_text_color=\u00a0\u00bb#3E005C\u00a0\u00bb header_2_font=\u00a0\u00bbNoto Sans||||||||\u00a0\u00bb header_2_font_size=\u00a0\u00bb22px\u00a0\u00bb custom_padding=\u00a0\u00bb||2px|||\u00a0\u00bb hover_enabled=\u00a0\u00bb0&Prime; global_colors_info=\u00a0\u00bb{}\u00a0\u00bb custom_margin=\u00a0\u00bb20px||20px||true|false\u00a0\u00bb sticky_enabled=\u00a0\u00bb0&Prime;]<\/p>\n<p data-start=\"2121\" data-end=\"2271\" class=\"PDq2pG_selectionAnchorContainer\">\u00ab J\u2019ai attendu environ deux mois apr\u00e8s son d\u00e9c\u00e8s pour tester le lupus, \u00bb explique-t-elle. \u00ab Les tests sont tous revenus n\u00e9gatifs, alors j\u2019ai continu\u00e9 ma vie. \u00bb <span aria-hidden=\"true\" class=\"PDq2pG_selectionAnchor\"><\/span><\/p>\n<p data-start=\"2273\" data-end=\"2396\">Filomena a pu avoir deux enfants n\u00e9s \u00e0 11 mois d\u2019intervalle apr\u00e8s sa premi\u00e8re perte, bien que les grossesses aient \u00e9t\u00e9 compliqu\u00e9es.<\/p>\n<p data-start=\"2398\" data-end=\"2570\">Dans la fin de la vingtaine et au d\u00e9but de la trentaine, Filomena a subi de multiples pertes de grossesse, un signe d\u00e9chirant que quelque chose d\u2019autre contribuait \u00e0 ses probl\u00e8mes de sant\u00e9.<\/p>\n<p data-start=\"2572\" data-end=\"2734\">\u00ab Finalement, j\u2019ai continu\u00e9 \u00e0 perdre des b\u00e9b\u00e9s. Cela n\u2019avait tout simplement aucun sens. Ils n\u2019ont pas su expliquer pourquoi j\u2019en avais perdu autant quand j\u2019\u00e9tais une jeune fille cens\u00e9e \u00eatre en bonne sant\u00e9. \u00bb<\/p>\n<p data-start=\"2736\" data-end=\"2953\">Bien que les m\u00e9decins lui aient dit que de nouvelles grossesses pourraient \u00eatre compliqu\u00e9es, elle resta d\u00e9termin\u00e9e \u00e0 r\u00e9aliser son r\u00eave d\u2019une grande famille. Gr\u00e2ce \u00e0 sa force et \u00e0 sa r\u00e9silience, elle a pu accoucher de deux autres enfants en toute s\u00e9curit\u00e9. <\/p>\n<p data-start=\"2679\" data-end=\"2725\"><em data-start=\"2679\" data-end=\"2702\">\u00ab Je suis tr\u00e8s t\u00eatue \u00bb,<\/em> dit-elle en riant.<\/p>\n<p>[\/et_pb_text][et_pb_divider color=\u00a0\u00bb#6B198A\u00a0\u00bb divider_weight=\u00a0\u00bb5px\u00a0\u00bb _builder_version=\u00a0\u00bb4.27.7&Prime; _module_preset=\u00a0\u00bbdefault\u00a0\u00bb module_alignment=\u00a0\u00bbcenter\u00a0\u00bb custom_margin=\u00a0\u00bb30px||0px||false|false\u00a0\u00bb hover_enabled=\u00a0\u00bb0&Prime; global_colors_info=\u00a0\u00bb{}\u00a0\u00bb sticky_enabled=\u00a0\u00bb0&Prime;][\/et_pb_divider][\/et_pb_column][\/et_pb_row][et_pb_row _builder_version=\u00a0\u00bb4.27.6&Prime; _module_preset=\u00a0\u00bbdefault\u00a0\u00bb custom_margin=\u00a0\u00bb15px||30px||false|false\u00a0\u00bb custom_padding=\u00a0\u00bb||0px|||\u00a0\u00bb global_colors_info=\u00a0\u00bb{}\u00a0\u00bb][et_pb_column type=\u00a0\u00bb4_4&Prime; _builder_version=\u00a0\u00bb4.27.3&Prime; _module_preset=\u00a0\u00bbdefault\u00a0\u00bb global_colors_info=\u00a0\u00bb{}\u00a0\u00bb][et_pb_text quote_border_color=\u00a0\u00bb#3E005C\u00a0\u00bb _builder_version=\u00a0\u00bb4.27.7&Prime; _module_preset=\u00a0\u00bbdefault\u00a0\u00bb link_text_color=\u00a0\u00bb#3E005C\u00a0\u00bb quote_text_color=\u00a0\u00bb#3E005C\u00a0\u00bb header_2_font=\u00a0\u00bbNoto Sans||||||||\u00a0\u00bb header_2_font_size=\u00a0\u00bb22px\u00a0\u00bb custom_margin=\u00a0\u00bb0px||-15px||false|false\u00a0\u00bb custom_padding=\u00a0\u00bb||0px|||\u00a0\u00bb global_colors_info=\u00a0\u00bb{}\u00a0\u00bb]<\/p>\n<h2 data-start=\"2780\" data-end=\"2827\"><span>Quand le Lupus est devenu un cri<\/span><\/h2>\n<p data-start=\"3037\" data-end=\"3167\" class=\"PDq2pG_selectionAnchorContainer\">Pr\u00e8s de 15 ans apr\u00e8s que le lupus ait \u00e9t\u00e9 mentionn\u00e9 pour la premi\u00e8re fois comme explication possible \u00e0 ses probl\u00e8mes de sant\u00e9, il est r\u00e9apparu dans la vie de Filomena.<span aria-hidden=\"true\" class=\"PDq2pG_selectionAnchor\"><\/span><\/p>\n<p data-start=\"3169\" data-end=\"3226\">En 2016, sa sant\u00e9 d\u00e9j\u00e0 fragile s\u2019est rapidement d\u00e9t\u00e9rior\u00e9e.<\/p>\n<p data-start=\"3228\" data-end=\"3281\">Comme elle le dit, <em>\u00ab des choses bizarres n\u2019ont cess\u00e9 de se produire. \u00bb<\/em><\/p>\n<p data-start=\"3283\" data-end=\"3547\">Ses jambes se sont recouvertes de ce qu\u2019elle a d\u2019abord cru \u00eatre des \u00e9ruptions cutan\u00e9es (plus tard diagnostiqu\u00e9es comme du livedo r\u00e9ticulaire). Elle a d\u00e9velopp\u00e9 un engourdissement au bout des doigts qui les a blanchis (syndrome de Raynaud) et une \u00e9ruption rouge et tachet\u00e9e s\u2019est \u00e9tendue sur son visage (\u00e9ruption papillon). <\/p>\n<p data-start=\"3549\" data-end=\"3714\">Ne sachant pas ce qui se passait, elle a commenc\u00e9 \u00e0 prendre des photos, un \u00ab journal visuel \u00bb, pour documenter ses sympt\u00f4mes et les apporter \u00e0 son m\u00e9decin traitant et \u00e0 son dermatologue.<\/p>\n<blockquote data-start=\"3405\" data-end=\"3667\"><\/blockquote>\n<blockquote data-start=\"3405\" data-end=\"3667\"><\/blockquote>\n<p>[\/et_pb_text][\/et_pb_column][\/et_pb_row][et_pb_row column_structure=\u00a0\u00bb3_5,2_5&Prime; _builder_version=\u00a0\u00bb4.27.6&Prime; _module_preset=\u00a0\u00bbdefault\u00a0\u00bb global_colors_info=\u00a0\u00bb{}\u00a0\u00bb][et_pb_column type=\u00a0\u00bb3_5&Prime; _builder_version=\u00a0\u00bb4.27.5&Prime; _module_preset=\u00a0\u00bbdefault\u00a0\u00bb global_colors_info=\u00a0\u00bb{}\u00a0\u00bb][et_pb_text _builder_version=\u00a0\u00bb4.27.7&Prime; _module_preset=\u00a0\u00bbdefault\u00a0\u00bb global_colors_info=\u00a0\u00bb{}\u00a0\u00bb]<\/p>\n<p data-start=\"3926\" data-end=\"4044\" class=\"PDq2pG_selectionAnchorContainer\">\u00ab Une photo peut vraiment raconter l\u2019histoire que ton corps racontait hier alors qu\u2019aujourd\u2019hui tout semble diff\u00e9rent \u00bb, dit-elle.<span aria-hidden=\"true\" class=\"PDq2pG_selectionAnchor\"><\/span><\/p>\n<p data-start=\"4046\" data-end=\"4191\">\u00ab Les sympt\u00f4mes n\u2019apparaissent pas toujours lors d\u2019un rendez-vous chez le m\u00e9decin. Gonflement, \u00e9ruptions cutan\u00e9es, modifications cutan\u00e9es et autres sympt\u00f4mes visibles peuvent appara\u00eetre et dispara\u00eetre rapidement. \u00bb<\/p>\n<p>[\/et_pb_text][\/et_pb_column][et_pb_column type=\u00a0\u00bb2_5&Prime; _builder_version=\u00a0\u00bb4.27.5&Prime; _module_preset=\u00a0\u00bbdefault\u00a0\u00bb global_colors_info=\u00a0\u00bb{}\u00a0\u00bb][et_pb_image src=\u00a0\u00bbhttps:\/\/www.lupuscanada.org\/wp-content\/uploads\/2026\/07\/Unknown-7.jpeg\u00a0\u00bb alt=\u00a0\u00bbVivre avec le lupus : L\u2019histoire de Filomena montrant un livedo reticularis sur les jambes de Filomena Eremita lors des pouss\u00e9es de lupus.\u00a0\u00bb title_text=\u00a0\u00bbVivre avec le Lupus : L\u2019histoire de Filomena | Sympt\u00f4mes du Livedo Reticularis\u00a0\u00bb align=\u00a0\u00bbcenter\u00a0\u00bb _builder_version=\u00a0\u00bb4.27.7&Prime; _module_preset=\u00a0\u00bbdefault\u00a0\u00bb width=\u00a0\u00bb93%\u00a0\u00bb custom_margin=\u00a0\u00bb-15px||10px||false|false\u00a0\u00bb global_colors_info=\u00a0\u00bb{}\u00a0\u00bb][\/et_pb_image][\/et_pb_column][\/et_pb_row][et_pb_row column_structure=\u00a0\u00bb2_5,3_5&Prime; _builder_version=\u00a0\u00bb4.27.7&Prime; _module_preset=\u00a0\u00bbdefault\u00a0\u00bb custom_margin=\u00a0\u00bb15px||30px||false|false\u00a0\u00bb custom_padding=\u00a0\u00bb||0px|||\u00a0\u00bb global_colors_info=\u00a0\u00bb{}\u00a0\u00bb][et_pb_column type=\u00a0\u00bb2_5&Prime; _builder_version=\u00a0\u00bb4.27.3&Prime; _module_preset=\u00a0\u00bbdefault\u00a0\u00bb global_colors_info=\u00a0\u00bb{}\u00a0\u00bb][et_pb_image src=\u00a0\u00bbhttps:\/\/www.lupuscanada.org\/wp-content\/uploads\/2026\/07\/Unknown-8.jpeg\u00a0\u00bb alt=\u00a0\u00bbVivre avec le lupus : L\u2019histoire de Filomena montrant le syndrome de Raynaud, le gonflement et la rougeur du visage lors des pouss\u00e9es de lupus.\u00a0\u00bb title_text=\u00a0\u00bbVivre avec le Lupus : L\u2019histoire de Filomena | Syndrome de Raynaud et sympt\u00f4mes du lupus\u00a0\u00bb _builder_version=\u00a0\u00bb4.27.7&Prime; _module_preset=\u00a0\u00bbdefault\u00a0\u00bb width=\u00a0\u00bb100%\u00a0\u00bb global_colors_info=\u00a0\u00bb{}\u00a0\u00bb][\/et_pb_image][\/et_pb_column][et_pb_column type=\u00a0\u00bb3_5&Prime; _builder_version=\u00a0\u00bb4.27.3&Prime; _module_preset=\u00a0\u00bbdefault\u00a0\u00bb global_colors_info=\u00a0\u00bb{}\u00a0\u00bb][et_pb_text quote_border_color=\u00a0\u00bb#3E005C\u00a0\u00bb _builder_version=\u00a0\u00bb4.27.7&Prime; _module_preset=\u00a0\u00bbdefault\u00a0\u00bb link_text_color=\u00a0\u00bb#3E005C\u00a0\u00bb quote_text_color=\u00a0\u00bb#3E005C\u00a0\u00bb header_2_font=\u00a0\u00bbNoto Sans||||||||\u00a0\u00bb header_2_font_size=\u00a0\u00bb22px\u00a0\u00bb custom_margin=\u00a0\u00bb15px||0px||false|false\u00a0\u00bb custom_padding=\u00a0\u00bb||0px|||\u00a0\u00bb global_colors_info=\u00a0\u00bb{}\u00a0\u00bb]<\/p>\n<p data-start=\"4367\" data-end=\"4522\" class=\"PDq2pG_selectionAnchorContainer\">Son dermatologue commen\u00e7a rapidement \u00e0 assembler le puzzle, demandant \u00e0 Filomena si quelqu\u2019un s\u2019\u00e9tait d\u00e9j\u00e0 assis pour examiner son dossier m\u00e9dical dans son ensemble.<span aria-hidden=\"true\" class=\"PDq2pG_selectionAnchor\"><\/span><\/p>\n<p data-start=\"4524\" data-end=\"4583\">Cette question seule lui donnait l\u2019impression d\u2019\u00eatre vraiment vue et aim\u00e9e.<\/p>\n<p data-start=\"4585\" data-end=\"4689\">Soup\u00e7onnant un lupus, son dermatologue a travaill\u00e9 avec le rhumatologue de Filomena pour confirmer le diagnostic.<\/p>\n<p>[\/et_pb_text][\/et_pb_column][\/et_pb_row][et_pb_row _builder_version=\u00a0\u00bb4.27.7&Prime; _module_preset=\u00a0\u00bbdefault\u00a0\u00bb global_colors_info=\u00a0\u00bb{}\u00a0\u00bb][et_pb_column type=\u00a0\u00bb4_4&Prime; _builder_version=\u00a0\u00bb4.27.7&Prime; _module_preset=\u00a0\u00bbdefault\u00a0\u00bb global_colors_info=\u00a0\u00bb{}\u00a0\u00bb][et_pb_text _builder_version=\u00a0\u00bb4.27.7&Prime; _module_preset=\u00a0\u00bbdefault\u00a0\u00bb global_colors_info=\u00a0\u00bb{}\u00a0\u00bb]<\/p>\n<p data-start=\"4691\" data-end=\"4800\" class=\"PDq2pG_selectionAnchorContainer\">\u00ab Je dirai toujours qu\u2019elle \u00e9tait mon cadeau \u00bb, dit Filomena. \u00ab \u00c0 ce moment-l\u00e0, elle s\u2019est assise et m\u2019a vraiment \u00e9cout\u00e9. \u00bb <span aria-hidden=\"true\" class=\"PDq2pG_selectionAnchor\"><\/span><\/p>\n<p data-start=\"4802\" data-end=\"4997\">Six mois apr\u00e8s son rendez-vous chez le dermatologue, Filomena a finalement \u00e9t\u00e9 diagnostiqu\u00e9e avec un lupus. Avec le recul, elle et son \u00e9quipe de soins soup\u00e7onnent que c\u2019\u00e9tait le lupus qui l\u2019affectait depuis pr\u00e8s de 25 ans. <\/p>\n<p>[\/et_pb_text][et_pb_testimonial _builder_version=\u00a0\u00bb4.27.7&Prime; _module_preset=\u00a0\u00bbdefault\u00a0\u00bb text_orientation=\u00a0\u00bbcenter\u00a0\u00bb custom_margin=\u00a0\u00bb40px|0px|40px|0px|true|true\u00a0\u00bb custom_margin_last_edited=\u00a0\u00bboff|tablet\u00a0\u00bb custom_padding=\u00a0\u00bb|150px||150px|false|true\u00a0\u00bb custom_padding_tablet=\u00a0\u00bb|150px||150px|false|true\u00a0\u00bb custom_padding_phone=\u00a0\u00bb|22px||22px|false|true\u00a0\u00bb custom_padding_last_edited=\u00a0\u00bbon|phone\u00a0\u00bb hover_enabled=\u00a0\u00bb0&Prime; global_colors_info=\u00a0\u00bb{}\u00a0\u00bb sticky_enabled=\u00a0\u00bb0&Prime;]<\/p>\n<h3><span>\u00ab Eh bien, c\u2019est comme on dit, le lupus est un murmure jusqu\u2019\u00e0 ce que ce soit un cri. \u00bb<\/span><\/h3>\n<p>[\/et_pb_testimonial][\/et_pb_column][\/et_pb_row][et_pb_row _builder_version=\u00a0\u00bb4.27.5&Prime; _module_preset=\u00a0\u00bbdefault\u00a0\u00bb custom_margin=\u00a0\u00bb15px||15px||false|false\u00a0\u00bb custom_padding=\u00a0\u00bb0px|||||\u00a0\u00bb global_colors_info=\u00a0\u00bb{}\u00a0\u00bb][et_pb_column type=\u00a0\u00bb4_4&Prime; _builder_version=\u00a0\u00bb4.27.3&Prime; _module_preset=\u00a0\u00bbdefault\u00a0\u00bb global_colors_info=\u00a0\u00bb{}\u00a0\u00bb][et_pb_divider color=\u00a0\u00bb#6B198A\u00a0\u00bb divider_weight=\u00a0\u00bb5px\u00a0\u00bb _builder_version=\u00a0\u00bb4.27.4&Prime; _module_preset=\u00a0\u00bbdefault\u00a0\u00bb module_alignment=\u00a0\u00bbcenter\u00a0\u00bb custom_margin=\u00a0\u00bb3px||13px||false|false\u00a0\u00bb global_colors_info=\u00a0\u00bb{}\u00a0\u00bb][\/et_pb_divider][et_pb_text quote_border_color=\u00a0\u00bb#3E005C\u00a0\u00bb _builder_version=\u00a0\u00bb4.27.7&Prime; _module_preset=\u00a0\u00bbdefault\u00a0\u00bb header_2_font=\u00a0\u00bbNoto Sans||||||||\u00a0\u00bb header_2_font_size=\u00a0\u00bb22px\u00a0\u00bb custom_margin=\u00a0\u00bb10px||10px||true|false\u00a0\u00bb custom_padding=\u00a0\u00bb0px||10px||false|false\u00a0\u00bb global_colors_info=\u00a0\u00bb{}\u00a0\u00bb]<\/p>\n<h2 data-start=\"2780\" data-end=\"2827\"><span>Recevoir un diagnostic de lupus<\/span><\/h2>\n<p data-start=\"5106\" data-end=\"5255\" class=\"PDq2pG_selectionAnchorContainer\">Aujourd\u2019hui, Filomena a encore du mal \u00e0 g\u00e9rer le lupus, car il n\u2019a pas \u00e9t\u00e9 trait\u00e9 si longtemps que beaucoup de d\u00e9g\u00e2ts ont \u00e9t\u00e9 caus\u00e9s \u00e0 son corps \u00e0 cause de l\u2019inflammation.<span aria-hidden=\"true\" class=\"PDq2pG_selectionAnchor\"><\/span><\/p>\n<p data-start=\"5257\" data-end=\"5413\">\u00ab Si tu m\u2019avais demand\u00e9 il y a des ann\u00e9es \u00e0 quoi ressemblerait mon avenir, le lupus ne m\u2019aurait jamais travers\u00e9 l\u2019esprit \u00bb, explique Filomena, \u00e0 propos de sa vie avant le diagnostic.<\/p>\n<p data-start=\"5415\" data-end=\"5630\">Elle partage que, dans les ann\u00e9es pr\u00e9c\u00e9dant son diagnostic, chaque test n\u00e9gatif sur le lupus lui apportait un sentiment de soulagement. Elle \u00e9tait effray\u00e9e par l\u2019incertitude quant \u00e0 ce qu\u2019un diagnostic pouvait signifier pour elle et la vie qu\u2019elle avait construite. <\/p>\n<p data-start=\"5632\" data-end=\"5912\">\u00ab J\u2019\u00e9tais occup\u00e9 \u00e0 \u00e9lever ma famille, travailler, faire du b\u00e9n\u00e9volat, voyager et vivre ma vie. Avec le recul, je vois que mon corps essayait de me dire quelque chose depuis longtemps, mais comme tant de gens vivant avec le lupus, il a fallu des ann\u00e9es avant que toutes les pi\u00e8ces du puzzle ne s\u2019assemblent enfin. \u00bb<\/p>\n<p>[\/et_pb_text][\/et_pb_column][\/et_pb_row][et_pb_row column_structure=\u00a0\u00bb3_5,2_5&Prime; _builder_version=\u00a0\u00bb4.27.7&Prime; _module_preset=\u00a0\u00bbdefault\u00a0\u00bb custom_margin=\u00a0\u00bb15px||15px||false|false\u00a0\u00bb global_colors_info=\u00a0\u00bb{}\u00a0\u00bb][et_pb_column type=\u00a0\u00bb3_5&Prime; _builder_version=\u00a0\u00bb4.27.3&Prime; _module_preset=\u00a0\u00bbdefault\u00a0\u00bb global_colors_info=\u00a0\u00bb{}\u00a0\u00bb][et_pb_text _builder_version=\u00a0\u00bb4.27.7&Prime; _module_preset=\u00a0\u00bbdefault\u00a0\u00bb header_2_font=\u00a0\u00bbNoto Sans||||||||\u00a0\u00bb header_2_font_size=\u00a0\u00bb22px\u00a0\u00bb custom_margin=\u00a0\u00bb0px||0px||true|false\u00a0\u00bb custom_padding=\u00a0\u00bb10px||10px||true|false\u00a0\u00bb global_colors_info=\u00a0\u00bb{}\u00a0\u00bb]<\/p>\n<p data-start=\"5914\" data-end=\"6115\" class=\"PDq2pG_selectionAnchorContainer\">Filomena d\u00e9crit la r\u00e9ception de son diagnostic comme douce-am\u00e8re. Bien que cela valide des ann\u00e9es de sympt\u00f4mes et d\u2019exp\u00e9riences inexpliqu\u00e9es, elle avait aussi peur de ce que vivre avec le lupus signifierait pour son avenir. <span aria-hidden=\"true\" class=\"PDq2pG_selectionAnchor\"><\/span><\/p>\n<p data-start=\"6117\" data-end=\"6216\">\u00ab Il y a encore des jours de fatigue \u00e9crasante, de douleurs inexpliqu\u00e9es, d\u2019infections et de fi\u00e8vres \u00bb, dit-elle.<\/p>\n<p>[\/et_pb_text][\/et_pb_column][et_pb_column type=\u00a0\u00bb2_5&Prime; _builder_version=\u00a0\u00bb4.27.7&Prime; _module_preset=\u00a0\u00bbdefault\u00a0\u00bb global_colors_info=\u00a0\u00bb{}\u00a0\u00bb][et_pb_image src=\u00a0\u00bbhttps:\/\/www.lupuscanada.org\/wp-content\/uploads\/2026\/07\/Unknown-4.jpeg\u00a0\u00bb alt=\u00a0\u00bbVivre avec le lupus : L\u2019histoire de Filomena montrant Filomena Eremita recevant un traitement contre le lupus par perfusion intraveineuse.\u00a0\u00bb title_text=\u00a0\u00bbVivre avec le Lupus : L\u2019histoire de Filomena | Traitement par perfusion du lupus\u00a0\u00bb align=\u00a0\u00bbcenter\u00a0\u00bb _builder_version=\u00a0\u00bb4.27.7&Prime; _module_preset=\u00a0\u00bbdefault\u00a0\u00bb width=\u00a0\u00bb100%\u00a0\u00bb module_alignment=\u00a0\u00bbcenter\u00a0\u00bb custom_margin=\u00a0\u00bb-10px||2px||false|false\u00a0\u00bb global_colors_info=\u00a0\u00bb{}\u00a0\u00bb][\/et_pb_image][\/et_pb_column][\/et_pb_row][et_pb_row _builder_version=\u00a0\u00bb4.27.7&Prime; _module_preset=\u00a0\u00bbdefault\u00a0\u00bb global_colors_info=\u00a0\u00bb{}\u00a0\u00bb][et_pb_column type=\u00a0\u00bb4_4&Prime; _builder_version=\u00a0\u00bb4.27.7&Prime; _module_preset=\u00a0\u00bbdefault\u00a0\u00bb global_colors_info=\u00a0\u00bb{}\u00a0\u00bb][et_pb_divider color=\u00a0\u00bb#6B198A\u00a0\u00bb divider_weight=\u00a0\u00bb5px\u00a0\u00bb _builder_version=\u00a0\u00bb4.27.4&Prime; _module_preset=\u00a0\u00bbdefault\u00a0\u00bb module_alignment=\u00a0\u00bbcenter\u00a0\u00bb custom_margin=\u00a0\u00bb19px||||false|false\u00a0\u00bb global_colors_info=\u00a0\u00bb{}\u00a0\u00bb][\/et_pb_divider][\/et_pb_column][\/et_pb_row][et_pb_row _builder_version=\u00a0\u00bb4.27.7&Prime; _module_preset=\u00a0\u00bbdefault\u00a0\u00bb global_colors_info=\u00a0\u00bb{}\u00a0\u00bb][et_pb_column type=\u00a0\u00bb4_4&Prime; _builder_version=\u00a0\u00bb4.27.7&Prime; _module_preset=\u00a0\u00bbdefault\u00a0\u00bb global_colors_info=\u00a0\u00bb{}\u00a0\u00bb][et_pb_text _builder_version=\u00a0\u00bb4.27.7&Prime; _module_preset=\u00a0\u00bbdefault\u00a0\u00bb header_2_font=\u00a0\u00bbNoto Sans|&#8211;et_global_body_font_weight|||||||\u00a0\u00bb header_2_font_size=\u00a0\u00bb22px\u00a0\u00bb custom_margin=\u00a0\u00bb10px||10px||true|false\u00a0\u00bb custom_padding=\u00a0\u00bb||10px||false|false\u00a0\u00bb global_colors_info=\u00a0\u00bb{}\u00a0\u00bb]<\/p>\n<h2 data-section-id=\"1lcc1fb\" data-start=\"6100\" data-end=\"6123\" class=\"PDq2pG_selectionAnchorContainer\">Se battre pour \u00eatre entendu<span aria-hidden=\"true\" class=\"PDq2pG_selectionAnchor\"><\/span><\/h2>\n<p data-start=\"6362\" data-end=\"6491\" class=\"PDq2pG_selectionAnchorContainer\">Plus r\u00e9cemment, Filomena a fait des allers-retours aux urgences avec une pneumonie qui a eu des cons\u00e9quences sur sa sant\u00e9.<span aria-hidden=\"true\" class=\"PDq2pG_selectionAnchor\"><\/span><\/p>\n<p data-start=\"6493\" data-end=\"6647\">\u00ab Beaucoup de m\u00e9decins des urgences ne comprennent pas totalement le lupus, alors j\u2019ai d\u00fb vraiment me battre pour \u00eatre entendue et \u00e9cout\u00e9e quand je leur ai dit que c\u2019\u00e9tait tr\u00e8s grave \u00bb, partage-t-elle.<\/p>\n<p data-start=\"6649\" data-end=\"6848\">\u00ab Depuis six mois, je me suis senti tr\u00e8s manipul\u00e9 m\u00e9dicalement, ou on m\u2019a fait croire que tout \u00e9tait dans ma t\u00eate. Beaucoup de mes sympt\u00f4mes \u00e9taient attribu\u00e9s \u00e0 la p\u00e9rim\u00e9nopause, ou on m\u2019a dit de &lsquo;faire plus de sport et d\u2019exercice&rsquo;. \u00bb<\/p>\n<p>[\/et_pb_text][\/et_pb_column][\/et_pb_row][et_pb_row column_structure=\u00a0\u00bb1_2,1_2&Prime; _builder_version=\u00a0\u00bb4.27.7&Prime; _module_preset=\u00a0\u00bbdefault\u00a0\u00bb global_colors_info=\u00a0\u00bb{}\u00a0\u00bb][et_pb_column type=\u00a0\u00bb1_2&Prime; _builder_version=\u00a0\u00bb4.27.7&Prime; _module_preset=\u00a0\u00bbdefault\u00a0\u00bb global_colors_info=\u00a0\u00bb{}\u00a0\u00bb][et_pb_text _builder_version=\u00a0\u00bb4.27.7&Prime; _module_preset=\u00a0\u00bbdefault\u00a0\u00bb custom_padding=\u00a0\u00bb||12px||false|false\u00a0\u00bb global_colors_info=\u00a0\u00bb{}\u00a0\u00bb]<\/p>\n<p><span>Heureusement, d\u00e9fendre ses int\u00e9r\u00eats lui a sauv\u00e9 la vie, car son cas de pneumonie a provoqu\u00e9 une inflammation s\u00e9rieuse et des liquides autour de son c\u0153ur et de ses poumons.<\/span><\/p>\n<p><span>\u00ab Parfois, quand personne n\u2019\u00e9coute, j\u2019ai juste envie d\u2019abandonner. Mais il est tellement important d\u2019\u00e9couter son corps ; Personne ne conna\u00eet ton corps mieux que toi ! \u00bb<\/span><\/p>\n<p>[\/et_pb_text][\/et_pb_column][et_pb_column type=\u00a0\u00bb1_2&Prime; _builder_version=\u00a0\u00bb4.27.7&Prime; _module_preset=\u00a0\u00bbdefault\u00a0\u00bb global_colors_info=\u00a0\u00bb{}\u00a0\u00bb][et_pb_image src=\u00a0\u00bbhttps:\/\/www.lupuscanada.org\/wp-content\/uploads\/2026\/07\/Unknown-5.jpeg\u00a0\u00bb alt=\u00a0\u00bbVivre avec le lupus : L\u2019histoire de Filomena montrant des \u00e9chantillons de sang pr\u00e9lev\u00e9s lors des tests et soins du lupus en cours.\u00a0\u00bb title_text=\u00a0\u00bbVivre avec le Lupus : L\u2019histoire de Filomena | Analyses sanguines et soins du lupus\u00a0\u00bb align=\u00a0\u00bbcenter\u00a0\u00bb _builder_version=\u00a0\u00bb4.27.7&Prime; _module_preset=\u00a0\u00bbdefault\u00a0\u00bb width=\u00a0\u00bb68%\u00a0\u00bb global_colors_info=\u00a0\u00bb{}\u00a0\u00bb][\/et_pb_image][\/et_pb_column][\/et_pb_row][et_pb_row _builder_version=\u00a0\u00bb4.27.7&Prime; _module_preset=\u00a0\u00bbdefault\u00a0\u00bb global_colors_info=\u00a0\u00bb{}\u00a0\u00bb][et_pb_column type=\u00a0\u00bb4_4&Prime; _builder_version=\u00a0\u00bb4.27.7&Prime; _module_preset=\u00a0\u00bbdefault\u00a0\u00bb global_colors_info=\u00a0\u00bb{}\u00a0\u00bb][et_pb_text _builder_version=\u00a0\u00bb4.27.7&Prime; _module_preset=\u00a0\u00bbdefault\u00a0\u00bb header_2_font=\u00a0\u00bbNoto Sans|&#8211;et_global_body_font_weight|||||||\u00a0\u00bb header_2_font_size=\u00a0\u00bb22px\u00a0\u00bb custom_margin=\u00a0\u00bb10px||10px||true|false\u00a0\u00bb custom_padding=\u00a0\u00bb||10px||false|false\u00a0\u00bb global_colors_info=\u00a0\u00bb{}\u00a0\u00bb]<\/p>\n<h2 data-section-id=\"1lcc1fb\" data-start=\"6100\" data-end=\"6123\" class=\"PDq2pG_selectionAnchorContainer\"><span>L\u2019importance de l\u2019auto-d\u00e9fense<\/span><span aria-hidden=\"true\" class=\"PDq2pG_selectionAnchor\"><\/span><\/h2>\n<p data-start=\"7358\" data-end=\"7534\" class=\"PDq2pG_selectionAnchorContainer\"><span>Sans aucun doute, l\u2019une des plus grandes le\u00e7ons que le lupus ait enseign\u00e9es \u00e0 Filomena est l\u2019importance de l\u2019auto-d\u00e9fense. C\u2019est aussi son plus grand conseil \u00e0 donner \u00e0 ceux qui traversent des difficult\u00e9s. <\/span><\/p>\n<p>[\/et_pb_text][\/et_pb_column][\/et_pb_row][et_pb_row column_structure=\u00a0\u00bb3_5,2_5&Prime; _builder_version=\u00a0\u00bb4.27.7&Prime; _module_preset=\u00a0\u00bbdefault\u00a0\u00bb global_colors_info=\u00a0\u00bb{}\u00a0\u00bb][et_pb_column type=\u00a0\u00bb3_5&Prime; _builder_version=\u00a0\u00bb4.27.7&Prime; _module_preset=\u00a0\u00bbdefault\u00a0\u00bb global_colors_info=\u00a0\u00bb{}\u00a0\u00bb][et_pb_text _builder_version=\u00a0\u00bb4.27.7&Prime; _module_preset=\u00a0\u00bbdefault\u00a0\u00bb header_4_font_size=\u00a0\u00bb22px\u00a0\u00bb custom_padding=\u00a0\u00bb||30px||false|false\u00a0\u00bb global_colors_info=\u00a0\u00bb{}\u00a0\u00bb]<\/p>\n<p><span>\u00ab Si quelque chose ne va pas, continue \u00e0 poser des questions. Continuez \u00e0 chercher des r\u00e9ponses. La pers\u00e9v\u00e9rance n\u2019est pas difficile ; Parfois, c\u2019est exactement ce qui m\u00e8ne au soutien dont tu as besoin. \u00bb<\/span><\/p>\n<p><span>Malgr\u00e9 toutes les choses que le lupus lui a enlev\u00e9es, et la cruaut\u00e9 de la maladie, cela a aussi appris \u00e0 Filomena quel esprit r\u00e9silient elle poss\u00e8de.<\/span><\/p>\n<p><span>\u00ab Le lupus a chang\u00e9 mon corps, mais il n\u2019a pas chang\u00e9 mon but \u00bb, dit-elle. \u00ab La force ne se mesure pas \u00e0 ce que nous accomplissons. Parfois, la force, c\u2019est simplement se lever, choisir l\u2019espoir, et r\u00e9essayer demain. \u00bb <\/span><\/p>\n<p>[\/et_pb_text][\/et_pb_column][et_pb_column type=\u00a0\u00bb2_5&Prime; _builder_version=\u00a0\u00bb4.27.7&Prime; _module_preset=\u00a0\u00bbdefault\u00a0\u00bb global_colors_info=\u00a0\u00bb{}\u00a0\u00bb][et_pb_image src=\u00a0\u00bbhttps:\/\/www.lupuscanada.org\/wp-content\/uploads\/2026\/07\/Unknown-1.jpeg\u00a0\u00bb alt=\u00a0\u00bbVivre avec Lupus : L\u2019histoire de Filomena mettant en sc\u00e8ne Filomena Eremita et son mari visitant le Colis\u00e9e de Rome.\u00a0\u00bb title_text=\u00a0\u00bbVivre avec le Lupus : L\u2019histoire de Filomena | Filomena et son mari \u00e0 Rome\u00a0\u00bb _builder_version=\u00a0\u00bb4.27.7&Prime; _module_preset=\u00a0\u00bbdefault\u00a0\u00bb global_colors_info=\u00a0\u00bb{}\u00a0\u00bb][\/et_pb_image][\/et_pb_column][\/et_pb_row][\/et_pb_section][et_pb_section fb_built=\u00a0\u00bb1&Prime; _builder_version=\u00a0\u00bb4.27.5&Prime; _module_preset=\u00a0\u00bbdefault\u00a0\u00bb custom_padding=\u00a0\u00bb18px||18px||true|false\u00a0\u00bb da_disable_devices=\u00a0\u00bboff|off|off\u00a0\u00bb global_colors_info=\u00a0\u00bb{}\u00a0\u00bb da_is_popup=\u00a0\u00bboff\u00a0\u00bb da_exit_intent=\u00a0\u00bboff\u00a0\u00bb da_has_close=\u00a0\u00bbon\u00a0\u00bb da_alt_close=\u00a0\u00bboff\u00a0\u00bb da_dark_close=\u00a0\u00bboff\u00a0\u00bb da_not_modal=\u00a0\u00bbon\u00a0\u00bb da_is_singular=\u00a0\u00bboff\u00a0\u00bb da_with_loader=\u00a0\u00bboff\u00a0\u00bb da_has_shadow=\u00a0\u00bbon\u00a0\u00bb][et_pb_row _builder_version=\u00a0\u00bb4.27.5&Prime; _module_preset=\u00a0\u00bbdefault\u00a0\u00bb background_image=\u00a0\u00bbhttps:\/\/www.lupuscanada.org\/wp-content\/uploads\/2024\/08\/Custom-Gradient-1080&#215;1080@2x.png\u00a0\u00bb custom_margin=\u00a0\u00bb-10px||-10px||true|false\u00a0\u00bb global_colors_info=\u00a0\u00bb{}\u00a0\u00bb][et_pb_column type=\u00a0\u00bb4_4&Prime; _builder_version=\u00a0\u00bb4.27.3&Prime; _module_preset=\u00a0\u00bbdefault\u00a0\u00bb global_colors_info=\u00a0\u00bb{}\u00a0\u00bb][et_pb_text _builder_version=\u00a0\u00bb4.27.7&Prime; _module_preset=\u00a0\u00bbdefault\u00a0\u00bb custom_margin=\u00a0\u00bb35px||||false|false\u00a0\u00bb hover_enabled=\u00a0\u00bb0&Prime; global_colors_info=\u00a0\u00bb{}\u00a0\u00bb sticky_enabled=\u00a0\u00bb0&Prime;]<\/p>\n<h5 style=\"text-align: center;\"><span style=\"color: #ffffff;\"><strong>Parlons lupus : Conversations avec Macenzie<\/strong><\/span><\/h5>\n<p>[\/et_pb_text][\/et_pb_column][\/et_pb_row][et_pb_row column_structure=\u00a0\u00bb3_5,2_5&Prime; _builder_version=\u00a0\u00bb4.27.5&Prime; _module_preset=\u00a0\u00bbdefault\u00a0\u00bb background_image=\u00a0\u00bbhttps:\/\/www.lupuscanada.org\/wp-content\/uploads\/2024\/08\/Custom-Gradient-1080&#215;1080@2x.png\u00a0\u00bb custom_padding=\u00a0\u00bb12px|32px|12px|32px|true|true\u00a0\u00bb global_colors_info=\u00a0\u00bb{}\u00a0\u00bb][et_pb_column type=\u00a0\u00bb3_5&Prime; _builder_version=\u00a0\u00bb4.27.4&Prime; _module_preset=\u00a0\u00bbdefault\u00a0\u00bb global_colors_info=\u00a0\u00bb{}\u00a0\u00bb][et_pb_text _builder_version=\u00a0\u00bb4.27.7&Prime; _module_preset=\u00a0\u00bbdefault\u00a0\u00bb custom_margin=\u00a0\u00bb|0px|19px|0px|false|true\u00a0\u00bb hover_enabled=\u00a0\u00bb0&Prime; global_colors_info=\u00a0\u00bb{}\u00a0\u00bb sticky_enabled=\u00a0\u00bb0&Prime;]<\/p>\n<p><span style=\"color: #ffffff;\">Chaque mois, <em>Parlons lupus : Conversations avec Macenzie<\/em> vous pr\u00e9sente des histoires inspirantes de Canadiens atteints de lupus. \u00c0 travers ces entrevues, Macenzie, un journaliste et \u00e9crivain bas\u00e9 \u00e0 Toronto qui a re\u00e7u un diagnostic de lupus \u00e9ryth\u00e9mateux diss\u00e9min\u00e9 (LED) en 2017, met en lumi\u00e8re les exp\u00e9riences, les d\u00e9fis et les triomphes de ceux qui naviguent dans la vie avec le lupus. <\/span><\/p>\n<p><span style=\"color: #ffffff;\">Si vous souhaitez partager votre histoire, veuillez ariana.ranjbar@lupuscanada.org envoyer un courriel <strong><a rel=\"noopener\" style=\"color: #ffffff;\">.<\/a><\/strong><\/span><\/p>\n<p class=\"p1\">[\/et_pb_text][\/et_pb_column][et_pb_column type=\u00a0\u00bb2_5&Prime; _builder_version=\u00a0\u00bb4.27.4&Prime; _module_preset=\u00a0\u00bbdefault\u00a0\u00bb global_colors_info=\u00a0\u00bb{}\u00a0\u00bb][et_pb_image src=\u00a0\u00bbhttps:\/\/www.lupuscanada.org\/wp-content\/uploads\/2025\/08\/IG-1080-x-1350-px-2-copy-1.png\u00a0\u00bb alt=\u00a0\u00bbPersonne aux cheveux noirs assise \u00e0 une table de pique-dans un parc verdoyant, reposant son menton sur une main et souriant \u00e0 la cam\u00e9ra.\u00a0\u00bb title_text=\u00a0\u00bbParlons lupus \u2014 Portrait ext\u00e9rieur\u00a0\u00bb align=\u00a0\u00bbcenter\u00a0\u00bb _builder_version=\u00a0\u00bb4.27.4&Prime; _module_preset=\u00a0\u00bbdefault\u00a0\u00bb max_height=\u00a0\u00bb414px\u00a0\u00bb custom_margin=\u00a0\u00bb-19px||||false|false\u00a0\u00bb global_colors_info=\u00a0\u00bb{}\u00a0\u00bb][\/et_pb_image][\/et_pb_column][\/et_pb_row][\/et_pb_section]<\/p>\n","protected":false},"excerpt":{"rendered":"<p>Vivre avec le lupus : L\u2019histoire de Filomena partage le parcours de Filomena Eremita \u00e0 travers des ann\u00e9es de sympt\u00f4mes inexpliqu\u00e9s, de perte de grossesse, d\u2019un diagnostic de lupus, et du pouvoir de la pers\u00e9v\u00e9rance, de la famille et de l\u2019auto-d\u00e9fense.<\/p>\n","protected":false},"author":4,"featured_media":13301,"comment_status":"closed","ping_status":"closed","sticky":false,"template":"","format":"standard","meta":{"_acf_changed":false,"_et_pb_use_builder":"on","_et_pb_old_content":"","_et_gb_content_width":"","footnotes":""},"categories":[92],"tags":[343,179,143,264,205,206,417],"topic":[118],"audience":[123,122,124],"class_list":["post-13302","post","type-post","status-publish","format-standard","has-post-thumbnail","hentry","category-article-fr","tag-histoires-de-lupus","tag-maladie-auto-immune","tag-maladie-chronique","tag-plaidoyer","tag-sensibilisation-au-lupus","tag-vivre-avec-le-lupus","tag-voix-du-patient","topic-recits-personnels","audience-j-ai-le-lupus","audience-j-ai-recemment-recu-un-diagnostic","audience-une-personne-a-qui-je-tiens-a-le-lupus"],"acf":[],"_links":{"self":[{"href":"https:\/\/www.lupuscanada.org\/fr\/wp-json\/wp\/v2\/posts\/13302","targetHints":{"allow":["GET"]}}],"collection":[{"href":"https:\/\/www.lupuscanada.org\/fr\/wp-json\/wp\/v2\/posts"}],"about":[{"href":"https:\/\/www.lupuscanada.org\/fr\/wp-json\/wp\/v2\/types\/post"}],"author":[{"embeddable":true,"href":"https:\/\/www.lupuscanada.org\/fr\/wp-json\/wp\/v2\/users\/4"}],"replies":[{"embeddable":true,"href":"https:\/\/www.lupuscanada.org\/fr\/wp-json\/wp\/v2\/comments?post=13302"}],"version-history":[{"count":6,"href":"https:\/\/www.lupuscanada.org\/fr\/wp-json\/wp\/v2\/posts\/13302\/revisions"}],"predecessor-version":[{"id":13445,"href":"https:\/\/www.lupuscanada.org\/fr\/wp-json\/wp\/v2\/posts\/13302\/revisions\/13445"}],"wp:featuredmedia":[{"embeddable":true,"href":"https:\/\/www.lupuscanada.org\/fr\/wp-json\/wp\/v2\/media\/13301"}],"wp:attachment":[{"href":"https:\/\/www.lupuscanada.org\/fr\/wp-json\/wp\/v2\/media?parent=13302"}],"wp:term":[{"taxonomy":"category","embeddable":true,"href":"https:\/\/www.lupuscanada.org\/fr\/wp-json\/wp\/v2\/categories?post=13302"},{"taxonomy":"post_tag","embeddable":true,"href":"https:\/\/www.lupuscanada.org\/fr\/wp-json\/wp\/v2\/tags?post=13302"},{"taxonomy":"topic","embeddable":true,"href":"https:\/\/www.lupuscanada.org\/fr\/wp-json\/wp\/v2\/topic?post=13302"},{"taxonomy":"audience","embeddable":true,"href":"https:\/\/www.lupuscanada.org\/fr\/wp-json\/wp\/v2\/audience?post=13302"}],"curies":[{"name":"wp","href":"https:\/\/api.w.org\/{rel}","templated":true}]}},{"id":13132,"date":"2026-07-20T20:33:36","date_gmt":"2026-07-20T20:33:36","guid":{"rendered":"https:\/\/www.lupuscanada.org\/recette-de-sauce-aux-herbes-vertes-sauce-aux-herbes-anti-inflammatoire\/"},"modified":"2026-07-31T13:37:23","modified_gmt":"2026-07-31T13:37:23","slug":"recette-de-sauce-aux-herbes-vertes-sauce-aux-herbes-anti-inflammatoire","status":"publish","type":"post","link":"https:\/\/www.lupuscanada.org\/fr\/recette-de-sauce-aux-herbes-vertes-sauce-aux-herbes-anti-inflammatoire\/","title":{"rendered":"Recette de sauce aux herbes vertes | Sauce aux herbes anti-inflammatoire"},"content":{"rendered":"<p>[et_pb_section fb_built=\u00a0\u00bb1&Prime; _builder_version=\u00a0\u00bb4.27.5&Prime; _module_preset=\u00a0\u00bbdefault\u00a0\u00bb custom_margin=\u00a0\u00bb-15px||||false|false\u00a0\u00bb da_disable_devices=\u00a0\u00bboff|off|off\u00a0\u00bb global_colors_info=\u00a0\u00bb{}\u00a0\u00bb da_is_popup=\u00a0\u00bboff\u00a0\u00bb da_exit_intent=\u00a0\u00bboff\u00a0\u00bb da_has_close=\u00a0\u00bbon\u00a0\u00bb da_alt_close=\u00a0\u00bboff\u00a0\u00bb da_dark_close=\u00a0\u00bboff\u00a0\u00bb da_not_modal=\u00a0\u00bbon\u00a0\u00bb da_is_singular=\u00a0\u00bboff\u00a0\u00bb da_with_loader=\u00a0\u00bboff\u00a0\u00bb da_has_shadow=\u00a0\u00bbon\u00a0\u00bb][et_pb_row _builder_version=\u00a0\u00bb4.27.4&Prime; _module_preset=\u00a0\u00bbdefault\u00a0\u00bb custom_margin=\u00a0\u00bb0px||||false|false\u00a0\u00bb global_colors_info=\u00a0\u00bb{}\u00a0\u00bb][et_pb_column type=\u00a0\u00bb4_4&Prime; _builder_version=\u00a0\u00bb4.27.0&Prime; _module_preset=\u00a0\u00bbdefault\u00a0\u00bb global_colors_info=\u00a0\u00bb{}\u00a0\u00bb][et_pb_heading title=\u00a0\u00bbBienvenue au coin des recettes de Lupus Canada&amp;nbsp;!\u00a0\u00bb _builder_version=\u00a0\u00bb4.27.5&Prime; _module_preset=\u00a0\u00bbdefault\u00a0\u00bb title_level=\u00a0\u00bbh2&Prime; title_text_align=\u00a0\u00bbcenter\u00a0\u00bb title_font_size=\u00a0\u00bb32px\u00a0\u00bb width=\u00a0\u00bb98.8%\u00a0\u00bb custom_margin=\u00a0\u00bb0px|0px||0px|false|false\u00a0\u00bb custom_padding=\u00a0\u00bb0px|0px|||false|false\u00a0\u00bb title_font_size_tablet=\u00a0\u00bb32px\u00a0\u00bb title_font_size_phone=\u00a0\u00bb29px\u00a0\u00bb title_font_size_last_edited=\u00a0\u00bbon|phone\u00a0\u00bb global_colors_info=\u00a0\u00bb{}\u00a0\u00bb][\/et_pb_heading][\/et_pb_column][\/et_pb_row][et_pb_row column_structure=\u00a0\u00bb1_2,1_2&Prime; _builder_version=\u00a0\u00bb4.27.6&Prime; _module_preset=\u00a0\u00bbdefault\u00a0\u00bb custom_margin=\u00a0\u00bb15px||0px||false|false\u00a0\u00bb custom_padding=\u00a0\u00bb2px||2px||true|false\u00a0\u00bb global_colors_info=\u00a0\u00bb{}\u00a0\u00bb][et_pb_column type=\u00a0\u00bb1_2&Prime; _builder_version=\u00a0\u00bb4.27.0&Prime; _module_preset=\u00a0\u00bbdefault\u00a0\u00bb global_colors_info=\u00a0\u00bb{}\u00a0\u00bb][et_pb_text _builder_version=\u00a0\u00bb4.27.7&Prime; _module_preset=\u00a0\u00bbdefault\u00a0\u00bb custom_margin=\u00a0\u00bb12px||||false|false\u00a0\u00bb global_colors_info=\u00a0\u00bb{}\u00a0\u00bb]<\/p>\n<p data-start=\"292\" data-end=\"588\" class=\"PDq2pG_selectionAnchorContainer\">Cette sauce aux herbes vertes vibrante est une recette simple et riche en saveurs qui r\u00e9unit en seulement quelques minutes des herbes fra\u00eeches, des graisses saines et des agrumes vifs. Pr\u00e9par\u00e9 avec du persil, de la coriandre, de l\u2019huile d\u2019olive, du citron et de la moutarde de Dijon, c\u2019est un moyen simple d\u2019ajouter couleur, saveur et nutrition aux repas quotidiens. <span aria-hidden=\"true\" class=\"PDq2pG_selectionAnchor\"><\/span><\/p>\n<p data-start=\"590\" data-end=\"831\">Que vous en arrosiez sur des l\u00e9gumes r\u00f4tis, que vous en d\u00e9posiez sur du poisson ou du poulet grill\u00e9, que vous le serviez avec du tofu ou que vous l\u2019utilisiez comme sauce finale fra\u00eeche, cette recette polyvalente s\u2019int\u00e8gre parfaitement \u00e0 un mode de vie \u00e9quilibr\u00e9 et anti-inflammatoire.<\/p>\n<p data-start=\"833\" data-end=\"936\">Des recettes simples \u00e0 base d\u2019ingr\u00e9dients sains peuvent rendre une alimentation saine \u00e0 la fois d\u00e9licieuse et abordable.<\/p>\n<p>[\/et_pb_text][\/et_pb_column][et_pb_column type=\u00a0\u00bb1_2&Prime; _builder_version=\u00a0\u00bb4.27.0&Prime; _module_preset=\u00a0\u00bbdefault\u00a0\u00bb global_colors_info=\u00a0\u00bb{}\u00a0\u00bb][et_pb_video src=\u00a0\u00bbhttps:\/\/youtube.com\/shorts\/EkMLtlzfZ0o\u00a0\u00bb _builder_version=\u00a0\u00bb4.27.7&Prime; _module_preset=\u00a0\u00bbdefault\u00a0\u00bb width=\u00a0\u00bb91%\u00a0\u00bb module_alignment=\u00a0\u00bbcenter\u00a0\u00bb hover_enabled=\u00a0\u00bb0&Prime; sticky_enabled=\u00a0\u00bb0&Prime;][\/et_pb_video][\/et_pb_column][\/et_pb_row][et_pb_row _builder_version=\u00a0\u00bb4.27.5&Prime; _module_preset=\u00a0\u00bbdefault\u00a0\u00bb custom_margin=\u00a0\u00bb22px||22px||true|false\u00a0\u00bb custom_padding=\u00a0\u00bb||0px|||\u00a0\u00bb global_colors_info=\u00a0\u00bb{}\u00a0\u00bb][et_pb_column type=\u00a0\u00bb4_4&Prime; _builder_version=\u00a0\u00bb4.27.5&Prime; _module_preset=\u00a0\u00bbdefault\u00a0\u00bb global_colors_info=\u00a0\u00bb{}\u00a0\u00bb][et_pb_text _builder_version=\u00a0\u00bb4.27.7&Prime; _module_preset=\u00a0\u00bbdefault\u00a0\u00bb header_2_font_size=\u00a0\u00bb25px\u00a0\u00bb custom_margin=\u00a0\u00bb0px||0px||true|false\u00a0\u00bb custom_padding=\u00a0\u00bb||0px|||\u00a0\u00bb global_colors_info=\u00a0\u00bb{}\u00a0\u00bb]<\/p>\n<h2><span>Ingr\u00e9dients pour la sauce aux herbes vertes<\/span><\/h2>\n<p class=\"isSelectedEnd\"><em><span>Cette sauce aux herbes fra\u00eeches se fait en quelques minutes \u00e0 l\u2019aide de simples aliments de base du garde-manger et d\u2019herbes fra\u00eeches.<\/span><\/em><\/p>\n<p>[\/et_pb_text][\/et_pb_column][\/et_pb_row][et_pb_row column_structure=\u00a0\u00bb1_2,1_2&Prime; _builder_version=\u00a0\u00bb4.27.6&Prime; _module_preset=\u00a0\u00bbdefault\u00a0\u00bb custom_margin=\u00a0\u00bb15px||0px||false|false\u00a0\u00bb custom_padding=\u00a0\u00bb0px||0px||true|false\u00a0\u00bb global_colors_info=\u00a0\u00bb{}\u00a0\u00bb][et_pb_column type=\u00a0\u00bb1_2&Prime; _builder_version=\u00a0\u00bb4.27.0&Prime; _module_preset=\u00a0\u00bbdefault\u00a0\u00bb global_colors_info=\u00a0\u00bb{}\u00a0\u00bb][et_pb_text _builder_version=\u00a0\u00bb4.27.7&Prime; _module_preset=\u00a0\u00bbdefault\u00a0\u00bb header_2_font_size=\u00a0\u00bb25px\u00a0\u00bb header_3_font_size=\u00a0\u00bb25px\u00a0\u00bb header_4_font_size=\u00a0\u00bb20px\u00a0\u00bb custom_margin=\u00a0\u00bb5px||5px||true|false\u00a0\u00bb global_colors_info=\u00a0\u00bb{}\u00a0\u00bb]<\/p>\n<h2><span>Ingr\u00e9dients:<\/span><\/h2>\n<ul data-start=\"1387\" data-end=\"1534\">\n<li data-section-id=\"12mjen5\" data-start=\"1187\" data-end=\"1216\">1 tasse de persil frais, emball\u00e9<span aria-hidden=\"true\" class=\"PDq2pG_selectionAnchor\"><\/span><\/li>\n<li data-section-id=\"qwmmxt\" data-start=\"1217\" data-end=\"1247\">1 tasse de coriandre fra\u00eeche, emball\u00e9e<\/li>\n<li data-section-id=\"1bak69j\" data-start=\"1248\" data-end=\"1278\">1\/2 tasse d\u2019huile d\u2019olive extra vierge<\/li>\n<li data-section-id=\"1emiwx1\" data-start=\"1279\" data-end=\"1297\">Jus d&rsquo;1 citron<\/li>\n<li data-section-id=\"1r9esj1\" data-start=\"1298\" data-end=\"1315\">Le zeste d&rsquo;1 citron<\/li>\n<li data-section-id=\"1e35u8v\" data-start=\"1316\" data-end=\"1339\">11\/2 cuill\u00e8re \u00e0 soupe de moutarde de Dijon<\/li>\n<li data-section-id=\"1t3fbm3\" data-start=\"1340\" data-end=\"1352\">3\/4 de cuill\u00e8re \u00e0 caf\u00e9 de sel<\/li>\n<li data-section-id=\"gfvale\" data-start=\"1353\" data-end=\"1380\">1\/2 c. \u00e0 caf\u00e9 de poivre noir moulu<\/li>\n<\/ul>\n<p>[\/et_pb_text][\/et_pb_column][et_pb_column type=\u00a0\u00bb1_2&Prime; _builder_version=\u00a0\u00bb4.27.0&Prime; _module_preset=\u00a0\u00bbdefault\u00a0\u00bb global_colors_info=\u00a0\u00bb{}\u00a0\u00bb][\/et_pb_column][\/et_pb_row][et_pb_row _builder_version=\u00a0\u00bb4.27.6&Prime; _module_preset=\u00a0\u00bbdefault\u00a0\u00bb custom_margin=\u00a0\u00bb15px||0px||false|false\u00a0\u00bb custom_padding=\u00a0\u00bb0px||0px||true|false\u00a0\u00bb global_colors_info=\u00a0\u00bb{}\u00a0\u00bb][et_pb_column type=\u00a0\u00bb4_4&Prime; _builder_version=\u00a0\u00bb4.27.0&Prime; _module_preset=\u00a0\u00bbdefault\u00a0\u00bb global_colors_info=\u00a0\u00bb{}\u00a0\u00bb][et_pb_text _builder_version=\u00a0\u00bb4.27.7&Prime; _module_preset=\u00a0\u00bbdefault\u00a0\u00bb header_2_font_size=\u00a0\u00bb22px\u00a0\u00bb header_3_font_size=\u00a0\u00bb25px\u00a0\u00bb custom_margin=\u00a0\u00bb0px||30px||false|false\u00a0\u00bb global_colors_info=\u00a0\u00bb{}\u00a0\u00bb]<\/p>\n<p><span>Cette sauce aux herbes vertes maison est naturellement sans produits laitiers, riche en herbes fra\u00eeches, et constitue un excellent garnisseur pour les l\u00e9gumes, prot\u00e9ines, bols de c\u00e9r\u00e9ales et salades.<\/span><\/p>\n<p>[\/et_pb_text][\/et_pb_column][\/et_pb_row][et_pb_row _builder_version=\u00a0\u00bb4.27.7&Prime; _module_preset=\u00a0\u00bbdefault\u00a0\u00bb background_color=\u00a0\u00bb#efecf4&Prime; background_enable_image=\u00a0\u00bboff\u00a0\u00bb custom_margin=\u00a0\u00bb16px||||false|false\u00a0\u00bb custom_padding=\u00a0\u00bb20px||20px||true|false\u00a0\u00bb border_radii=\u00a0\u00bbon|22px|22px|22px|22px\u00a0\u00bb box_shadow_style=\u00a0\u00bbpreset2&Prime; global_colors_info=\u00a0\u00bb{}\u00a0\u00bb][et_pb_column type=\u00a0\u00bb4_4&Prime; _builder_version=\u00a0\u00bb4.25.0&Prime; _module_preset=\u00a0\u00bbdefault\u00a0\u00bb global_colors_info=\u00a0\u00bb{}\u00a0\u00bb][et_pb_heading title=\u00a0\u00bbComment pr\u00e9parer une sauce aux herbes vertes\u00a0\u00bb _builder_version=\u00a0\u00bb4.27.7&Prime; _module_preset=\u00a0\u00bbdefault\u00a0\u00bb title_level=\u00a0\u00bbh2&Prime; title_font=\u00a0\u00bb|600|||||||\u00a0\u00bb title_text_color=\u00a0\u00bb#6B198A\u00a0\u00bb title_font_size=\u00a0\u00bb22px\u00a0\u00bb min_height=\u00a0\u00bb45.2px\u00a0\u00bb custom_margin=\u00a0\u00bb0px||0px||true|false\u00a0\u00bb custom_padding=\u00a0\u00bb0px||0px||false|false\u00a0\u00bb title_font_size_tablet=\u00a0\u00bb29px\u00a0\u00bb title_font_size_phone=\u00a0\u00bb19px\u00a0\u00bb title_font_size_last_edited=\u00a0\u00bboff|desktop\u00a0\u00bb global_colors_info=\u00a0\u00bb{}\u00a0\u00bb][\/et_pb_heading][et_pb_text _builder_version=\u00a0\u00bb4.27.7&Prime; _module_preset=\u00a0\u00bbdefault\u00a0\u00bb header_6_font=\u00a0\u00bbNoto Sans||on||||||\u00a0\u00bb header_6_font_size=\u00a0\u00bb20px\u00a0\u00bb custom_margin=\u00a0\u00bb0px||25px||false|false\u00a0\u00bb global_colors_info=\u00a0\u00bb{}\u00a0\u00bb]<\/p>\n<p data-start=\"1579\" data-end=\"1716\" class=\"PDq2pG_selectionAnchorContainer\">Ajoutez le persil, la coriandre, l\u2019huile d\u2019olive, le jus de citron, le zeste de citron, la moutarde de Dijon, le sel et le poivre dans un blender ou un robot culinaire \u00e0 haute vitesse.<span aria-hidden=\"true\" class=\"PDq2pG_selectionAnchor\"><\/span><\/p>\n<p data-start=\"1718\" data-end=\"1766\">M\u00e9langez jusqu\u2019\u00e0 obtenir un vert parfaitement lisse et \u00e9clatant.<\/p>\n<p data-start=\"1768\" data-end=\"1806\">Go\u00fbtez et ajustez l\u2019assaisonnement si vous le souhaitez.<\/p>\n<p data-start=\"1808\" data-end=\"1915\">Servez imm\u00e9diatement sur des l\u00e9gumes r\u00f4tis, du poisson grill\u00e9, du poulet, de la viande, du tofu, des bols de c\u00e9r\u00e9ales ou des salades fra\u00eeches.<\/p>\n<p data-start=\"1917\" data-end=\"1923\">Bonne lecture !<\/p>\n<p>[\/et_pb_text][et_pb_video _builder_version=\u00a0\u00bb4.27.4&Prime; _module_preset=\u00a0\u00bbdefault\u00a0\u00bb global_colors_info=\u00a0\u00bb{}\u00a0\u00bb][\/et_pb_video][\/et_pb_column][\/et_pb_row][et_pb_row _builder_version=\u00a0\u00bb4.27.6&Prime; _module_preset=\u00a0\u00bbdefault\u00a0\u00bb custom_margin=\u00a0\u00bb0px||0px||true|false\u00a0\u00bb custom_padding=\u00a0\u00bb26px||||false|false\u00a0\u00bb global_colors_info=\u00a0\u00bb{}\u00a0\u00bb][et_pb_column type=\u00a0\u00bb4_4&Prime; _builder_version=\u00a0\u00bb4.27.4&Prime; _module_preset=\u00a0\u00bbdefault\u00a0\u00bb global_colors_info=\u00a0\u00bb{}\u00a0\u00bb][et_pb_heading title=\u00a0\u00bbConseils de stockage\u00a0\u00bb _builder_version=\u00a0\u00bb4.27.7&Prime; _module_preset=\u00a0\u00bbdefault\u00a0\u00bb title_level=\u00a0\u00bbh2&Prime; title_font=\u00a0\u00bb|600|||||||\u00a0\u00bb title_text_color=\u00a0\u00bb#6B198A\u00a0\u00bb title_font_size=\u00a0\u00bb22px\u00a0\u00bb min_height=\u00a0\u00bb45.2px\u00a0\u00bb custom_margin=\u00a0\u00bb0px||0px||true|false\u00a0\u00bb custom_padding=\u00a0\u00bb0px||0px||false|false\u00a0\u00bb title_font_size_tablet=\u00a0\u00bb29px\u00a0\u00bb title_font_size_phone=\u00a0\u00bb19px\u00a0\u00bb title_font_size_last_edited=\u00a0\u00bboff|desktop\u00a0\u00bb global_colors_info=\u00a0\u00bb{}\u00a0\u00bb][\/et_pb_heading][et_pb_text _builder_version=\u00a0\u00bb4.27.7&Prime; _module_preset=\u00a0\u00bbdefault\u00a0\u00bb header_2_text_color=\u00a0\u00bb#6B198A\u00a0\u00bb header_2_font_size=\u00a0\u00bb29px\u00a0\u00bb header_6_font=\u00a0\u00bbNoto Sans||on||||||\u00a0\u00bb header_6_font_size=\u00a0\u00bb20px\u00a0\u00bb custom_margin=\u00a0\u00bb||25px||false|false\u00a0\u00bb custom_padding=\u00a0\u00bb||3px|||\u00a0\u00bb header_2_font_size_tablet=\u00a0\u00bb29px\u00a0\u00bb header_2_font_size_phone=\u00a0\u00bb23px\u00a0\u00bb header_2_font_size_last_edited=\u00a0\u00bbon|phone\u00a0\u00bb global_colors_info=\u00a0\u00bb{}\u00a0\u00bb]<\/p>\n<p data-start=\"1946\" data-end=\"2039\" class=\"PDq2pG_selectionAnchorContainer\">Conservez la sauce aux herbes vertes dans un r\u00e9cipient herm\u00e9tique au r\u00e9frig\u00e9rateur pendant <strong data-start=\"2028\" data-end=\"2038\">jusqu\u2019\u00e0 5 jours<\/strong>.<span aria-hidden=\"true\" class=\"PDq2pG_selectionAnchor\"><\/span><\/p>\n<p data-start=\"2041\" data-end=\"2121\">Si la sauce se d\u00e9tache l\u00e9g\u00e8rement apr\u00e8s la r\u00e9frig\u00e9ration, il suffit de remuer avant de servir.<\/p>\n<p data-start=\"2123\" data-end=\"2197\">Pour une saveur la plus fra\u00eeche, d\u00e9gustez-le dans les premiers jours suivant la pr\u00e9paration.<\/p>\n<p>[\/et_pb_text][et_pb_heading title=\u00a0\u00bbPourquoi cette sauce aux herbes vertes soutient le bien-\u00eatre\u00a0\u00bb _builder_version=\u00a0\u00bb4.27.7&Prime; _module_preset=\u00a0\u00bbdefault\u00a0\u00bb title_level=\u00a0\u00bbh2&Prime; title_font=\u00a0\u00bb|600|||||||\u00a0\u00bb title_text_align=\u00a0\u00bbleft\u00a0\u00bb title_text_color=\u00a0\u00bb#6B198A\u00a0\u00bb title_font_size=\u00a0\u00bb22px\u00a0\u00bb min_height=\u00a0\u00bb45.2px\u00a0\u00bb custom_margin=\u00a0\u00bb0px||0px||false|false\u00a0\u00bb custom_padding=\u00a0\u00bb0px||0px||false|false\u00a0\u00bb global_colors_info=\u00a0\u00bb{}\u00a0\u00bb][\/et_pb_heading][et_pb_text _builder_version=\u00a0\u00bb4.27.7&Prime; _module_preset=\u00a0\u00bbdefault\u00a0\u00bb link_font=\u00a0\u00bb||||on||||\u00a0\u00bb global_colors_info=\u00a0\u00bb{}\u00a0\u00bb]<\/p>\n<p data-start=\"2251\" data-end=\"2383\" class=\"PDq2pG_selectionAnchorContainer\">Le persil frais et la coriandre apportent des antioxydants naturels ainsi que des vitamines importantes qui contribuent \u00e0 la sant\u00e9 globale.<span aria-hidden=\"true\" class=\"PDq2pG_selectionAnchor\"><\/span><\/p>\n<p data-start=\"2385\" data-end=\"2541\">L\u2019huile d\u2019olive extra vierge est riche en graisses monoinsatur\u00e9es et en polyph\u00e9nols pour le c\u0153ur, ce qui en fait un \u00e9l\u00e9ment important de nombreux r\u00e9gimes anti-inflammatoires.<\/p>\n<p data-start=\"2543\" data-end=\"2679\">Le citron apporte une saveur fra\u00eeche tout en apportant de la vitamine C, permettant aux herbes de briller sans d\u00e9pendre d\u2019un exc\u00e8s de sel ou d\u2019ingr\u00e9dients transform\u00e9s.<\/p>\n<p data-start=\"2681\" data-end=\"2852\">Des sauces maison simples comme celle-ci sont un moyen simple d\u2019ajouter plus de l\u00e9gumes, d\u2019herbes et de bonnes graisses aux repas quotidiens tout en r\u00e9duisant le besoin de condiments tr\u00e8s transform\u00e9s.<\/p>\n<p data-start=\"3129\" data-end=\"3267\">Pour plus d\u2019informations sur la fa\u00e7on de bien manger et de faire des choix de vie durables, d\u00e9couvrez nos ressources <a href=\"https:\/\/www.lupuscanada.org\/fr\/mode-de-vie-et-bien-etre\/\"><strong data-start=\"2141\" data-end=\"2165\">Lifestyle &#038; Wellness<\/strong><\/a> con\u00e7ues pour aider les personnes \u00e0 apprendre \u00e0 bien vivre avec le lupus.<\/p>\n<p>[\/et_pb_text][et_pb_heading title=\u00a0\u00bbComment utiliser cette sauce aux herbes vertes\u00a0\u00bb _builder_version=\u00a0\u00bb4.27.7&Prime; _module_preset=\u00a0\u00bbdefault\u00a0\u00bb title_level=\u00a0\u00bbh2&Prime; title_font=\u00a0\u00bb|600|||||||\u00a0\u00bb title_text_color=\u00a0\u00bb#6B198A\u00a0\u00bb title_font_size=\u00a0\u00bb22px\u00a0\u00bb min_height=\u00a0\u00bb45.2px\u00a0\u00bb custom_margin=\u00a0\u00bb16px||2px||false|false\u00a0\u00bb custom_padding=\u00a0\u00bb0px||0px||false|false\u00a0\u00bb title_font_size_tablet=\u00a0\u00bb\u00a0\u00bb title_font_size_phone=\u00a0\u00bb22px\u00a0\u00bb title_font_size_last_edited=\u00a0\u00bbon|phone\u00a0\u00bb global_colors_info=\u00a0\u00bb{}\u00a0\u00bb][\/et_pb_heading][et_pb_text _builder_version=\u00a0\u00bb4.27.7&Prime; _module_preset=\u00a0\u00bbdefault\u00a0\u00bb global_colors_info=\u00a0\u00bb{}\u00a0\u00bb]<\/p>\n<p data-start=\"3079\" data-end=\"3135\" class=\"PDq2pG_selectionAnchorContainer\">Cette sauce polyvalente s\u2019accorde bien avec de nombreux plats.<\/p>\n<p data-start=\"3079\" data-end=\"3135\" class=\"PDq2pG_selectionAnchorContainer\">Essayez-le :<span aria-hidden=\"true\" class=\"PDq2pG_selectionAnchor\"><\/span><\/p>\n<ul data-start=\"3137\" data-end=\"3468\">\n<li data-section-id=\"lkjjci\" data-start=\"3137\" data-end=\"3171\">Vers\u00e9 sur des l\u00e9gumes r\u00f4tis<\/li>\n<li data-section-id=\"1b5yerc\" data-start=\"3172\" data-end=\"3214\">Servi avec du saumon grill\u00e9 ou du poisson blanc<\/li>\n<li data-section-id=\"1tsk137\" data-start=\"3215\" data-end=\"3254\">Pos\u00e9 sur du poulet ou steak grill\u00e9<\/li>\n<li data-section-id=\"qqemp9\" data-start=\"3255\" data-end=\"3285\">M\u00e9lang\u00e9 avec des pommes de terre r\u00f4ties<\/li>\n<li data-section-id=\"186tbev\" data-start=\"3286\" data-end=\"3327\">M\u00e9lang\u00e9 dans des bols de c\u00e9r\u00e9ales ou des salades de quinoa<\/li>\n<li data-section-id=\"114eele\" data-start=\"3328\" data-end=\"3369\">Servi avec du tofu ou du tempeh grill\u00e9<\/li>\n<li data-section-id=\"ouftgy\" data-start=\"3370\" data-end=\"3412\">Utilis\u00e9 comme vinaigrette fra\u00eeche pour une salade de p\u00e2tes<\/li>\n<li data-section-id=\"1rvgzz\" data-start=\"3413\" data-end=\"3468\">\u00c9talez sur des sandwiches ou des wraps au lieu de la mayonnaise<\/li>\n<\/ul>\n<p>[\/et_pb_text][et_pb_text _builder_version=\u00a0\u00bb4.27.5&Prime; _module_preset=\u00a0\u00bbdefault\u00a0\u00bb custom_margin=\u00a0\u00bb32px||32px||true|false\u00a0\u00bb custom_padding=\u00a0\u00bb||1px|||\u00a0\u00bb global_colors_info=\u00a0\u00bb{}\u00a0\u00bb]<\/p>\n<p class=\"p1\" style=\"text-align: center;\"><em><strong>Les recettes utilis\u00e9es par Lupus Canada ont \u00e9t\u00e9 examin\u00e9es et approuv\u00e9es par un nutritionniste holistique agr\u00e9\u00e9.<\/strong><\/em><\/p>\n<p>[\/et_pb_text][\/et_pb_column][\/et_pb_row][et_pb_row column_structure=\u00a0\u00bb1_2,1_2&Prime; _builder_version=\u00a0\u00bb4.27.5&Prime; _module_preset=\u00a0\u00bbdefault\u00a0\u00bb background_image=\u00a0\u00bbhttps:\/\/www.lupuscanada.org\/wp-content\/uploads\/2024\/05\/Rectangle-1674.png\u00a0\u00bb custom_margin=\u00a0\u00bb14px||14px||true|false\u00a0\u00bb custom_padding=\u00a0\u00bb16px||16px||true|false\u00a0\u00bb global_colors_info=\u00a0\u00bb{}\u00a0\u00bb][et_pb_column type=\u00a0\u00bb1_2&Prime; _builder_version=\u00a0\u00bb4.27.5&Prime; _module_preset=\u00a0\u00bbdefault\u00a0\u00bb global_colors_info=\u00a0\u00bb{}\u00a0\u00bb][et_pb_text _builder_version=\u00a0\u00bb4.27.6&Prime; _module_preset=\u00a0\u00bbdefault\u00a0\u00bb link_text_color=\u00a0\u00bb#FFFFFF\u00a0\u00bb header_2_font=\u00a0\u00bbNoto Sans|&#8211;et_global_body_font_weight|||||||\u00a0\u00bb header_2_text_color=\u00a0\u00bb#FFFFFF\u00a0\u00bb header_2_font_size=\u00a0\u00bb24px\u00a0\u00bb custom_margin=\u00a0\u00bb46px||46px||true|false\u00a0\u00bb global_colors_info=\u00a0\u00bb{}\u00a0\u00bb]<\/p>\n<h2 data-start=\"1828\" data-end=\"1858\"><em>\u00c0 propos de Avec Amour de Jamey<\/em><\/h2>\n<p data-start=\"1860\" data-end=\"2135\"><span style=\"color: #ffffff;\"><a href=\"https:\/\/www.withlovefromjamey.com\/blog\" target=\"_blank\" rel=\"noopener\"><em data-start=\"1860\" data-end=\"1882\">With Love From Jamey<\/em> <\/a>est une plateforme alimentaire et bien-\u00eatre cr\u00e9\u00e9e par le cr\u00e9ateur num\u00e9rique et d\u00e9veloppeur de recettes Jamey Kay. Ses recettes nourrissantes et compl\u00e8tes reposent sur la simplicit\u00e9, la compassion et le bien-\u00eatre quotidien, et sont partag\u00e9es chaque mois dans le cadre du Coin des recettes Lupus Canada. <\/span><\/p>\n<p>[\/et_pb_text][\/et_pb_column][et_pb_column type=\u00a0\u00bb1_2&Prime; _builder_version=\u00a0\u00bb4.27.5&Prime; _module_preset=\u00a0\u00bbdefault\u00a0\u00bb global_colors_info=\u00a0\u00bb{}\u00a0\u00bb][et_pb_image src=\u00a0\u00bbhttps:\/\/www.lupuscanada.org\/wp-content\/uploads\/2024\/09\/September_16_IG.png\u00a0\u00bb alt=\u00a0\u00bbPortrait de Jamey Kay, d\u00e9veloppeur de recettes et contributeur au Coin des recettes Lupus Canada\u00a0\u00bb title_text=\u00a0\u00bbJamey Kay | Avec amour de la part de Jamey\u00a0\u00bb _builder_version=\u00a0\u00bb4.27.5&Prime; _module_preset=\u00a0\u00bbdefault\u00a0\u00bb width_tablet=\u00a0\u00bb57%\u00a0\u00bb width_phone=\u00a0\u00bb57%\u00a0\u00bb width_last_edited=\u00a0\u00bbon|tablet\u00a0\u00bb module_alignment=\u00a0\u00bbcenter\u00a0\u00bb custom_margin_tablet=\u00a0\u00bb-55px||||false|false\u00a0\u00bb custom_margin_phone=\u00a0\u00bb-55px||||false|false\u00a0\u00bb custom_margin_last_edited=\u00a0\u00bbon|tablet\u00a0\u00bb global_colors_info=\u00a0\u00bb{}\u00a0\u00bb][\/et_pb_image][\/et_pb_column][\/et_pb_row][\/et_pb_section]<\/p>\n","protected":false},"excerpt":{"rendered":"<p>Pr\u00e9parez cette recette de sauce aux herbes vertes fra\u00eeches avec du persil, de la coriandre, de l\u2019huile d\u2019olive et du citron. Une sauce anti-inflammatoire simple pour l\u00e9gumes, poisson, poulet et tofu. <\/p>\n","protected":false},"author":4,"featured_media":0,"comment_status":"closed","ping_status":"closed","sticky":false,"template":"","format":"standard","meta":{"_acf_changed":false,"_et_pb_use_builder":"on","_et_pb_old_content":"","_et_gb_content_width":"","footnotes":""},"categories":[92],"tags":[708,710,723,522,148,747,381,714],"topic":[135],"audience":[123,122,124],"class_list":["post-13132","post","type-post","status-publish","format-standard","hentry","category-article-fr","tag-anti-inflammatoire-2","tag-fibre","tag-haute-fibre","tag-preparation-des-repas","tag-recette","tag-recette-dete","tag-regime-lupus","tag-sans-gluten-2","topic-recette","audience-j-ai-le-lupus","audience-j-ai-recemment-recu-un-diagnostic","audience-une-personne-a-qui-je-tiens-a-le-lupus"],"acf":[],"_links":{"self":[{"href":"https:\/\/www.lupuscanada.org\/fr\/wp-json\/wp\/v2\/posts\/13132","targetHints":{"allow":["GET"]}}],"collection":[{"href":"https:\/\/www.lupuscanada.org\/fr\/wp-json\/wp\/v2\/posts"}],"about":[{"href":"https:\/\/www.lupuscanada.org\/fr\/wp-json\/wp\/v2\/types\/post"}],"author":[{"embeddable":true,"href":"https:\/\/www.lupuscanada.org\/fr\/wp-json\/wp\/v2\/users\/4"}],"replies":[{"embeddable":true,"href":"https:\/\/www.lupuscanada.org\/fr\/wp-json\/wp\/v2\/comments?post=13132"}],"version-history":[{"count":4,"href":"https:\/\/www.lupuscanada.org\/fr\/wp-json\/wp\/v2\/posts\/13132\/revisions"}],"predecessor-version":[{"id":13275,"href":"https:\/\/www.lupuscanada.org\/fr\/wp-json\/wp\/v2\/posts\/13132\/revisions\/13275"}],"wp:attachment":[{"href":"https:\/\/www.lupuscanada.org\/fr\/wp-json\/wp\/v2\/media?parent=13132"}],"wp:term":[{"taxonomy":"category","embeddable":true,"href":"https:\/\/www.lupuscanada.org\/fr\/wp-json\/wp\/v2\/categories?post=13132"},{"taxonomy":"post_tag","embeddable":true,"href":"https:\/\/www.lupuscanada.org\/fr\/wp-json\/wp\/v2\/tags?post=13132"},{"taxonomy":"topic","embeddable":true,"href":"https:\/\/www.lupuscanada.org\/fr\/wp-json\/wp\/v2\/topic?post=13132"},{"taxonomy":"audience","embeddable":true,"href":"https:\/\/www.lupuscanada.org\/fr\/wp-json\/wp\/v2\/audience?post=13132"}],"curies":[{"name":"wp","href":"https:\/\/api.w.org\/{rel}","templated":true}]}},{"id":13119,"date":"2026-07-16T18:52:21","date_gmt":"2026-07-16T18:52:21","guid":{"rendered":"https:\/\/www.lupuscanada.org\/etude-sur-la-grossesse-et-les-maladies-chroniques-opportunite-de-recherche\/"},"modified":"2026-07-16T18:54:12","modified_gmt":"2026-07-16T18:54:12","slug":"etude-sur-la-grossesse-et-les-maladies-chroniques-opportunite-de-recherche","status":"publish","type":"post","link":"https:\/\/www.lupuscanada.org\/fr\/etude-sur-la-grossesse-et-les-maladies-chroniques-opportunite-de-recherche\/","title":{"rendered":"\u00c9tude sur la grossesse et les maladies chroniques | Opportunit\u00e9 de recherche"},"content":{"rendered":"<p>[et_pb_section fb_built=\u00a0\u00bb1&Prime; admin_label=\u00a0\u00bbPerson\u00a0\u00bb _builder_version=\u00a0\u00bb4.27.4&Prime; _module_preset=\u00a0\u00bbdefault\u00a0\u00bb custom_margin=\u00a0\u00bb||||false\u00a0\u00bb custom_padding=\u00a0\u00bb40px||40px||true|false\u00a0\u00bb da_disable_devices=\u00a0\u00bboff|off|off\u00a0\u00bb collapsed=\u00a0\u00bbon\u00a0\u00bb global_colors_info=\u00a0\u00bb{}\u00a0\u00bb theme_builder_area=\u00a0\u00bbpost_content\u00a0\u00bb da_is_popup=\u00a0\u00bboff\u00a0\u00bb da_exit_intent=\u00a0\u00bboff\u00a0\u00bb da_has_close=\u00a0\u00bbon\u00a0\u00bb da_alt_close=\u00a0\u00bboff\u00a0\u00bb da_dark_close=\u00a0\u00bboff\u00a0\u00bb da_not_modal=\u00a0\u00bbon\u00a0\u00bb da_is_singular=\u00a0\u00bboff\u00a0\u00bb da_with_loader=\u00a0\u00bboff\u00a0\u00bb da_has_shadow=\u00a0\u00bbon\u00a0\u00bb][et_pb_row _builder_version=\u00a0\u00bb4.27.4&Prime; _module_preset=\u00a0\u00bbdefault\u00a0\u00bb global_colors_info=\u00a0\u00bb{}\u00a0\u00bb theme_builder_area=\u00a0\u00bbpost_content\u00a0\u00bb][et_pb_column type=\u00a0\u00bb4_4&Prime; _builder_version=\u00a0\u00bb4.27.4&Prime; _module_preset=\u00a0\u00bbdefault\u00a0\u00bb global_colors_info=\u00a0\u00bb{}\u00a0\u00bb theme_builder_area=\u00a0\u00bbpost_content\u00a0\u00bb][et_pb_heading title=\u00a0\u00bbAider \u00e0 faire progresser la recherche sur les soins de la grossesse\u00a0\u00bb _builder_version=\u00a0\u00bb4.27.7&Prime; _module_preset=\u00a0\u00bbdefault\u00a0\u00bb title_font_size=\u00a0\u00bb38px\u00a0\u00bb hover_enabled=\u00a0\u00bb0&Prime; title_font_size_tablet=\u00a0\u00bb40px\u00a0\u00bb title_font_size_phone=\u00a0\u00bb21px\u00a0\u00bb title_font_size_last_edited=\u00a0\u00bbon|phone\u00a0\u00bb global_colors_info=\u00a0\u00bb{}\u00a0\u00bb theme_builder_area=\u00a0\u00bbpost_content\u00a0\u00bb sticky_enabled=\u00a0\u00bb0&Prime;][\/et_pb_heading][et_pb_heading title=\u00a0\u00bbpour les personnes vivant avec des maladies chroniques\u00a0\u00bb _builder_version=\u00a0\u00bb4.27.7&Prime; _module_preset=\u00a0\u00bbdefault\u00a0\u00bb hover_enabled=\u00a0\u00bb0&Prime; title_font_size_tablet=\u00a0\u00bb40px\u00a0\u00bb title_font_size_phone=\u00a0\u00bb21px\u00a0\u00bb title_font_size_last_edited=\u00a0\u00bbon|phone\u00a0\u00bb global_colors_info=\u00a0\u00bb{}\u00a0\u00bb theme_builder_area=\u00a0\u00bbpost_content\u00a0\u00bb sticky_enabled=\u00a0\u00bb0&Prime; title_level=\u00a0\u00bbh2&Prime; custom_margin=\u00a0\u00bb-15px||||false|false\u00a0\u00bb][\/et_pb_heading][\/et_pb_column][\/et_pb_row][et_pb_row custom_padding_last_edited=\u00a0\u00bboff|desktop\u00a0\u00bb _builder_version=\u00a0\u00bb4.27.6&Prime; _module_preset=\u00a0\u00bb048d8e79-b07f-439b-bd57-f41c14f0a56b\u00a0\u00bb background_color=\u00a0\u00bb#FFFFFF\u00a0\u00bb custom_margin=\u00a0\u00bb22px||||false|false\u00a0\u00bb custom_padding=\u00a0\u00bb|30px||30px|false|true\u00a0\u00bb custom_padding_tablet=\u00a0\u00bb|30px||30px|false|true\u00a0\u00bb custom_padding_phone=\u00a0\u00bb|20px||20px|false|true\u00a0\u00bb border_radii=\u00a0\u00bbon|6px|6px|6px|6px\u00a0\u00bb box_shadow_style=\u00a0\u00bbpreset3&Prime; box_shadow_vertical=\u00a0\u00bb24px\u00a0\u00bb box_shadow_blur=\u00a0\u00bb72px\u00a0\u00bb box_shadow_spread=\u00a0\u00bb-12px\u00a0\u00bb box_shadow_color=\u00a0\u00bbrgba(0,0,0,0.12)\u00a0\u00bb global_colors_info=\u00a0\u00bb{}\u00a0\u00bb theme_builder_area=\u00a0\u00bbpost_content\u00a0\u00bb][et_pb_column type=\u00a0\u00bb4_4&Prime; _builder_version=\u00a0\u00bb4.25.1&Prime; _module_preset=\u00a0\u00bbdefault\u00a0\u00bb global_colors_info=\u00a0\u00bb{}\u00a0\u00bb theme_builder_area=\u00a0\u00bbpost_content\u00a0\u00bb][et_pb_heading title=\u00a0\u00bbPartagez votre exp\u00e9rience \u00e0 travers la cartographie corporelle pour faire avancer l\u2019\u00e9tude des soins p\u00e9rinataux\u00a0\u00bb _builder_version=\u00a0\u00bb4.27.7&Prime; _module_preset=\u00a0\u00bbdefault\u00a0\u00bb title_level=\u00a0\u00bbh2&Prime; hover_enabled=\u00a0\u00bb0&Prime; title_font_size_tablet=\u00a0\u00bb\u00a0\u00bb title_font_size_phone=\u00a0\u00bb20px\u00a0\u00bb title_font_size_last_edited=\u00a0\u00bbon|phone\u00a0\u00bb global_colors_info=\u00a0\u00bb{}\u00a0\u00bb theme_builder_area=\u00a0\u00bbpost_content\u00a0\u00bb title_font_size=\u00a0\u00bb27px\u00a0\u00bb sticky_enabled=\u00a0\u00bb0&Prime;][\/et_pb_heading][et_pb_text quote_border_color=\u00a0\u00bbgcid-secondary-color\u00a0\u00bb _builder_version=\u00a0\u00bb4.27.7&Prime; _module_preset=\u00a0\u00bb2c55a9c4-feed-423b-9edb-ae0b5b365cac\u00a0\u00bb text_font=\u00a0\u00bbNoto Sans|Noto Sans_weight|||||||\u00a0\u00bb text_text_color=\u00a0\u00bbgcid-body-color\u00a0\u00bb text_font_size=\u00a0\u00bb16px\u00a0\u00bb text_line_height=\u00a0\u00bb1.75em\u00a0\u00bb link_font=\u00a0\u00bb|Noto Sans_weight|||||||\u00a0\u00bb link_text_color=\u00a0\u00bbgcid-primary-color\u00a0\u00bb quote_font=\u00a0\u00bbPermanent Marker|Permanent Marker_weight|||||||\u00a0\u00bb quote_text_color=\u00a0\u00bbgcid-heading-color\u00a0\u00bb header_font=\u00a0\u00bbPermanent Marker|Permanent Marker_weight|||||||\u00a0\u00bb header_text_color=\u00a0\u00bbgcid-heading-color\u00a0\u00bb header_font_size=\u00a0\u00bb72px\u00a0\u00bb header_line_height=\u00a0\u00bb1.15em\u00a0\u00bb header_2_font=\u00a0\u00bbPermanent Marker|Permanent Marker_weight|||||||\u00a0\u00bb header_2_text_color=\u00a0\u00bbgcid-heading-color\u00a0\u00bb header_2_font_size=\u00a0\u00bb50px\u00a0\u00bb header_2_line_height=\u00a0\u00bb1.2em\u00a0\u00bb header_3_font=\u00a0\u00bbPermanent Marker|Permanent Marker_weight|||||||\u00a0\u00bb header_3_text_color=\u00a0\u00bbgcid-heading-color\u00a0\u00bb header_3_font_size=\u00a0\u00bb32px\u00a0\u00bb header_3_line_height=\u00a0\u00bb1.3em\u00a0\u00bb header_4_font=\u00a0\u00bbPermanent Marker|Permanent Marker_weight|||||||\u00a0\u00bb header_4_text_color=\u00a0\u00bbgcid-heading-color\u00a0\u00bb header_4_font_size=\u00a0\u00bb24px\u00a0\u00bb header_4_line_height=\u00a0\u00bb1.4em\u00a0\u00bb header_5_font=\u00a0\u00bbPermanent Marker|Permanent Marker_weight|||||||\u00a0\u00bb header_5_text_color=\u00a0\u00bbgcid-heading-color\u00a0\u00bb header_5_font_size=\u00a0\u00bb18px\u00a0\u00bb header_5_line_height=\u00a0\u00bb1.4em\u00a0\u00bb header_6_font=\u00a0\u00bbPermanent Marker|Permanent Marker_weight|||||||\u00a0\u00bb header_6_text_color=\u00a0\u00bbgcid-heading-color\u00a0\u00bb header_6_font_size=\u00a0\u00bb14px\u00a0\u00bb header_6_line_height=\u00a0\u00bb1.5em\u00a0\u00bb custom_margin=\u00a0\u00bb-15px||28px||false|false\u00a0\u00bb hover_enabled=\u00a0\u00bb0&Prime; text_font_size_tablet=\u00a0\u00bb15px\u00a0\u00bb text_font_size_phone=\u00a0\u00bb14px\u00a0\u00bb text_font_size_last_edited=\u00a0\u00bbon|phone\u00a0\u00bb header_font_size_tablet=\u00a0\u00bb40px\u00a0\u00bb header_font_size_phone=\u00a0\u00bb24px\u00a0\u00bb header_font_size_last_edited=\u00a0\u00bbon|desktop\u00a0\u00bb header_2_font_size_tablet=\u00a0\u00bb28px\u00a0\u00bb header_2_font_size_phone=\u00a0\u00bb20px\u00a0\u00bb header_2_font_size_last_edited=\u00a0\u00bbon|phone\u00a0\u00bb header_3_font_size_tablet=\u00a0\u00bb22px\u00a0\u00bb header_3_font_size_phone=\u00a0\u00bb17px\u00a0\u00bb header_3_font_size_last_edited=\u00a0\u00bbon|phone\u00a0\u00bb header_4_font_size_tablet=\u00a0\u00bb18px\u00a0\u00bb header_4_font_size_phone=\u00a0\u00bb15px\u00a0\u00bb header_4_font_size_last_edited=\u00a0\u00bbon|tablet\u00a0\u00bb header_5_font_size_tablet=\u00a0\u00bb15px\u00a0\u00bb header_5_font_size_phone=\u00a0\u00bb14px\u00a0\u00bb header_5_font_size_last_edited=\u00a0\u00bbon|desktop\u00a0\u00bb header_6_font_size_tablet=\u00a0\u00bb13px\u00a0\u00bb header_6_font_size_phone=\u00a0\u00bb13px\u00a0\u00bb header_6_font_size_last_edited=\u00a0\u00bbon|desktop\u00a0\u00bb global_colors_info=\u00a0\u00bb{}\u00a0\u00bb theme_builder_area=\u00a0\u00bbpost_content\u00a0\u00bb sticky_enabled=\u00a0\u00bb0&Prime;]<\/p>\n<p data-start=\"490\" data-end=\"773\" class=\"PDq2pG_selectionAnchorContainer\">La grossesse peut \u00eatre une exp\u00e9rience complexe pour les personnes vivant avec le lupus et d\u2019autres maladies chroniques. Des chercheurs de l\u2019Universit\u00e9 de Toronto invitent des individus \u00e0 participer \u00e0 une nouvelle \u00e9tude visant \u00e0 mieux comprendre ces exp\u00e9riences et \u00e0 am\u00e9liorer les soins futurs pendant la grossesse. <span aria-hidden=\"true\" class=\"PDq2pG_selectionAnchor\"><\/span><\/p>\n<p data-start=\"775\" data-end=\"1155\"><strong data-start=\"779\" data-end=\"827\">L\u2019\u00e9tude Body Mapping to Advance Perinatal<\/strong> Care explore les exp\u00e9riences de soins pendant la grossesse \u00e0 travers l\u2019expression cr\u00e9ative, offrant aux participants l\u2019opportunit\u00e9 de partager leurs histoires \u00e0 travers l\u2019art et la conversation. Les chercheurs esp\u00e8rent que ces connaissances aideront \u00e0 orienter des soins plus centr\u00e9s sur la personne, accessibles et interdisciplinaires pour les personnes vivant avec des maladies chroniques pendant la grossesse. <\/p>\n<p>[\/et_pb_text][et_pb_heading title=\u00a0\u00bb\u00c0 propos de l\u2019\u00e9tude\u00a0\u00bb _builder_version=\u00a0\u00bb4.27.7&Prime; _module_preset=\u00a0\u00bbdefault\u00a0\u00bb title_level=\u00a0\u00bbh2&Prime; hover_enabled=\u00a0\u00bb0&Prime; title_font_size_tablet=\u00a0\u00bb\u00a0\u00bb title_font_size_phone=\u00a0\u00bb20px\u00a0\u00bb title_font_size_last_edited=\u00a0\u00bbon|phone\u00a0\u00bb global_colors_info=\u00a0\u00bb{}\u00a0\u00bb theme_builder_area=\u00a0\u00bbpost_content\u00a0\u00bb title_font_size=\u00a0\u00bb27px\u00a0\u00bb sticky_enabled=\u00a0\u00bb0&Prime;][\/et_pb_heading][et_pb_text quote_border_color=\u00a0\u00bbgcid-secondary-color\u00a0\u00bb _builder_version=\u00a0\u00bb4.27.7&Prime; _module_preset=\u00a0\u00bb2c55a9c4-feed-423b-9edb-ae0b5b365cac\u00a0\u00bb text_font=\u00a0\u00bbNoto Sans|Noto Sans_weight|||||||\u00a0\u00bb text_text_color=\u00a0\u00bbgcid-body-color\u00a0\u00bb text_font_size=\u00a0\u00bb16px\u00a0\u00bb text_line_height=\u00a0\u00bb1.75em\u00a0\u00bb link_font=\u00a0\u00bb|Noto Sans_weight|||||||\u00a0\u00bb link_text_color=\u00a0\u00bbgcid-primary-color\u00a0\u00bb quote_font=\u00a0\u00bbPermanent Marker|Permanent Marker_weight|||||||\u00a0\u00bb quote_text_color=\u00a0\u00bbgcid-heading-color\u00a0\u00bb header_font=\u00a0\u00bbPermanent Marker|Permanent Marker_weight|||||||\u00a0\u00bb header_text_color=\u00a0\u00bbgcid-heading-color\u00a0\u00bb header_font_size=\u00a0\u00bb72px\u00a0\u00bb header_line_height=\u00a0\u00bb1.15em\u00a0\u00bb header_2_font=\u00a0\u00bbPermanent Marker|Permanent Marker_weight|||||||\u00a0\u00bb header_2_text_color=\u00a0\u00bbgcid-heading-color\u00a0\u00bb header_2_font_size=\u00a0\u00bb50px\u00a0\u00bb header_2_line_height=\u00a0\u00bb1.2em\u00a0\u00bb header_3_font=\u00a0\u00bbPermanent Marker|Permanent Marker_weight|||||||\u00a0\u00bb header_3_text_color=\u00a0\u00bbgcid-heading-color\u00a0\u00bb header_3_font_size=\u00a0\u00bb32px\u00a0\u00bb header_3_line_height=\u00a0\u00bb1.3em\u00a0\u00bb header_4_font=\u00a0\u00bbPermanent Marker|Permanent Marker_weight|||||||\u00a0\u00bb header_4_text_color=\u00a0\u00bbgcid-heading-color\u00a0\u00bb header_4_font_size=\u00a0\u00bb24px\u00a0\u00bb header_4_line_height=\u00a0\u00bb1.4em\u00a0\u00bb header_5_font=\u00a0\u00bbPermanent Marker|Permanent Marker_weight|||||||\u00a0\u00bb header_5_text_color=\u00a0\u00bbgcid-heading-color\u00a0\u00bb header_5_font_size=\u00a0\u00bb18px\u00a0\u00bb header_5_line_height=\u00a0\u00bb1.4em\u00a0\u00bb header_6_font=\u00a0\u00bbPermanent Marker|Permanent Marker_weight|||||||\u00a0\u00bb header_6_text_color=\u00a0\u00bbgcid-heading-color\u00a0\u00bb header_6_font_size=\u00a0\u00bb14px\u00a0\u00bb header_6_line_height=\u00a0\u00bb1.5em\u00a0\u00bb custom_margin=\u00a0\u00bb-15px||28px||false|false\u00a0\u00bb hover_enabled=\u00a0\u00bb0&Prime; text_font_size_tablet=\u00a0\u00bb15px\u00a0\u00bb text_font_size_phone=\u00a0\u00bb14px\u00a0\u00bb text_font_size_last_edited=\u00a0\u00bbon|phone\u00a0\u00bb header_font_size_tablet=\u00a0\u00bb40px\u00a0\u00bb header_font_size_phone=\u00a0\u00bb24px\u00a0\u00bb header_font_size_last_edited=\u00a0\u00bbon|desktop\u00a0\u00bb header_2_font_size_tablet=\u00a0\u00bb28px\u00a0\u00bb header_2_font_size_phone=\u00a0\u00bb20px\u00a0\u00bb header_2_font_size_last_edited=\u00a0\u00bbon|phone\u00a0\u00bb header_3_font_size_tablet=\u00a0\u00bb22px\u00a0\u00bb header_3_font_size_phone=\u00a0\u00bb17px\u00a0\u00bb header_3_font_size_last_edited=\u00a0\u00bbon|phone\u00a0\u00bb header_4_font_size_tablet=\u00a0\u00bb18px\u00a0\u00bb header_4_font_size_phone=\u00a0\u00bb15px\u00a0\u00bb header_4_font_size_last_edited=\u00a0\u00bbon|tablet\u00a0\u00bb header_5_font_size_tablet=\u00a0\u00bb15px\u00a0\u00bb header_5_font_size_phone=\u00a0\u00bb14px\u00a0\u00bb header_5_font_size_last_edited=\u00a0\u00bbon|desktop\u00a0\u00bb header_6_font_size_tablet=\u00a0\u00bb13px\u00a0\u00bb header_6_font_size_phone=\u00a0\u00bb13px\u00a0\u00bb header_6_font_size_last_edited=\u00a0\u00bbon|desktop\u00a0\u00bb global_colors_info=\u00a0\u00bb{}\u00a0\u00bb theme_builder_area=\u00a0\u00bbpost_content\u00a0\u00bb sticky_enabled=\u00a0\u00bb0&Prime;]<\/p>\n<p data-start=\"1177\" data-end=\"1486\" class=\"PDq2pG_selectionAnchorContainer\">Les chercheurs explorent comment les maladies chroniques influencent les exp\u00e9riences avant, pendant et apr\u00e8s la grossesse. L\u2019\u00e9tude utilise <strong data-start=\"1304\" data-end=\"1320\">la cartographie corporelle<\/strong>, une m\u00e9thode de recherche artistique qui combine dessin, peinture et autres activit\u00e9s cr\u00e9atives pour aider les participants \u00e0 exprimer leur parcours de sant\u00e9 de mani\u00e8re significative. <span aria-hidden=\"true\" class=\"PDq2pG_selectionAnchor\"><\/span><\/p>\n<p data-start=\"1488\" data-end=\"1635\"><strong data-start=\"1488\" data-end=\"1531\">Aucune exp\u00e9rience artistique pr\u00e9alable n\u2019est requise.<\/strong>  Toutes les activit\u00e9s sont con\u00e7ues pour \u00eatre accessibles, et des am\u00e9nagements sont disponibles pour soutenir les participants.<\/p>\n<p>[\/et_pb_text][\/et_pb_column][\/et_pb_row][\/et_pb_section][et_pb_section fb_built=\u00a0\u00bb1&Prime; admin_label=\u00a0\u00bbText &#038; Image\u00a0\u00bb _builder_version=\u00a0\u00bb4.18.0&Prime; _module_preset=\u00a0\u00bbdefault\u00a0\u00bb custom_padding=\u00a0\u00bb30px||40px|||\u00a0\u00bb da_disable_devices=\u00a0\u00bboff|off|off\u00a0\u00bb locked=\u00a0\u00bboff\u00a0\u00bb collapsed=\u00a0\u00bbon\u00a0\u00bb global_colors_info=\u00a0\u00bb{}\u00a0\u00bb theme_builder_area=\u00a0\u00bbpost_content\u00a0\u00bb da_is_popup=\u00a0\u00bboff\u00a0\u00bb da_exit_intent=\u00a0\u00bboff\u00a0\u00bb da_has_close=\u00a0\u00bbon\u00a0\u00bb da_alt_close=\u00a0\u00bboff\u00a0\u00bb da_dark_close=\u00a0\u00bboff\u00a0\u00bb da_not_modal=\u00a0\u00bbon\u00a0\u00bb da_is_singular=\u00a0\u00bboff\u00a0\u00bb da_with_loader=\u00a0\u00bboff\u00a0\u00bb da_has_shadow=\u00a0\u00bbon\u00a0\u00bb][et_pb_row _builder_version=\u00a0\u00bb4.18.0&Prime; _module_preset=\u00a0\u00bb5138c454-be54-4233-bd3b-f8e6a8747976&Prime; global_colors_info=\u00a0\u00bb{}\u00a0\u00bb theme_builder_area=\u00a0\u00bbpost_content\u00a0\u00bb][et_pb_column type=\u00a0\u00bb4_4&Prime; _builder_version=\u00a0\u00bb4.16&Prime; _module_preset=\u00a0\u00bb73121f80-a3ef-4484-8763-c3f18e3c56d2&Prime; global_colors_info=\u00a0\u00bb{}\u00a0\u00bb theme_builder_area=\u00a0\u00bbpost_content\u00a0\u00bb][et_pb_heading title=\u00a0\u00bbQui peut participer ?\u00a0\u00bb _builder_version=\u00a0\u00bb4.27.7&Prime; _module_preset=\u00a0\u00bbc33f07d9-41e0-421a-8799-5799df695cce\u00a0\u00bb title_level=\u00a0\u00bbh2&Prime; title_font=\u00a0\u00bb&#8211;et_global_body_font|Permanent Marker_weight|||||||\u00a0\u00bb title_text_align=\u00a0\u00bbleft\u00a0\u00bb title_text_color=\u00a0\u00bbgcid-heading-color\u00a0\u00bb title_font_size=\u00a0\u00bb26px\u00a0\u00bb title_line_height=\u00a0\u00bb1.2em\u00a0\u00bb custom_margin=\u00a0\u00bb||10px||false|false\u00a0\u00bb hover_enabled=\u00a0\u00bb0&Prime; title_font_size_tablet=\u00a0\u00bb28px\u00a0\u00bb title_font_size_phone=\u00a0\u00bb20px\u00a0\u00bb title_font_size_last_edited=\u00a0\u00bbon|phone\u00a0\u00bb locked=\u00a0\u00bboff\u00a0\u00bb global_colors_info=\u00a0\u00bb{}\u00a0\u00bb theme_builder_area=\u00a0\u00bbpost_content\u00a0\u00bb sticky_enabled=\u00a0\u00bb0&Prime;][\/et_pb_heading][et_pb_text quote_border_color=\u00a0\u00bbgcid-secondary-color\u00a0\u00bb _builder_version=\u00a0\u00bb4.27.7&Prime; _module_preset=\u00a0\u00bb2c55a9c4-feed-423b-9edb-ae0b5b365cac\u00a0\u00bb text_font=\u00a0\u00bbNoto Sans|Noto Sans_weight|||||||\u00a0\u00bb text_text_color=\u00a0\u00bbgcid-body-color\u00a0\u00bb text_font_size=\u00a0\u00bb16px\u00a0\u00bb text_line_height=\u00a0\u00bb1.75em\u00a0\u00bb link_font=\u00a0\u00bb|Noto Sans_weight|||||||\u00a0\u00bb link_text_color=\u00a0\u00bbgcid-primary-color\u00a0\u00bb quote_font=\u00a0\u00bbPermanent Marker|Permanent Marker_weight|||||||\u00a0\u00bb quote_text_color=\u00a0\u00bbgcid-heading-color\u00a0\u00bb header_font=\u00a0\u00bbPermanent Marker|Permanent Marker_weight|||||||\u00a0\u00bb header_text_color=\u00a0\u00bbgcid-heading-color\u00a0\u00bb header_font_size=\u00a0\u00bb72px\u00a0\u00bb header_line_height=\u00a0\u00bb1.15em\u00a0\u00bb header_2_font=\u00a0\u00bbPermanent Marker|Permanent Marker_weight|||||||\u00a0\u00bb header_2_text_color=\u00a0\u00bbgcid-heading-color\u00a0\u00bb header_2_font_size=\u00a0\u00bb50px\u00a0\u00bb header_2_line_height=\u00a0\u00bb1.2em\u00a0\u00bb header_3_font=\u00a0\u00bbPermanent Marker|Permanent Marker_weight|||||||\u00a0\u00bb header_3_text_color=\u00a0\u00bbgcid-heading-color\u00a0\u00bb header_3_font_size=\u00a0\u00bb32px\u00a0\u00bb header_3_line_height=\u00a0\u00bb1.3em\u00a0\u00bb header_4_font=\u00a0\u00bbPermanent Marker|Permanent Marker_weight|||||||\u00a0\u00bb header_4_text_color=\u00a0\u00bbgcid-heading-color\u00a0\u00bb header_4_font_size=\u00a0\u00bb24px\u00a0\u00bb header_4_line_height=\u00a0\u00bb1.4em\u00a0\u00bb header_5_font=\u00a0\u00bbPermanent Marker|Permanent Marker_weight|||||||\u00a0\u00bb header_5_text_color=\u00a0\u00bbgcid-heading-color\u00a0\u00bb header_5_font_size=\u00a0\u00bb18px\u00a0\u00bb header_5_line_height=\u00a0\u00bb1.4em\u00a0\u00bb header_6_font=\u00a0\u00bbPermanent Marker|Permanent Marker_weight|||||||\u00a0\u00bb header_6_text_color=\u00a0\u00bbgcid-heading-color\u00a0\u00bb header_6_font_size=\u00a0\u00bb14px\u00a0\u00bb header_6_line_height=\u00a0\u00bb1.5em\u00a0\u00bb text_orientation=\u00a0\u00bbcenter\u00a0\u00bb custom_margin=\u00a0\u00bb||||false|false\u00a0\u00bb hover_enabled=\u00a0\u00bb0&Prime; text_font_size_tablet=\u00a0\u00bb15px\u00a0\u00bb text_font_size_phone=\u00a0\u00bb14px\u00a0\u00bb text_font_size_last_edited=\u00a0\u00bbon|phone\u00a0\u00bb header_font_size_tablet=\u00a0\u00bb40px\u00a0\u00bb header_font_size_phone=\u00a0\u00bb24px\u00a0\u00bb header_font_size_last_edited=\u00a0\u00bbon|desktop\u00a0\u00bb header_2_font_size_tablet=\u00a0\u00bb28px\u00a0\u00bb header_2_font_size_phone=\u00a0\u00bb20px\u00a0\u00bb header_2_font_size_last_edited=\u00a0\u00bbon|phone\u00a0\u00bb header_3_font_size_tablet=\u00a0\u00bb22px\u00a0\u00bb header_3_font_size_phone=\u00a0\u00bb17px\u00a0\u00bb header_3_font_size_last_edited=\u00a0\u00bbon|phone\u00a0\u00bb header_4_font_size_tablet=\u00a0\u00bb18px\u00a0\u00bb header_4_font_size_phone=\u00a0\u00bb15px\u00a0\u00bb header_4_font_size_last_edited=\u00a0\u00bbon|tablet\u00a0\u00bb header_5_font_size_tablet=\u00a0\u00bb15px\u00a0\u00bb header_5_font_size_phone=\u00a0\u00bb14px\u00a0\u00bb header_5_font_size_last_edited=\u00a0\u00bbon|desktop\u00a0\u00bb header_6_font_size_tablet=\u00a0\u00bb13px\u00a0\u00bb header_6_font_size_phone=\u00a0\u00bb13px\u00a0\u00bb header_6_font_size_last_edited=\u00a0\u00bbon|desktop\u00a0\u00bb locked=\u00a0\u00bboff\u00a0\u00bb global_colors_info=\u00a0\u00bb{}\u00a0\u00bb theme_builder_area=\u00a0\u00bbpost_content\u00a0\u00bb sticky_enabled=\u00a0\u00bb0&Prime;]<\/p>\n<p data-start=\"1662\" data-end=\"1689\" class=\"PDq2pG_selectionAnchorContainer\" style=\"text-align: left;\">Vous pourriez \u00eatre \u00e9ligible si vous :<span aria-hidden=\"true\" class=\"PDq2pG_selectionAnchor\"><\/span><\/p>\n<ul data-start=\"1691\" data-end=\"1955\">\n<li data-section-id=\"1slcgb0\" data-start=\"1691\" data-end=\"1725\" style=\"text-align: left;\"><strong data-start=\"1697\" data-end=\"1725\">Avez-vous 18 ans ou plus<\/strong><\/li>\n<li data-section-id=\"myf9ix\" data-start=\"1726\" data-end=\"1832\" style=\"text-align: left;\">Vivre avec <strong data-start=\"1738\" data-end=\"1814\">un ou plusieurs troubles ou handicaps physiques ou mentaux chroniques<\/strong> (y compris le lupus)<\/li>\n<li data-section-id=\"1qcgp8l\" data-start=\"1833\" data-end=\"1892\" style=\"text-align: left;\">J\u2019ai v\u00e9cu une grossesse au <strong data-start=\"1875\" data-end=\"1892\">cours des 10 derni\u00e8res ann\u00e9es<\/strong><\/li>\n<li data-section-id=\"17d5v5j\" data-start=\"1893\" data-end=\"1955\" style=\"text-align: left;\">Peuvent se rendre <strong data-start=\"1917\" data-end=\"1928\">\u00e0 Toronto<\/strong> pour un atelier en pr\u00e9sentiel<\/li>\n<\/ul>\n<p>[\/et_pb_text][et_pb_heading title=\u00a0\u00bbEn quoi consiste la participation ?\u00a0\u00bb _builder_version=\u00a0\u00bb4.27.7&Prime; _module_preset=\u00a0\u00bbc33f07d9-41e0-421a-8799-5799df695cce\u00a0\u00bb title_level=\u00a0\u00bbh2&Prime; title_font=\u00a0\u00bb&#8211;et_global_body_font|Permanent Marker_weight|||||||\u00a0\u00bb title_text_align=\u00a0\u00bbleft\u00a0\u00bb title_text_color=\u00a0\u00bbgcid-heading-color\u00a0\u00bb title_font_size=\u00a0\u00bb26px\u00a0\u00bb title_line_height=\u00a0\u00bb1.2em\u00a0\u00bb custom_margin=\u00a0\u00bb||10px||false|false\u00a0\u00bb hover_enabled=\u00a0\u00bb0&Prime; title_font_size_tablet=\u00a0\u00bb28px\u00a0\u00bb title_font_size_phone=\u00a0\u00bb20px\u00a0\u00bb title_font_size_last_edited=\u00a0\u00bbon|phone\u00a0\u00bb locked=\u00a0\u00bboff\u00a0\u00bb global_colors_info=\u00a0\u00bb{}\u00a0\u00bb theme_builder_area=\u00a0\u00bbpost_content\u00a0\u00bb sticky_enabled=\u00a0\u00bb0&Prime;][\/et_pb_heading][et_pb_text quote_border_color=\u00a0\u00bbgcid-secondary-color\u00a0\u00bb _builder_version=\u00a0\u00bb4.27.7&Prime; _module_preset=\u00a0\u00bb2c55a9c4-feed-423b-9edb-ae0b5b365cac\u00a0\u00bb text_font=\u00a0\u00bbNoto Sans|Noto Sans_weight|||||||\u00a0\u00bb text_text_color=\u00a0\u00bbgcid-body-color\u00a0\u00bb text_font_size=\u00a0\u00bb16px\u00a0\u00bb text_line_height=\u00a0\u00bb1.75em\u00a0\u00bb link_font=\u00a0\u00bb|Noto Sans_weight|||||||\u00a0\u00bb link_text_color=\u00a0\u00bbgcid-primary-color\u00a0\u00bb quote_font=\u00a0\u00bbPermanent Marker|Permanent Marker_weight|||||||\u00a0\u00bb quote_text_color=\u00a0\u00bbgcid-heading-color\u00a0\u00bb header_font=\u00a0\u00bbPermanent Marker|Permanent Marker_weight|||||||\u00a0\u00bb header_text_color=\u00a0\u00bbgcid-heading-color\u00a0\u00bb header_font_size=\u00a0\u00bb72px\u00a0\u00bb header_line_height=\u00a0\u00bb1.15em\u00a0\u00bb header_2_font=\u00a0\u00bbPermanent Marker|Permanent Marker_weight|||||||\u00a0\u00bb header_2_text_color=\u00a0\u00bbgcid-heading-color\u00a0\u00bb header_2_font_size=\u00a0\u00bb50px\u00a0\u00bb header_2_line_height=\u00a0\u00bb1.2em\u00a0\u00bb header_3_font=\u00a0\u00bbPermanent Marker|Permanent Marker_weight|||||||\u00a0\u00bb header_3_text_color=\u00a0\u00bbgcid-heading-color\u00a0\u00bb header_3_font_size=\u00a0\u00bb32px\u00a0\u00bb header_3_line_height=\u00a0\u00bb1.3em\u00a0\u00bb header_4_font=\u00a0\u00bbPermanent Marker|Permanent Marker_weight|||||||\u00a0\u00bb header_4_text_color=\u00a0\u00bbgcid-heading-color\u00a0\u00bb header_4_font_size=\u00a0\u00bb24px\u00a0\u00bb header_4_line_height=\u00a0\u00bb1.4em\u00a0\u00bb header_5_font=\u00a0\u00bbPermanent Marker|Permanent Marker_weight|||||||\u00a0\u00bb header_5_text_color=\u00a0\u00bbgcid-heading-color\u00a0\u00bb header_5_font_size=\u00a0\u00bb18px\u00a0\u00bb header_5_line_height=\u00a0\u00bb1.4em\u00a0\u00bb header_6_font=\u00a0\u00bbPermanent Marker|Permanent Marker_weight|||||||\u00a0\u00bb header_6_text_color=\u00a0\u00bbgcid-heading-color\u00a0\u00bb header_6_font_size=\u00a0\u00bb14px\u00a0\u00bb header_6_line_height=\u00a0\u00bb1.5em\u00a0\u00bb text_orientation=\u00a0\u00bbcenter\u00a0\u00bb custom_margin=\u00a0\u00bb||||false|false\u00a0\u00bb hover_enabled=\u00a0\u00bb0&Prime; text_font_size_tablet=\u00a0\u00bb15px\u00a0\u00bb text_font_size_phone=\u00a0\u00bb14px\u00a0\u00bb text_font_size_last_edited=\u00a0\u00bbon|phone\u00a0\u00bb header_font_size_tablet=\u00a0\u00bb40px\u00a0\u00bb header_font_size_phone=\u00a0\u00bb24px\u00a0\u00bb header_font_size_last_edited=\u00a0\u00bbon|desktop\u00a0\u00bb header_2_font_size_tablet=\u00a0\u00bb28px\u00a0\u00bb header_2_font_size_phone=\u00a0\u00bb20px\u00a0\u00bb header_2_font_size_last_edited=\u00a0\u00bbon|phone\u00a0\u00bb header_3_font_size_tablet=\u00a0\u00bb22px\u00a0\u00bb header_3_font_size_phone=\u00a0\u00bb17px\u00a0\u00bb header_3_font_size_last_edited=\u00a0\u00bbon|phone\u00a0\u00bb header_4_font_size_tablet=\u00a0\u00bb18px\u00a0\u00bb header_4_font_size_phone=\u00a0\u00bb15px\u00a0\u00bb header_4_font_size_last_edited=\u00a0\u00bbon|tablet\u00a0\u00bb header_5_font_size_tablet=\u00a0\u00bb15px\u00a0\u00bb header_5_font_size_phone=\u00a0\u00bb14px\u00a0\u00bb header_5_font_size_last_edited=\u00a0\u00bbon|desktop\u00a0\u00bb header_6_font_size_tablet=\u00a0\u00bb13px\u00a0\u00bb header_6_font_size_phone=\u00a0\u00bb13px\u00a0\u00bb header_6_font_size_last_edited=\u00a0\u00bbon|desktop\u00a0\u00bb locked=\u00a0\u00bboff\u00a0\u00bb global_colors_info=\u00a0\u00bb{}\u00a0\u00bb theme_builder_area=\u00a0\u00bbpost_content\u00a0\u00bb sticky_enabled=\u00a0\u00bb0&Prime;]<\/p>\n<p data-start=\"1994\" data-end=\"2025\" class=\"PDq2pG_selectionAnchorContainer\" style=\"text-align: left;\">Les participants participeront \u00e0 :<span aria-hidden=\"true\" class=\"PDq2pG_selectionAnchor\"><\/span><\/p>\n<ul data-start=\"2027\" data-end=\"2229\" style=\"text-align: left;\">\n<li data-section-id=\"101095p\" data-start=\"2027\" data-end=\"2089\"><strong data-start=\"2029\" data-end=\"2078\">Un atelier de cartographie corporelle en pr\u00e9sentiel de quatre heures<\/strong> \u00e0 Toronto<\/li>\n<li data-section-id=\"11nmziw\" data-start=\"2090\" data-end=\"2229\"><strong data-start=\"2092\" data-end=\"2126\">Une interview en ligne de 60 minutes<\/strong> discutant des exp\u00e9riences avant la grossesse, pendant la grossesse, le travail et l\u2019accouchement, ainsi que la p\u00e9riode post-partum<\/li>\n<\/ul>\n<p data-start=\"2231\" data-end=\"2331\" style=\"text-align: left;\">Les participants recevront <strong data-start=\"2257\" data-end=\"2283\">jusqu\u2019\u00e0 250 $ pour<\/strong> avoir compl\u00e9t\u00e9 \u00e0 la fois l\u2019atelier et l\u2019entretien.<\/p>\n<p>[\/et_pb_text][\/et_pb_column][\/et_pb_row][et_pb_row _builder_version=\u00a0\u00bb4.18.0&Prime; _module_preset=\u00a0\u00bb5138c454-be54-4233-bd3b-f8e6a8747976&Prime; global_colors_info=\u00a0\u00bb{}\u00a0\u00bb theme_builder_area=\u00a0\u00bbpost_content\u00a0\u00bb][et_pb_column type=\u00a0\u00bb4_4&Prime; _builder_version=\u00a0\u00bb4.16&Prime; _module_preset=\u00a0\u00bb73121f80-a3ef-4484-8763-c3f18e3c56d2&Prime; global_colors_info=\u00a0\u00bb{}\u00a0\u00bb theme_builder_area=\u00a0\u00bbpost_content\u00a0\u00bb][et_pb_heading title=\u00a0\u00bbPourquoi participer ?\u00a0\u00bb _builder_version=\u00a0\u00bb4.27.7&Prime; _module_preset=\u00a0\u00bbc33f07d9-41e0-421a-8799-5799df695cce\u00a0\u00bb title_level=\u00a0\u00bbh2&Prime; title_font=\u00a0\u00bb&#8211;et_global_body_font|Permanent Marker_weight|||||||\u00a0\u00bb title_text_align=\u00a0\u00bbleft\u00a0\u00bb title_text_color=\u00a0\u00bbgcid-heading-color\u00a0\u00bb title_font_size=\u00a0\u00bb26px\u00a0\u00bb title_line_height=\u00a0\u00bb1.2em\u00a0\u00bb custom_margin=\u00a0\u00bb30px||10px||false|false\u00a0\u00bb hover_enabled=\u00a0\u00bb0&Prime; title_font_size_tablet=\u00a0\u00bb28px\u00a0\u00bb title_font_size_phone=\u00a0\u00bb18px\u00a0\u00bb title_font_size_last_edited=\u00a0\u00bbon|phone\u00a0\u00bb locked=\u00a0\u00bboff\u00a0\u00bb global_colors_info=\u00a0\u00bb{}\u00a0\u00bb theme_builder_area=\u00a0\u00bbpost_content\u00a0\u00bb sticky_enabled=\u00a0\u00bb0&Prime;][\/et_pb_heading][et_pb_text quote_border_color=\u00a0\u00bbgcid-secondary-color\u00a0\u00bb _builder_version=\u00a0\u00bb4.27.7&Prime; _module_preset=\u00a0\u00bb2c55a9c4-feed-423b-9edb-ae0b5b365cac\u00a0\u00bb text_font=\u00a0\u00bbNoto Sans|Noto Sans_weight|||||||\u00a0\u00bb text_text_color=\u00a0\u00bbgcid-body-color\u00a0\u00bb text_font_size=\u00a0\u00bb16px\u00a0\u00bb text_line_height=\u00a0\u00bb1.75em\u00a0\u00bb link_font=\u00a0\u00bb|Noto Sans_weight|||||||\u00a0\u00bb link_text_color=\u00a0\u00bbgcid-primary-color\u00a0\u00bb quote_font=\u00a0\u00bbPermanent Marker|Permanent Marker_weight|||||||\u00a0\u00bb quote_text_color=\u00a0\u00bbgcid-heading-color\u00a0\u00bb header_font=\u00a0\u00bbPermanent Marker|Permanent Marker_weight|||||||\u00a0\u00bb header_text_color=\u00a0\u00bbgcid-heading-color\u00a0\u00bb header_font_size=\u00a0\u00bb72px\u00a0\u00bb header_line_height=\u00a0\u00bb1.15em\u00a0\u00bb header_2_font=\u00a0\u00bbPermanent Marker|Permanent Marker_weight|||||||\u00a0\u00bb header_2_text_color=\u00a0\u00bbgcid-heading-color\u00a0\u00bb header_2_font_size=\u00a0\u00bb50px\u00a0\u00bb header_2_line_height=\u00a0\u00bb1.2em\u00a0\u00bb header_3_font=\u00a0\u00bbPermanent Marker|Permanent Marker_weight|||||||\u00a0\u00bb header_3_text_color=\u00a0\u00bbgcid-heading-color\u00a0\u00bb header_3_font_size=\u00a0\u00bb32px\u00a0\u00bb header_3_line_height=\u00a0\u00bb1.3em\u00a0\u00bb header_4_font=\u00a0\u00bbPermanent Marker|Permanent Marker_weight|||||||\u00a0\u00bb header_4_text_color=\u00a0\u00bbgcid-heading-color\u00a0\u00bb header_4_font_size=\u00a0\u00bb24px\u00a0\u00bb header_4_line_height=\u00a0\u00bb1.4em\u00a0\u00bb header_5_font=\u00a0\u00bbPermanent Marker|Permanent Marker_weight|||||||\u00a0\u00bb header_5_text_color=\u00a0\u00bbgcid-heading-color\u00a0\u00bb header_5_font_size=\u00a0\u00bb18px\u00a0\u00bb header_5_line_height=\u00a0\u00bb1.4em\u00a0\u00bb header_6_font=\u00a0\u00bbPermanent Marker|Permanent Marker_weight|||||||\u00a0\u00bb header_6_text_color=\u00a0\u00bbgcid-heading-color\u00a0\u00bb header_6_font_size=\u00a0\u00bb14px\u00a0\u00bb header_6_line_height=\u00a0\u00bb1.5em\u00a0\u00bb text_orientation=\u00a0\u00bbcenter\u00a0\u00bb custom_margin=\u00a0\u00bb||||false|false\u00a0\u00bb hover_enabled=\u00a0\u00bb0&Prime; text_font_size_tablet=\u00a0\u00bb15px\u00a0\u00bb text_font_size_phone=\u00a0\u00bb14px\u00a0\u00bb text_font_size_last_edited=\u00a0\u00bbon|phone\u00a0\u00bb header_font_size_tablet=\u00a0\u00bb40px\u00a0\u00bb header_font_size_phone=\u00a0\u00bb24px\u00a0\u00bb header_font_size_last_edited=\u00a0\u00bbon|desktop\u00a0\u00bb header_2_font_size_tablet=\u00a0\u00bb28px\u00a0\u00bb header_2_font_size_phone=\u00a0\u00bb20px\u00a0\u00bb header_2_font_size_last_edited=\u00a0\u00bbon|phone\u00a0\u00bb header_3_font_size_tablet=\u00a0\u00bb22px\u00a0\u00bb header_3_font_size_phone=\u00a0\u00bb17px\u00a0\u00bb header_3_font_size_last_edited=\u00a0\u00bbon|phone\u00a0\u00bb header_4_font_size_tablet=\u00a0\u00bb18px\u00a0\u00bb header_4_font_size_phone=\u00a0\u00bb15px\u00a0\u00bb header_4_font_size_last_edited=\u00a0\u00bbon|tablet\u00a0\u00bb header_5_font_size_tablet=\u00a0\u00bb15px\u00a0\u00bb header_5_font_size_phone=\u00a0\u00bb14px\u00a0\u00bb header_5_font_size_last_edited=\u00a0\u00bbon|desktop\u00a0\u00bb header_6_font_size_tablet=\u00a0\u00bb13px\u00a0\u00bb header_6_font_size_phone=\u00a0\u00bb13px\u00a0\u00bb header_6_font_size_last_edited=\u00a0\u00bbon|desktop\u00a0\u00bb locked=\u00a0\u00bboff\u00a0\u00bb global_colors_info=\u00a0\u00bb{}\u00a0\u00bb theme_builder_area=\u00a0\u00bbpost_content\u00a0\u00bb sticky_enabled=\u00a0\u00bb0&Prime;]<\/p>\n<p data-start=\"2354\" data-end=\"2617\" class=\"PDq2pG_selectionAnchorContainer\" style=\"text-align: left;\">En partageant vos exp\u00e9riences, vous pouvez aider les chercheurs \u00e0 mieux comprendre les besoins des personnes vivant avec des maladies chroniques pendant la grossesse. Ces r\u00e9sultats pourraient contribuer \u00e0 am\u00e9liorer les soins de grossesse et les services de sant\u00e9 pour les futures patientes et leurs familles. <span aria-hidden=\"true\" class=\"PDq2pG_selectionAnchor\"><\/span><\/p>\n<p data-start=\"2619\" data-end=\"2727\" style=\"text-align: left;\">Les participants recevront \u00e9galement tout soutien ou am\u00e9nagement \u00e0 l\u2019accessibilit\u00e9 n\u00e9cessaire pour les aider \u00e0 participer.<\/p>\n<p>[\/et_pb_text][et_pb_heading title=\u00a0\u00bbVous souhaitez participer ?\u00a0\u00bb _builder_version=\u00a0\u00bb4.27.7&Prime; _module_preset=\u00a0\u00bbc33f07d9-41e0-421a-8799-5799df695cce\u00a0\u00bb title_level=\u00a0\u00bbh2&Prime; title_font=\u00a0\u00bb&#8211;et_global_body_font|Permanent Marker_weight|||||||\u00a0\u00bb title_text_align=\u00a0\u00bbleft\u00a0\u00bb title_text_color=\u00a0\u00bbgcid-heading-color\u00a0\u00bb title_font_size=\u00a0\u00bb26px\u00a0\u00bb title_line_height=\u00a0\u00bb1.2em\u00a0\u00bb custom_margin=\u00a0\u00bb30px||10px||false|false\u00a0\u00bb hover_enabled=\u00a0\u00bb0&Prime; title_font_size_tablet=\u00a0\u00bb28px\u00a0\u00bb title_font_size_phone=\u00a0\u00bb20px\u00a0\u00bb title_font_size_last_edited=\u00a0\u00bbon|phone\u00a0\u00bb locked=\u00a0\u00bboff\u00a0\u00bb global_colors_info=\u00a0\u00bb{}\u00a0\u00bb theme_builder_area=\u00a0\u00bbpost_content\u00a0\u00bb sticky_enabled=\u00a0\u00bb0&Prime;][\/et_pb_heading][et_pb_text quote_border_color=\u00a0\u00bbgcid-secondary-color\u00a0\u00bb _builder_version=\u00a0\u00bb4.27.7&Prime; _module_preset=\u00a0\u00bb2c55a9c4-feed-423b-9edb-ae0b5b365cac\u00a0\u00bb text_font=\u00a0\u00bbNoto Sans|Noto Sans_weight|||||||\u00a0\u00bb text_text_color=\u00a0\u00bbgcid-body-color\u00a0\u00bb text_font_size=\u00a0\u00bb16px\u00a0\u00bb text_line_height=\u00a0\u00bb1.75em\u00a0\u00bb link_font=\u00a0\u00bb|Noto Sans_weight|||||||\u00a0\u00bb link_text_color=\u00a0\u00bbgcid-primary-color\u00a0\u00bb quote_font=\u00a0\u00bbPermanent Marker|Permanent Marker_weight|||||||\u00a0\u00bb quote_text_color=\u00a0\u00bbgcid-heading-color\u00a0\u00bb header_font=\u00a0\u00bbPermanent Marker|Permanent Marker_weight|||||||\u00a0\u00bb header_text_color=\u00a0\u00bbgcid-heading-color\u00a0\u00bb header_font_size=\u00a0\u00bb72px\u00a0\u00bb header_line_height=\u00a0\u00bb1.15em\u00a0\u00bb header_2_font=\u00a0\u00bbPermanent Marker|Permanent Marker_weight|||||||\u00a0\u00bb header_2_text_color=\u00a0\u00bbgcid-heading-color\u00a0\u00bb header_2_font_size=\u00a0\u00bb50px\u00a0\u00bb header_2_line_height=\u00a0\u00bb1.2em\u00a0\u00bb header_3_font=\u00a0\u00bbPermanent Marker|Permanent Marker_weight|||||||\u00a0\u00bb header_3_text_color=\u00a0\u00bbgcid-heading-color\u00a0\u00bb header_3_font_size=\u00a0\u00bb32px\u00a0\u00bb header_3_line_height=\u00a0\u00bb1.3em\u00a0\u00bb header_4_font=\u00a0\u00bbPermanent Marker|Permanent Marker_weight|||||||\u00a0\u00bb header_4_text_color=\u00a0\u00bbgcid-heading-color\u00a0\u00bb header_4_font_size=\u00a0\u00bb24px\u00a0\u00bb header_4_line_height=\u00a0\u00bb1.4em\u00a0\u00bb header_5_font=\u00a0\u00bbPermanent Marker|Permanent Marker_weight|||||||\u00a0\u00bb header_5_text_color=\u00a0\u00bbgcid-heading-color\u00a0\u00bb header_5_font_size=\u00a0\u00bb18px\u00a0\u00bb header_5_line_height=\u00a0\u00bb1.4em\u00a0\u00bb header_6_font=\u00a0\u00bbPermanent Marker|Permanent Marker_weight|||||||\u00a0\u00bb header_6_text_color=\u00a0\u00bbgcid-heading-color\u00a0\u00bb header_6_font_size=\u00a0\u00bb14px\u00a0\u00bb header_6_line_height=\u00a0\u00bb1.5em\u00a0\u00bb text_orientation=\u00a0\u00bbcenter\u00a0\u00bb custom_margin=\u00a0\u00bb||||false|false\u00a0\u00bb hover_enabled=\u00a0\u00bb0&Prime; text_font_size_tablet=\u00a0\u00bb15px\u00a0\u00bb text_font_size_phone=\u00a0\u00bb14px\u00a0\u00bb text_font_size_last_edited=\u00a0\u00bbon|phone\u00a0\u00bb header_font_size_tablet=\u00a0\u00bb40px\u00a0\u00bb header_font_size_phone=\u00a0\u00bb24px\u00a0\u00bb header_font_size_last_edited=\u00a0\u00bbon|desktop\u00a0\u00bb header_2_font_size_tablet=\u00a0\u00bb28px\u00a0\u00bb header_2_font_size_phone=\u00a0\u00bb20px\u00a0\u00bb header_2_font_size_last_edited=\u00a0\u00bbon|phone\u00a0\u00bb header_3_font_size_tablet=\u00a0\u00bb22px\u00a0\u00bb header_3_font_size_phone=\u00a0\u00bb17px\u00a0\u00bb header_3_font_size_last_edited=\u00a0\u00bbon|phone\u00a0\u00bb header_4_font_size_tablet=\u00a0\u00bb18px\u00a0\u00bb header_4_font_size_phone=\u00a0\u00bb15px\u00a0\u00bb header_4_font_size_last_edited=\u00a0\u00bbon|tablet\u00a0\u00bb header_5_font_size_tablet=\u00a0\u00bb15px\u00a0\u00bb header_5_font_size_phone=\u00a0\u00bb14px\u00a0\u00bb header_5_font_size_last_edited=\u00a0\u00bbon|desktop\u00a0\u00bb header_6_font_size_tablet=\u00a0\u00bb13px\u00a0\u00bb header_6_font_size_phone=\u00a0\u00bb13px\u00a0\u00bb header_6_font_size_last_edited=\u00a0\u00bbon|desktop\u00a0\u00bb locked=\u00a0\u00bboff\u00a0\u00bb global_colors_info=\u00a0\u00bb{}\u00a0\u00bb theme_builder_area=\u00a0\u00bbpost_content\u00a0\u00bb sticky_enabled=\u00a0\u00bb0&Prime;]<\/p>\n<p data-start=\"2762\" data-end=\"2835\" class=\"PDq2pG_selectionAnchorContainer\" style=\"text-align: left;\">Pour plus d\u2019informations ou pour d\u00e9terminer si vous \u00eates \u00e9ligible, veuillez contacter :<span aria-hidden=\"true\" class=\"PDq2pG_selectionAnchor\"><\/span><\/p>\n<p data-start=\"2837\" data-end=\"2926\" style=\"text-align: left;\"><strong data-start=\"2837\" data-end=\"2853\">Jannah Wigle<\/strong><br data-start=\"2853\" data-end=\"2856\"\/><strong data-start=\"2856\" data-end=\"2870\">T\u00e9l\u00e9phone :<\/strong> (647) 691-4122<br data-start=\"2885\" data-end=\"2888\"\/><strong data-start=\"2888\" data-end=\"2898\">Email :<\/strong> <a data-start=\"2899\" data-end=\"2926\" class=\"decorated-link cursor-pointer\" rel=\"noopener\">wiresearch@utsc.utoronto.ca<\/a><\/p>\n<p data-start=\"2928\" data-end=\"2973\" style=\"text-align: left;\">Vous pouvez \u00e9galement en savoir plus sur l\u2019\u00e9tude ici :<\/p>\n<p data-start=\"2975\" data-end=\"3084\" style=\"text-align: left;\"><strong data-start=\"2975\" data-end=\"3024\">Projet de recherche sur la multimorbidit\u00e9 et la grossesse<\/strong><br data-start=\"3024\" data-end=\"3027\"\/><a data-start=\"3027\" data-end=\"3084\" rel=\"noopener\" target=\"_new\" class=\"decorated-link\" href=\"https:\/\/arc-lab.ca\/projects\/multimorbidity-and-pregnancy\/\">https:\/\/arc-lab.ca\/projects\/multimorbidity-and-pregnancy\/<\/a><\/p>\n<p>[\/et_pb_text][et_pb_heading title=\u00a0\u00bb\u00c9thique de la recherche\u00a0\u00bb _builder_version=\u00a0\u00bb4.27.7&Prime; _module_preset=\u00a0\u00bbc33f07d9-41e0-421a-8799-5799df695cce\u00a0\u00bb title_level=\u00a0\u00bbh2&Prime; title_font=\u00a0\u00bb&#8211;et_global_body_font|Permanent Marker_weight|||||||\u00a0\u00bb title_text_align=\u00a0\u00bbleft\u00a0\u00bb title_text_color=\u00a0\u00bbgcid-heading-color\u00a0\u00bb title_font_size=\u00a0\u00bb26px\u00a0\u00bb title_line_height=\u00a0\u00bb1.2em\u00a0\u00bb custom_margin=\u00a0\u00bb30px||10px||false|false\u00a0\u00bb hover_enabled=\u00a0\u00bb0&Prime; title_font_size_tablet=\u00a0\u00bb28px\u00a0\u00bb title_font_size_phone=\u00a0\u00bb20px\u00a0\u00bb title_font_size_last_edited=\u00a0\u00bbon|phone\u00a0\u00bb locked=\u00a0\u00bboff\u00a0\u00bb global_colors_info=\u00a0\u00bb{}\u00a0\u00bb theme_builder_area=\u00a0\u00bbpost_content\u00a0\u00bb sticky_enabled=\u00a0\u00bb0&Prime;][\/et_pb_heading][et_pb_text quote_border_color=\u00a0\u00bbgcid-secondary-color\u00a0\u00bb _builder_version=\u00a0\u00bb4.27.7&Prime; _module_preset=\u00a0\u00bb2c55a9c4-feed-423b-9edb-ae0b5b365cac\u00a0\u00bb text_font=\u00a0\u00bbNoto Sans|Noto Sans_weight|||||||\u00a0\u00bb text_text_color=\u00a0\u00bbgcid-body-color\u00a0\u00bb text_font_size=\u00a0\u00bb16px\u00a0\u00bb text_line_height=\u00a0\u00bb1.75em\u00a0\u00bb link_font=\u00a0\u00bb|Noto Sans_weight|||||||\u00a0\u00bb link_text_color=\u00a0\u00bbgcid-primary-color\u00a0\u00bb quote_font=\u00a0\u00bbPermanent Marker|Permanent Marker_weight|||||||\u00a0\u00bb quote_text_color=\u00a0\u00bbgcid-heading-color\u00a0\u00bb header_font=\u00a0\u00bbPermanent Marker|Permanent Marker_weight|||||||\u00a0\u00bb header_text_color=\u00a0\u00bbgcid-heading-color\u00a0\u00bb header_font_size=\u00a0\u00bb72px\u00a0\u00bb header_line_height=\u00a0\u00bb1.15em\u00a0\u00bb header_2_font=\u00a0\u00bbPermanent Marker|Permanent Marker_weight|||||||\u00a0\u00bb header_2_text_color=\u00a0\u00bbgcid-heading-color\u00a0\u00bb header_2_font_size=\u00a0\u00bb50px\u00a0\u00bb header_2_line_height=\u00a0\u00bb1.2em\u00a0\u00bb header_3_font=\u00a0\u00bbPermanent Marker|Permanent Marker_weight|||||||\u00a0\u00bb header_3_text_color=\u00a0\u00bbgcid-heading-color\u00a0\u00bb header_3_font_size=\u00a0\u00bb32px\u00a0\u00bb header_3_line_height=\u00a0\u00bb1.3em\u00a0\u00bb header_4_font=\u00a0\u00bbPermanent Marker|Permanent Marker_weight|||||||\u00a0\u00bb header_4_text_color=\u00a0\u00bbgcid-heading-color\u00a0\u00bb header_4_font_size=\u00a0\u00bb24px\u00a0\u00bb header_4_line_height=\u00a0\u00bb1.4em\u00a0\u00bb header_5_font=\u00a0\u00bbPermanent Marker|Permanent Marker_weight|||||||\u00a0\u00bb header_5_text_color=\u00a0\u00bbgcid-heading-color\u00a0\u00bb header_5_font_size=\u00a0\u00bb18px\u00a0\u00bb header_5_line_height=\u00a0\u00bb1.4em\u00a0\u00bb header_6_font=\u00a0\u00bbPermanent Marker|Permanent Marker_weight|||||||\u00a0\u00bb header_6_text_color=\u00a0\u00bbgcid-heading-color\u00a0\u00bb header_6_font_size=\u00a0\u00bb14px\u00a0\u00bb header_6_line_height=\u00a0\u00bb1.5em\u00a0\u00bb text_orientation=\u00a0\u00bbcenter\u00a0\u00bb custom_margin=\u00a0\u00bb||||false|false\u00a0\u00bb hover_enabled=\u00a0\u00bb0&Prime; text_font_size_tablet=\u00a0\u00bb15px\u00a0\u00bb text_font_size_phone=\u00a0\u00bb14px\u00a0\u00bb text_font_size_last_edited=\u00a0\u00bbon|phone\u00a0\u00bb header_font_size_tablet=\u00a0\u00bb40px\u00a0\u00bb header_font_size_phone=\u00a0\u00bb24px\u00a0\u00bb header_font_size_last_edited=\u00a0\u00bbon|desktop\u00a0\u00bb header_2_font_size_tablet=\u00a0\u00bb28px\u00a0\u00bb header_2_font_size_phone=\u00a0\u00bb20px\u00a0\u00bb header_2_font_size_last_edited=\u00a0\u00bbon|phone\u00a0\u00bb header_3_font_size_tablet=\u00a0\u00bb22px\u00a0\u00bb header_3_font_size_phone=\u00a0\u00bb17px\u00a0\u00bb header_3_font_size_last_edited=\u00a0\u00bbon|phone\u00a0\u00bb header_4_font_size_tablet=\u00a0\u00bb18px\u00a0\u00bb header_4_font_size_phone=\u00a0\u00bb15px\u00a0\u00bb header_4_font_size_last_edited=\u00a0\u00bbon|tablet\u00a0\u00bb header_5_font_size_tablet=\u00a0\u00bb15px\u00a0\u00bb header_5_font_size_phone=\u00a0\u00bb14px\u00a0\u00bb header_5_font_size_last_edited=\u00a0\u00bbon|desktop\u00a0\u00bb header_6_font_size_tablet=\u00a0\u00bb13px\u00a0\u00bb header_6_font_size_phone=\u00a0\u00bb13px\u00a0\u00bb header_6_font_size_last_edited=\u00a0\u00bbon|desktop\u00a0\u00bb locked=\u00a0\u00bboff\u00a0\u00bb global_colors_info=\u00a0\u00bb{}\u00a0\u00bb theme_builder_area=\u00a0\u00bbpost_content\u00a0\u00bb sticky_enabled=\u00a0\u00bb0&Prime;]<\/p>\n<p style=\"text-align: left;\"><span><\/span> <span>Cette \u00e9tude a \u00e9t\u00e9 examin\u00e9e et approuv\u00e9e par le <\/span><strong data-start=\"3161\" data-end=\"3226\">Conseil d\u2019\u00e9thique de la recherche de l\u2019Universit\u00e9 de Toronto (Protocole #48872)<\/strong> <span>et est financ\u00e9e par les <\/span><strong data-start=\"3248\" data-end=\"3297\">Instituts canadiens de recherche en sant\u00e9 (IRSC<\/strong>).<\/p>\n<p>[\/et_pb_text][\/et_pb_column][\/et_pb_row][\/et_pb_section]<\/p>\n","protected":false},"excerpt":{"rendered":"<p>\u00c9tude sur la grossesse et les maladies chroniques : Des chercheurs de l\u2019Universit\u00e9 de Toronto recherchent des participants, y compris des personnes vivant avec le lupus, pour partager leurs exp\u00e9riences de grossesse et aider \u00e0 am\u00e9liorer les soins futurs pendant la grossesse.<\/p>\n","protected":false},"author":4,"featured_media":13118,"comment_status":"closed","ping_status":"closed","sticky":false,"template":"","format":"standard","meta":{"_acf_changed":false,"_et_pb_use_builder":"on","_et_pb_old_content":"","_et_gb_content_width":"","footnotes":""},"categories":[92],"tags":[753,607,187,754,165],"topic":[115],"audience":[123,125,124],"class_list":["post-13119","post","type-post","status-publish","format-standard","has-post-thumbnail","hentry","category-article-fr","tag-grossesse","tag-grossesse-et-lupus","tag-lupus-fr","tag-maladies-chroniques","tag-recherche","topic-recherche-et-essais-cliniques","audience-j-ai-le-lupus","audience-professionnel-de-la-sante","audience-une-personne-a-qui-je-tiens-a-le-lupus"],"acf":[],"_links":{"self":[{"href":"https:\/\/www.lupuscanada.org\/fr\/wp-json\/wp\/v2\/posts\/13119","targetHints":{"allow":["GET"]}}],"collection":[{"href":"https:\/\/www.lupuscanada.org\/fr\/wp-json\/wp\/v2\/posts"}],"about":[{"href":"https:\/\/www.lupuscanada.org\/fr\/wp-json\/wp\/v2\/types\/post"}],"author":[{"embeddable":true,"href":"https:\/\/www.lupuscanada.org\/fr\/wp-json\/wp\/v2\/users\/4"}],"replies":[{"embeddable":true,"href":"https:\/\/www.lupuscanada.org\/fr\/wp-json\/wp\/v2\/comments?post=13119"}],"version-history":[{"count":2,"href":"https:\/\/www.lupuscanada.org\/fr\/wp-json\/wp\/v2\/posts\/13119\/revisions"}],"predecessor-version":[{"id":13121,"href":"https:\/\/www.lupuscanada.org\/fr\/wp-json\/wp\/v2\/posts\/13119\/revisions\/13121"}],"wp:featuredmedia":[{"embeddable":true,"href":"https:\/\/www.lupuscanada.org\/fr\/wp-json\/wp\/v2\/media\/13118"}],"wp:attachment":[{"href":"https:\/\/www.lupuscanada.org\/fr\/wp-json\/wp\/v2\/media?parent=13119"}],"wp:term":[{"taxonomy":"category","embeddable":true,"href":"https:\/\/www.lupuscanada.org\/fr\/wp-json\/wp\/v2\/categories?post=13119"},{"taxonomy":"post_tag","embeddable":true,"href":"https:\/\/www.lupuscanada.org\/fr\/wp-json\/wp\/v2\/tags?post=13119"},{"taxonomy":"topic","embeddable":true,"href":"https:\/\/www.lupuscanada.org\/fr\/wp-json\/wp\/v2\/topic?post=13119"},{"taxonomy":"audience","embeddable":true,"href":"https:\/\/www.lupuscanada.org\/fr\/wp-json\/wp\/v2\/audience?post=13119"}],"curies":[{"name":"wp","href":"https:\/\/api.w.org\/{rel}","templated":true}]}}]