{"id":10335,"date":"2025-04-30T17:24:00","date_gmt":"2025-04-30T17:24:00","guid":{"rendered":"https:\/\/www.lupuscanada.org\/lhistoire-du-lupus-dune-mere-le-parcours-de-carolina-et-luca\/"},"modified":"2025-11-10T21:23:43","modified_gmt":"2025-11-10T21:23:43","slug":"lhistoire-du-lupus-dune-mere-le-parcours-de-carolina-et-luca","status":"publish","type":"post","link":"https:\/\/www.lupuscanada.org\/fr\/lhistoire-du-lupus-dune-mere-le-parcours-de-carolina-et-luca\/","title":{"rendered":"L\u2019histoire du lupus d\u2019une m\u00e8re : le parcours de Carolina en tant qu\u2019aidante"},"content":{"rendered":"<p>[et_pb_section fb_built=\u00a0\u00bb1&Prime; _builder_version=\u00a0\u00bb4.27.4&Prime; _module_preset=\u00a0\u00bbdefault\u00a0\u00bb custom_margin=\u00a0\u00bb||-38px||false|false\u00a0\u00bb da_disable_devices=\u00a0\u00bboff|off|off\u00a0\u00bb global_colors_info=\u00a0\u00bb{}\u00a0\u00bb da_is_popup=\u00a0\u00bboff\u00a0\u00bb da_exit_intent=\u00a0\u00bboff\u00a0\u00bb da_has_close=\u00a0\u00bbon\u00a0\u00bb da_alt_close=\u00a0\u00bboff\u00a0\u00bb da_dark_close=\u00a0\u00bboff\u00a0\u00bb da_not_modal=\u00a0\u00bbon\u00a0\u00bb da_is_singular=\u00a0\u00bboff\u00a0\u00bb da_with_loader=\u00a0\u00bboff\u00a0\u00bb da_has_shadow=\u00a0\u00bbon\u00a0\u00bb][et_pb_row _builder_version=\u00a0\u00bb4.27.4&Prime; _module_preset=\u00a0\u00bbdefault\u00a0\u00bb custom_margin=\u00a0\u00bb-26px||||false|false\u00a0\u00bb custom_padding=\u00a0\u00bb12px||12px||true|false\u00a0\u00bb global_colors_info=\u00a0\u00bb{}\u00a0\u00bb][et_pb_column type=\u00a0\u00bb4_4&Prime; _builder_version=\u00a0\u00bb4.27.4&Prime; _module_preset=\u00a0\u00bbdefault\u00a0\u00bb global_colors_info=\u00a0\u00bb{}\u00a0\u00bb][et_pb_text _builder_version=\u00a0\u00bb4.27.4&Prime; _module_preset=\u00a0\u00bbdefault\u00a0\u00bb header_text_align=\u00a0\u00bbcenter\u00a0\u00bb header_font_size=\u00a0\u00bb38px\u00a0\u00bb custom_padding=\u00a0\u00bb|2px||0px||\u00a0\u00bb global_colors_info=\u00a0\u00bb{}\u00a0\u00bb]<\/p>\n<h1><span>L\u2019histoire d\u2019une m\u00e8re atteinte de lupus : le parcours de Carolina en tant qu\u2019aidante<\/span><\/h1>\n<p>[\/et_pb_text][et_pb_text _builder_version=\u00a0\u00bb4.27.4&Prime; _module_preset=\u00a0\u00bbdefault\u00a0\u00bb global_colors_info=\u00a0\u00bb{}\u00a0\u00bb]<\/p>\n<p style=\"text-align: center;\"><strong><em>Voici l&rsquo;histoire d&rsquo;une m\u00e8re atteinte de lupus, qui t\u00e9moigne de sa force, de sa r\u00e9silience et de son amour.<\/em><\/strong><\/p>\n<p>[\/et_pb_text][\/et_pb_column][\/et_pb_row][et_pb_row _builder_version=\u00a0\u00bb4.27.4&Prime; _module_preset=\u00a0\u00bbdefault\u00a0\u00bb global_colors_info=\u00a0\u00bb{}\u00a0\u00bb][et_pb_column type=\u00a0\u00bb4_4&Prime; _builder_version=\u00a0\u00bb4.27.4&Prime; _module_preset=\u00a0\u00bbdefault\u00a0\u00bb global_colors_info=\u00a0\u00bb{}\u00a0\u00bb][et_pb_text _builder_version=\u00a0\u00bb4.27.4&Prime; _module_preset=\u00a0\u00bbdefault\u00a0\u00bb global_colors_info=\u00a0\u00bb{}\u00a0\u00bb]<\/p>\n<p data-start=\"505\" data-end=\"666\" class=\"\">Grande famille de soccer, la famille de Carolina a quitt\u00e9 l\u2019Argentine pour s\u2019installer au Canada en 2011. Ils se sont install\u00e9s \u00e0 Vancouver, en Colombie-Britannique, o\u00f9 son fils a grandi en pratiquant ce sport. <\/p>\n<p data-start=\"668\" data-end=\"814\" class=\"\">Il \u00e9tait un peu plus petit que les autres enfants de sa classe, mais sa sant\u00e9 n\u2019\u00e9tait pas un probl\u00e8me.<\/p>\n<p data-start=\"668\" data-end=\"814\" class=\"\">\u00ab Il jouait comme si de rien n\u2019\u00e9tait \u00bb, dit Carolina.<\/p>\n<p data-start=\"816\" data-end=\"1185\" class=\"\">Les choses sont rest\u00e9es ainsi pendant un certain temps jusqu\u2019en 2023, lorsque le fils de Carolina a eu du mal \u00e0 prendre du poids et \u00e0 grandir. Bien que sa famille soit g\u00e9n\u00e9tiquement tr\u00e8s petite, il est devenu plus visible au fil du temps que quelque chose pouvait ne pas aller. <br data-start=\"1038\" data-end=\"1041\">\u00ab Il voyait un p\u00e9diatre, un endocrinologue et un sp\u00e9cialiste en g\u00e9n\u00e9tique \u00bb, explique Carolina. \u00ab Mais rien n\u2019a sembl\u00e9 aider. Personne n\u2019avait de r\u00e9ponse. <\/p>\n<p>[\/et_pb_text][et_pb_divider color=\u00a0\u00bb#6B198A\u00a0\u00bb divider_weight=\u00a0\u00bb5px\u00a0\u00bb _builder_version=\u00a0\u00bb4.27.4&Prime; _module_preset=\u00a0\u00bbdefault\u00a0\u00bb global_colors_info=\u00a0\u00bb{}\u00a0\u00bb][\/et_pb_divider][et_pb_heading title=\u00a0\u00bbD\u2019un match de football \u00e0 un diagnostic\u00a0\u00bb _builder_version=\u00a0\u00bb4.27.4&Prime; _module_preset=\u00a0\u00bbdefault\u00a0\u00bb title_level=\u00a0\u00bbh2&Prime; global_colors_info=\u00a0\u00bb{}\u00a0\u00bb][\/et_pb_heading][et_pb_text _builder_version=\u00a0\u00bb4.27.4&Prime; _module_preset=\u00a0\u00bbdefault\u00a0\u00bb global_colors_info=\u00a0\u00bb{}\u00a0\u00bb]<\/p>\n<p data-start=\"1231\" data-end=\"1418\" class=\"\">Les choses ont empir\u00e9 cet \u00e9t\u00e9-l\u00e0 lorsque le fils de Carolina a particip\u00e9 \u00e0 une comp\u00e9tition de football.<\/p>\n<p data-start=\"1231\" data-end=\"1418\" class=\"\">\u00ab Il \u00e9tait au soleil toute la journ\u00e9e \u00bb, dit-elle. \u00ab\u00a0Et nous avons pens\u00e9 qu\u2019il avait peut-\u00eatre un coup de soleil. Mais il se sentait tr\u00e8s malade. <\/p>\n<p data-start=\"1420\" data-end=\"1610\" class=\"\">Le fils de Carolina a \u00e9t\u00e9 admis \u00e0 l\u2019H\u00f4pital pour enfants de la Colombie-Britannique \u00e0 Vancouver, o\u00f9 il a imm\u00e9diatement subi des tests et un traitement.<\/p>\n<p data-start=\"1420\" data-end=\"1610\" class=\"\">\u00ab Ils lui ont fait faire des analyses de sang, et les r\u00e9sultats n\u2019\u00e9taient pas bons \u00bb, dit Carolina.<\/p>\n<p data-start=\"1612\" data-end=\"1931\" class=\"\">Les m\u00e9decins gardaient pour eux leurs soup\u00e7ons sur tout diagnostic. Comme ils ne voulaient pas alarmer Carolina. Mais apr\u00e8s quelques s\u00e9ries de tests suppl\u00e9mentaires, il a officiellement \u00e9t\u00e9 diagnostiqu\u00e9 avec le lupus.  <\/p>\n<p data-start=\"1612\" data-end=\"1931\" class=\"\">\u00ab Je ne savais m\u00eame pas ce que c\u2019\u00e9tait. Je n\u2019avais jamais entendu parler du lupus auparavant \u00bb, dit-elle. \u00ab&nbsp;La br\u00fblure s\u2019est av\u00e9r\u00e9e \u00eatre l\u2019\u00e9ruption du papillon.&nbsp;\u00bb <\/p>\n<p data-start=\"1933\" data-end=\"2179\" class=\"\">Le fils de Carolina a imm\u00e9diatement \u00e9t\u00e9 dirig\u00e9 vers un rhumatologue et plusieurs sp\u00e9cialistes \u00e0 l\u2019h\u00f4pital. Ensemble, ils ont travaill\u00e9 sur un plan de traitement pour lui. <\/p>\n<p data-start=\"1933\" data-end=\"2179\" class=\"\">\u00ab Nous avons tellement de chance \u00bb, dit Carolina. \u00ab Ils se soucient vraiment de mon fils et ils l\u2019ont beaucoup aid\u00e9. \u00bb <\/p>\n<p>[\/et_pb_text][et_pb_divider color=\u00a0\u00bb#6B198A\u00a0\u00bb divider_weight=\u00a0\u00bb5px\u00a0\u00bb _builder_version=\u00a0\u00bb4.27.4&Prime; _module_preset=\u00a0\u00bbdefault\u00a0\u00bb global_colors_info=\u00a0\u00bb{}\u00a0\u00bb][\/et_pb_divider][\/et_pb_column][\/et_pb_row][et_pb_row _builder_version=\u00a0\u00bb4.27.4&Prime; _module_preset=\u00a0\u00bbdefault\u00a0\u00bb background_image=\u00a0\u00bbhttps:\/\/www.lupuscanada.org\/wp-content\/uploads\/2024\/05\/Rectangle-1674.png\u00a0\u00bb custom_margin=\u00a0\u00bb22px||22px||true|false\u00a0\u00bb global_colors_info=\u00a0\u00bb{}\u00a0\u00bb][et_pb_column type=\u00a0\u00bb4_4&Prime; _builder_version=\u00a0\u00bb4.27.4&Prime; _module_preset=\u00a0\u00bbdefault\u00a0\u00bb global_colors_info=\u00a0\u00bb{}\u00a0\u00bb][et_pb_heading title=\u00a0\u00bbTraitement et progr\u00e8s\u00a0\u00bb _builder_version=\u00a0\u00bb4.27.4&Prime; _module_preset=\u00a0\u00bbdefault\u00a0\u00bb title_level=\u00a0\u00bbh2&Prime; title_text_color=\u00a0\u00bb#FFFFFF\u00a0\u00bb custom_margin=\u00a0\u00bb45px||||false|false\u00a0\u00bb global_colors_info=\u00a0\u00bb{}\u00a0\u00bb][\/et_pb_heading][et_pb_text _builder_version=\u00a0\u00bb4.27.4&Prime; _module_preset=\u00a0\u00bbdefault\u00a0\u00bb custom_margin=\u00a0\u00bb||45px||false|false\u00a0\u00bb custom_padding=\u00a0\u00bb0px||0px||false|false\u00a0\u00bb global_colors_info=\u00a0\u00bb{}\u00a0\u00bb]<\/p>\n<p data-start=\"2181\" data-end=\"2211\"><span style=\"color: #ffffff;\">Carolina s\u2019est imm\u00e9diatement lanc\u00e9e dans la recherche, comme le font de nombreux parents lorsque leur enfant est diagnostiqu\u00e9 avec une maladie, et \u00e9tait naturellement d\u00e9pass\u00e9e et effray\u00e9e. Malgr\u00e9 cela, elle \u00e9tait soulag\u00e9e d\u2019avoir une sorte d\u2019explication pour la sant\u00e9 de son fils. Depuis son diagnostic, le fils de Carolina a \u00e9t\u00e9 trait\u00e9 avec de la prednisone, de la MMF, de l\u2019\u00e9nalapril et du plaquenil.  <\/span><\/p>\n<p data-start=\"2540\" data-end=\"2729\" class=\"\"><span style=\"color: #ffffff;\">\u00ab Il y a eu une telle am\u00e9lioration \u00bb, explique Carolina. \u00ab\u00a0Il a retrouv\u00e9 sa force et son poids. Avant, il avait tellement d\u2019inflammation dans son corps qu\u2019il mangeait toutes ses calories. <\/span><\/p>\n<p data-start=\"2731\" data-end=\"3103\" class=\"\"><span style=\"color: #ffffff;\">Carolina se sent incroyablement chanceuse que son fils ait re\u00e7u un traitement aussi merveilleux \u00e0 l\u2019H\u00f4pital pour enfants de la Colombie-Britannique. Elle est consciente que pour de nombreuses personnes atteintes de lupus, le chemin vers le traitement peut \u00eatre long et douloureux. <\/span><\/p>\n<p data-start=\"2731\" data-end=\"3103\" class=\"\"><span style=\"color: #ffffff;\">\u00ab Il a eu quelques pouss\u00e9es avec ses reins \u00bb, dit Carolina. \u00ab\u00a0Mais il va bien&#8230; Si quelqu\u2019un peut g\u00e9rer cela, c\u2019est bien lui. Il est tellement r\u00e9silient. C\u2019est un combattant. <\/span><\/p>\n<p>[\/et_pb_text][\/et_pb_column][\/et_pb_row][et_pb_row _builder_version=\u00a0\u00bb4.27.4&Prime; _module_preset=\u00a0\u00bbdefault\u00a0\u00bb global_colors_info=\u00a0\u00bb{}\u00a0\u00bb][et_pb_column type=\u00a0\u00bb4_4&Prime; _builder_version=\u00a0\u00bb4.27.4&Prime; _module_preset=\u00a0\u00bbdefault\u00a0\u00bb global_colors_info=\u00a0\u00bb{}\u00a0\u00bb][et_pb_heading title=\u00a0\u00bbRaconter l\u2019histoire d\u2019une m\u00e8re atteinte de lupus pour inspirer les autres\u00a0\u00bb _builder_version=\u00a0\u00bb4.27.4&Prime; _module_preset=\u00a0\u00bbdefault\u00a0\u00bb title_level=\u00a0\u00bbh2&Prime; global_colors_info=\u00a0\u00bb{}\u00a0\u00bb][\/et_pb_heading][et_pb_text _builder_version=\u00a0\u00bb4.27.4&Prime; _module_preset=\u00a0\u00bbdefault\u00a0\u00bb global_colors_info=\u00a0\u00bb{}\u00a0\u00bb]<\/p>\n<p data-start=\"3141\" data-end=\"3306\" class=\"\">En tant que parent, Carolina souhaite que les autres sachent qu&rsquo;ils ne sont pas seuls dans leurs difficult\u00e9s.<\/p>\n<p data-start=\"3141\" data-end=\"3306\" class=\"\">\u00ab Je me suis rendue \u00e0 tous les rendez-vous. Mais je ne comprenais pas ce qui n&rsquo;allait pas \u00bb, dit-elle.<\/p>\n<p>[\/et_pb_text][\/et_pb_column][\/et_pb_row][et_pb_row _builder_version=\u00a0\u00bb4.27.4&Prime; _module_preset=\u00a0\u00bbdefault\u00a0\u00bb global_colors_info=\u00a0\u00bb{}\u00a0\u00bb][et_pb_column type=\u00a0\u00bb4_4&Prime; _builder_version=\u00a0\u00bb4.27.4&Prime; _module_preset=\u00a0\u00bbdefault\u00a0\u00bb global_colors_info=\u00a0\u00bb{}\u00a0\u00bb][et_pb_text _builder_version=\u00a0\u00bb4.27.4&Prime; _module_preset=\u00a0\u00bbdefault\u00a0\u00bb text_text_color=\u00a0\u00bb#3E005C\u00a0\u00bb text_font_size=\u00a0\u00bb22px\u00a0\u00bb custom_padding=\u00a0\u00bb8px||8px||true|false\u00a0\u00bb global_colors_info=\u00a0\u00bb{}\u00a0\u00bb]<\/p>\n<p data-start=\"3308\" data-end=\"3520\" class=\"\"><strong>En tant que m\u00e8re, l\u2019exp\u00e9rience de Carolina n\u2019est pas rare. Elle encourage les parents qui pourraient avoir besoin de quelqu\u2019un \u00e0 qui parler \u00e0 tendre la main. <\/strong><\/p>\n<p data-start=\"3308\" data-end=\"3520\" class=\"\"><strong>\u00ab D\u2019autres parents peuvent toujours se connecter avec moi \u00bb, dit-elle. \u00ab Vous n\u2019\u00eates pas seul. \u00bb <\/strong><\/p>\n<p>[\/et_pb_text][et_pb_heading title=\u00a0\u00bbSensibiliser les gar\u00e7ons atteints de lupus\u00a0\u00bb _builder_version=\u00a0\u00bb4.27.4&Prime; _module_preset=\u00a0\u00bbdefault\u00a0\u00bb title_level=\u00a0\u00bbh2&Prime; title_font_size=\u00a0\u00bb23px\u00a0\u00bb global_colors_info=\u00a0\u00bb{}\u00a0\u00bb][\/et_pb_heading][et_pb_text _builder_version=\u00a0\u00bb4.27.4&Prime; _module_preset=\u00a0\u00bbdefault\u00a0\u00bb header_2_font_size=\u00a0\u00bb25px\u00a0\u00bb global_colors_info=\u00a0\u00bb{}\u00a0\u00bb]<\/p>\n<p data-start=\"3569\" data-end=\"3806\" class=\"\">Tout au long de ce parcours, Carolina a \u00e9prouv\u00e9 un sentiment d\u2019isolement lorsqu\u2019il a remarqu\u00e9 que le lupus est courant chez les femmes. Le lupus est en effet plus r\u00e9pandu chez les femmes, cependant, il y a environ 5 000 hommes au Canada diagnostiqu\u00e9s avec la maladie. <\/p>\n<p data-start=\"3808\" data-end=\"4078\" class=\"\">Le fils de Carolina peut avoir l\u2019impression d\u2019\u00eatre le seul gar\u00e7on \u00e0 avoir le lupus, mais ce n\u2019est certainement pas le cas. Il est important pour Carolina que davantage de sensibilisation soit apport\u00e9e aux hommes et aux gar\u00e7ons qui souffrent de solitude et d\u2019isolement en raison du lupus. <\/p>\n<p data-start=\"3808\" data-end=\"4078\" class=\"\">\u00ab Cela peut aussi arriver aux gar\u00e7ons \u00bb, dit Carolina. \u00ab Ce n\u2019est tout simplement pas aussi souvent. \u00bb <\/p>\n<p data-start=\"4080\" data-end=\"4177\" class=\"\">Elle esp\u00e8re que davantage de groupes de soutien seront disponibles pour les gar\u00e7ons atteints de maladies auto-immunes \u00e0 l\u2019avenir.<\/p>\n<p>[\/et_pb_text][et_pb_heading title=\u00a0\u00bbTrouver la force en famille\u00a0\u00bb _builder_version=\u00a0\u00bb4.27.4&Prime; _module_preset=\u00a0\u00bbdefault\u00a0\u00bb title_level=\u00a0\u00bbh2&Prime; title_font_size=\u00a0\u00bb23px\u00a0\u00bb global_colors_info=\u00a0\u00bb{}\u00a0\u00bb][\/et_pb_heading][et_pb_text _builder_version=\u00a0\u00bb4.27.4&Prime; _module_preset=\u00a0\u00bbdefault\u00a0\u00bb header_2_font_size=\u00a0\u00bb25px\u00a0\u00bb global_colors_info=\u00a0\u00bb{}\u00a0\u00bb]<\/p>\n<p data-start=\"4217\" data-end=\"4490\" class=\"\">\u00c0 l\u2019approche de la f\u00eate des M\u00e8res, Carolina r\u00e9fl\u00e9chit \u00e0 la vie qu\u2019elle s\u2019est b\u00e2tie \u00e0 Vancouver.<\/p>\n<p data-start=\"4217\" data-end=\"4490\" class=\"\">Le fils de Carolina continue de jouer au soccer comp\u00e9titif et re\u00e7oit une tonne de soutien de ses co\u00e9quipiers et de ses pairs. \u00ab Ils ne comprennent pas tout \u00e0 fait le lupus \u00bb, dit Carolina. \u00ab Mais ils sont l\u00e0 pour lui. \u00bb  <\/p>\n<p data-start=\"4217\" data-end=\"4490\" class=\"\">Son mari est entra\u00eeneur de soccer avec son fils, et les deux restent tr\u00e8s actifs ensemble.<\/p>\n<p data-start=\"4217\" data-end=\"4490\" class=\"\">\u00ab J\u2019ai aussi beaucoup de chance d\u2019avoir mes filles. \u00bb Ils soutiennent beaucoup mon fils et l\u2019encouragent toujours. <\/p>\n<p data-start=\"4492\" data-end=\"4679\" class=\"\">Carolina explique que le lupus n\u2019affecte pas la personne diagnostiqu\u00e9e, mais aussi toute la famille. Sa famille et son fils restent forts malgr\u00e9 les hauts et les bas qu\u2019apporte le lupus. <\/p>\n<p data-start=\"4681\" data-end=\"4869\" class=\"\">\u00ab Nous sommes tellement b\u00e9nis. \u00bb<\/p>\n<p>[\/et_pb_text][\/et_pb_column][\/et_pb_row][\/et_pb_section][et_pb_section fb_built=\u00a0\u00bb1&Prime; _builder_version=\u00a0\u00bb4.27.4&Prime; _module_preset=\u00a0\u00bbdefault\u00a0\u00bb background_image=\u00a0\u00bbhttps:\/\/www.lupuscanada.org\/wp-content\/uploads\/2024\/05\/Rectangle-1674.png\u00a0\u00bb custom_margin=\u00a0\u00bb28px||28px||true|false\u00a0\u00bb custom_padding=\u00a0\u00bb28px||30px||false|false\u00a0\u00bb da_disable_devices=\u00a0\u00bboff|off|off\u00a0\u00bb global_colors_info=\u00a0\u00bb{}\u00a0\u00bb da_is_popup=\u00a0\u00bboff\u00a0\u00bb da_exit_intent=\u00a0\u00bboff\u00a0\u00bb da_has_close=\u00a0\u00bbon\u00a0\u00bb da_alt_close=\u00a0\u00bboff\u00a0\u00bb da_dark_close=\u00a0\u00bboff\u00a0\u00bb da_not_modal=\u00a0\u00bbon\u00a0\u00bb da_is_singular=\u00a0\u00bboff\u00a0\u00bb da_with_loader=\u00a0\u00bboff\u00a0\u00bb da_has_shadow=\u00a0\u00bbon\u00a0\u00bb][et_pb_row _builder_version=\u00a0\u00bb4.27.4&Prime; _module_preset=\u00a0\u00bbdefault\u00a0\u00bb custom_padding=\u00a0\u00bb3px|||||\u00a0\u00bb global_colors_info=\u00a0\u00bb{}\u00a0\u00bb][et_pb_column type=\u00a0\u00bb4_4&Prime; _builder_version=\u00a0\u00bb4.27.4&Prime; _module_preset=\u00a0\u00bbdefault\u00a0\u00bb global_colors_info=\u00a0\u00bb{}\u00a0\u00bb][et_pb_heading title=\u00a0\u00bbParlons lupus : Conversations avec Macenzie\u00a0\u00bb _builder_version=\u00a0\u00bb4.27.4&Prime; _module_preset=\u00a0\u00bbdefault\u00a0\u00bb title_level=\u00a0\u00bbh3&Prime; title_font=\u00a0\u00bb|&#8211;et_global_body_font_weight|||||||\u00a0\u00bb title_text_align=\u00a0\u00bbcenter\u00a0\u00bb title_text_color=\u00a0\u00bb#FFFFFF\u00a0\u00bb title_font_size=\u00a0\u00bb21px\u00a0\u00bb global_colors_info=\u00a0\u00bb{}\u00a0\u00bb][\/et_pb_heading][\/et_pb_column][\/et_pb_row][et_pb_row column_structure=\u00a0\u00bb1_2,1_2&Prime; _builder_version=\u00a0\u00bb4.27.4&Prime; _module_preset=\u00a0\u00bbdefault\u00a0\u00bb global_colors_info=\u00a0\u00bb{}\u00a0\u00bb][et_pb_column type=\u00a0\u00bb1_2&Prime; _builder_version=\u00a0\u00bb4.27.4&Prime; _module_preset=\u00a0\u00bbdefault\u00a0\u00bb global_colors_info=\u00a0\u00bb{}\u00a0\u00bb][et_pb_text _builder_version=\u00a0\u00bb4.27.4&Prime; _module_preset=\u00a0\u00bbdefault\u00a0\u00bb custom_margin=\u00a0\u00bb|-4px||0px|false|false\u00a0\u00bb global_colors_info=\u00a0\u00bb{}\u00a0\u00bb]<\/p>\n<p><span style=\"color: #ffffff;\">Chaque mois, <em>Parlons lupus : Conversations avec Macenzie<\/em> vous pr\u00e9sente des histoires inspirantes de Canadiens atteints de lupus. \u00c0 travers ces entrevues, Macenzie, un journaliste et \u00e9crivain bas\u00e9 \u00e0 Toronto qui a re\u00e7u un diagnostic de lupus \u00e9ryth\u00e9mateux diss\u00e9min\u00e9 (LED) en 2017, met en lumi\u00e8re les exp\u00e9riences, les d\u00e9fis et les triomphes de ceux qui naviguent dans la vie avec le lupus. <\/span><\/p>\n<p><span style=\"color: #ffffff;\">Si vous souhaitez partager votre histoire, veuillez ariana.ranjbar@lupuscanada.org envoyer un courriel <strong><a rel=\"noopener\" style=\"color: #ffffff;\">.<\/a><\/strong><\/span><\/p>\n<p>[\/et_pb_text][\/et_pb_column][et_pb_column type=\u00a0\u00bb1_2&Prime; _builder_version=\u00a0\u00bb4.27.4&Prime; _module_preset=\u00a0\u00bbdefault\u00a0\u00bb global_colors_info=\u00a0\u00bb{}\u00a0\u00bb][et_pb_image src=\u00a0\u00bbhttps:\/\/www.lupuscanada.org\/wp-content\/uploads\/2025\/08\/IG-1080-x-1350-px-2-copy-1.png\u00a0\u00bb alt=\u00a0\u00bbPersonne aux cheveux noirs assise \u00e0 une table de pique-dans un parc verdoyant, reposant son menton sur une main et souriant \u00e0 la cam\u00e9ra.\u00a0\u00bb title_text=\u00a0\u00bbParlons lupus \u2014 Portrait ext\u00e9rieur\u00a0\u00bb align=\u00a0\u00bbcenter\u00a0\u00bb _builder_version=\u00a0\u00bb4.27.4&Prime; _module_preset=\u00a0\u00bbdefault\u00a0\u00bb max_width=\u00a0\u00bb70%\u00a0\u00bb height=\u00a0\u00bb351px\u00a0\u00bb global_colors_info=\u00a0\u00bb{}\u00a0\u00bb][\/et_pb_image][\/et_pb_column][\/et_pb_row][\/et_pb_section][et_pb_section fb_built=\u00a0\u00bb1&Prime; admin_label=\u00a0\u00bbLinks\u00a0\u00bb _builder_version=\u00a0\u00bb4.25.1&Prime; _module_preset=\u00a0\u00bbdefault\u00a0\u00bb da_disable_devices=\u00a0\u00bboff|off|off\u00a0\u00bb locked=\u00a0\u00bboff\u00a0\u00bb collapsed=\u00a0\u00bbon\u00a0\u00bb global_colors_info=\u00a0\u00bb{}\u00a0\u00bb da_is_popup=\u00a0\u00bboff\u00a0\u00bb da_exit_intent=\u00a0\u00bboff\u00a0\u00bb da_has_close=\u00a0\u00bbon\u00a0\u00bb da_alt_close=\u00a0\u00bboff\u00a0\u00bb da_dark_close=\u00a0\u00bboff\u00a0\u00bb da_not_modal=\u00a0\u00bbon\u00a0\u00bb da_is_singular=\u00a0\u00bboff\u00a0\u00bb da_with_loader=\u00a0\u00bboff\u00a0\u00bb da_has_shadow=\u00a0\u00bbon\u00a0\u00bb][et_pb_row _builder_version=\u00a0\u00bb4.25.1&Prime; _module_preset=\u00a0\u00bbdefault\u00a0\u00bb global_colors_info=\u00a0\u00bb{}\u00a0\u00bb][et_pb_column type=\u00a0\u00bb4_4&Prime; _builder_version=\u00a0\u00bb4.25.1&Prime; _module_preset=\u00a0\u00bbdefault\u00a0\u00bb global_colors_info=\u00a0\u00bb{}\u00a0\u00bb][et_pb_heading title=\u00a0\u00bbD\u00e9couvrez d\u2019autres services de soutien de Lupus Canada\u00a0\u00bb _builder_version=\u00a0\u00bb4.27.4&Prime; _module_preset=\u00a0\u00bbc33f07d9-41e0-421a-8799-5799df695cce\u00a0\u00bb title_level=\u00a0\u00bbh2&Prime; title_font=\u00a0\u00bb&#8211;et_global_heading_font|Permanent Marker_weight|||||||\u00a0\u00bb title_text_align=\u00a0\u00bbcenter\u00a0\u00bb title_text_color=\u00a0\u00bbgcid-heading-color\u00a0\u00bb title_font_size=\u00a0\u00bb35px\u00a0\u00bb title_line_height=\u00a0\u00bb1.2em\u00a0\u00bb custom_margin=\u00a0\u00bb||10px||false|false\u00a0\u00bb title_font_size_tablet=\u00a0\u00bb28px\u00a0\u00bb title_font_size_phone=\u00a0\u00bb20px\u00a0\u00bb title_font_size_last_edited=\u00a0\u00bbon|phone\u00a0\u00bb global_colors_info=\u00a0\u00bb{}\u00a0\u00bb][\/et_pb_heading][\/et_pb_column][\/et_pb_row][et_pb_row column_structure=\u00a0\u00bb1_2,1_2&Prime; _builder_version=\u00a0\u00bb4.27.4&Prime; _module_preset=\u00a0\u00bbdefault\u00a0\u00bb global_colors_info=\u00a0\u00bb{}\u00a0\u00bb][et_pb_column type=\u00a0\u00bb1_2&Prime; _builder_version=\u00a0\u00bb4.25.1&Prime; _module_preset=\u00a0\u00bbdefault\u00a0\u00bb global_colors_info=\u00a0\u00bb{}\u00a0\u00bb][et_pb_text quote_border_color=\u00a0\u00bbgcid-secondary-color\u00a0\u00bb _builder_version=\u00a0\u00bb4.27.4&Prime; _module_preset=\u00a0\u00bb2c55a9c4-feed-423b-9edb-ae0b5b365cac\u00a0\u00bb text_font=\u00a0\u00bbNoto Sans|Noto Sans_weight|||||||\u00a0\u00bb text_text_color=\u00a0\u00bbgcid-body-color\u00a0\u00bb text_font_size=\u00a0\u00bb16px\u00a0\u00bb text_line_height=\u00a0\u00bb1.75em\u00a0\u00bb link_font=\u00a0\u00bb|Noto Sans_weight|||||||\u00a0\u00bb link_text_color=\u00a0\u00bbgcid-primary-color\u00a0\u00bb ul_text_color=\u00a0\u00bbgcid-primary-color\u00a0\u00bb ul_line_height=\u00a0\u00bb1.8em\u00a0\u00bb quote_font=\u00a0\u00bbPermanent Marker|Permanent Marker_weight|||||||\u00a0\u00bb quote_text_color=\u00a0\u00bbgcid-heading-color\u00a0\u00bb header_font=\u00a0\u00bbPermanent Marker|Permanent Marker_weight|||||||\u00a0\u00bb header_text_color=\u00a0\u00bbgcid-heading-color\u00a0\u00bb header_font_size=\u00a0\u00bb72px\u00a0\u00bb header_line_height=\u00a0\u00bb1.15em\u00a0\u00bb header_2_font=\u00a0\u00bbPermanent Marker|Permanent Marker_weight|||||||\u00a0\u00bb header_2_text_color=\u00a0\u00bbgcid-heading-color\u00a0\u00bb header_2_font_size=\u00a0\u00bb50px\u00a0\u00bb header_2_line_height=\u00a0\u00bb1.2em\u00a0\u00bb header_3_font=\u00a0\u00bbPermanent Marker|Permanent Marker_weight|||||||\u00a0\u00bb header_3_text_color=\u00a0\u00bbgcid-heading-color\u00a0\u00bb header_3_font_size=\u00a0\u00bb32px\u00a0\u00bb header_3_line_height=\u00a0\u00bb1.3em\u00a0\u00bb header_4_font=\u00a0\u00bbPermanent Marker|Permanent Marker_weight|||||||\u00a0\u00bb header_4_text_color=\u00a0\u00bbgcid-heading-color\u00a0\u00bb header_4_font_size=\u00a0\u00bb24px\u00a0\u00bb header_4_line_height=\u00a0\u00bb1.4em\u00a0\u00bb header_5_font=\u00a0\u00bbPermanent Marker|Permanent Marker_weight|||||||\u00a0\u00bb header_5_text_color=\u00a0\u00bbgcid-heading-color\u00a0\u00bb header_5_font_size=\u00a0\u00bb18px\u00a0\u00bb header_5_line_height=\u00a0\u00bb1.4em\u00a0\u00bb header_6_font=\u00a0\u00bbPermanent Marker|Permanent Marker_weight|||||||\u00a0\u00bb header_6_text_color=\u00a0\u00bbgcid-heading-color\u00a0\u00bb header_6_font_size=\u00a0\u00bb14px\u00a0\u00bb header_6_line_height=\u00a0\u00bb1.5em\u00a0\u00bb custom_margin=\u00a0\u00bb||||false|false\u00a0\u00bb text_font_size_tablet=\u00a0\u00bb15px\u00a0\u00bb text_font_size_phone=\u00a0\u00bb14px\u00a0\u00bb text_font_size_last_edited=\u00a0\u00bbon|phone\u00a0\u00bb header_font_size_tablet=\u00a0\u00bb40px\u00a0\u00bb header_font_size_phone=\u00a0\u00bb24px\u00a0\u00bb header_2_font_size_tablet=\u00a0\u00bb28px\u00a0\u00bb header_2_font_size_phone=\u00a0\u00bb20px\u00a0\u00bb header_2_font_size_last_edited=\u00a0\u00bbon|phone\u00a0\u00bb header_3_font_size_tablet=\u00a0\u00bb22px\u00a0\u00bb header_3_font_size_phone=\u00a0\u00bb17px\u00a0\u00bb header_3_font_size_last_edited=\u00a0\u00bbon|phone\u00a0\u00bb header_4_font_size_tablet=\u00a0\u00bb18px\u00a0\u00bb header_4_font_size_phone=\u00a0\u00bb15px\u00a0\u00bb header_5_font_size_tablet=\u00a0\u00bb15px\u00a0\u00bb header_5_font_size_phone=\u00a0\u00bb14px\u00a0\u00bb header_5_font_size_last_edited=\u00a0\u00bbon|desktop\u00a0\u00bb header_6_font_size_tablet=\u00a0\u00bb13px\u00a0\u00bb header_6_font_size_phone=\u00a0\u00bb13px\u00a0\u00bb header_6_font_size_last_edited=\u00a0\u00bbon|desktop\u00a0\u00bb global_colors_info=\u00a0\u00bb{%22gcid-primary-color%22:%91%22link_text_color%22,%22ul_text_color%22%93,%22gcid-heading-color%22:%91%22header_text_color%22,%22header_4_text_color%22,%22header_3_text_color%22,%22header_2_text_color%22,%22header_5_text_color%22,%22header_6_text_color%22,%22quote_text_color%22,%22header_text_color%22,%22header_4_text_color%22,%22header_3_text_color%22,%22header_2_text_color%22,%22header_5_text_color%22,%22header_6_text_color%22,%22quote_text_color%22%93,%22gcid-body-color%22:%91%22text_text_color%22,%22text_text_color%22%93,%22gcid-secondary-color%22:%91%22quote_border_color%22,%22quote_border_color%22%93}\u00a0\u00bb]<\/p>\n<ul>\n<li>\n<p><span style=\"text-decoration: underline;\"><a href=\"https:\/\/www.lupuscanada.org\/fr\/mode-de-vie-et-bien-etre\/\">Apprendre \u00e0 bien vivre avec le lupus<\/a><\/span> &#8211; Les personnes atteintes de lupus doivent souvent s\u2019adapter \u00e0 des r\u00e9gimes m\u00e9dicaux compliqu\u00e9s pour contr\u00f4ler les sympt\u00f4mes et pr\u00e9venir les pouss\u00e9es de la maladie. Des ajustements graduels et r\u00e9alisables du mode de vie peuvent contribuer \u00e0 am\u00e9liorer la qualit\u00e9 de vie et \u00e0 procurer un sentiment de bien-\u00eatre.<\/p>\n<\/li>\n<li><span style=\"color: #000000;\"><a href=\"https:\/\/www.lupuscanada.org\/fr\/programmes-de-soutien-gouvernementaux\/\" style=\"color: #000000;\">Soutien national et provincial<\/a><\/span> &#8211; <span style=\"color: #000000;\">Acc\u00e9dez \u00e0 un r\u00e9seau de ressources et de services disponibles partout au Canada.<\/span><\/li>\n<\/ul>\n<p>[\/et_pb_text][\/et_pb_column][et_pb_column type=\u00a0\u00bb1_2&Prime; _builder_version=\u00a0\u00bb4.25.1&Prime; _module_preset=\u00a0\u00bbdefault\u00a0\u00bb global_colors_info=\u00a0\u00bb{}\u00a0\u00bb][et_pb_text quote_border_color=\u00a0\u00bbgcid-secondary-color\u00a0\u00bb _builder_version=\u00a0\u00bb4.27.4&Prime; _module_preset=\u00a0\u00bb2c55a9c4-feed-423b-9edb-ae0b5b365cac\u00a0\u00bb text_font=\u00a0\u00bbNoto Sans|Noto Sans_weight|||||||\u00a0\u00bb text_text_color=\u00a0\u00bbgcid-body-color\u00a0\u00bb text_font_size=\u00a0\u00bb16px\u00a0\u00bb text_line_height=\u00a0\u00bb1.75em\u00a0\u00bb link_font=\u00a0\u00bb|Noto Sans_weight|||||||\u00a0\u00bb link_text_color=\u00a0\u00bbgcid-primary-color\u00a0\u00bb ul_text_color=\u00a0\u00bbgcid-primary-color\u00a0\u00bb ul_line_height=\u00a0\u00bb1.8em\u00a0\u00bb quote_font=\u00a0\u00bbPermanent Marker|Permanent Marker_weight|||||||\u00a0\u00bb quote_text_color=\u00a0\u00bbgcid-heading-color\u00a0\u00bb header_font=\u00a0\u00bbPermanent Marker|Permanent Marker_weight|||||||\u00a0\u00bb header_text_color=\u00a0\u00bbgcid-heading-color\u00a0\u00bb header_font_size=\u00a0\u00bb72px\u00a0\u00bb header_line_height=\u00a0\u00bb1.15em\u00a0\u00bb header_2_font=\u00a0\u00bbPermanent Marker|Permanent Marker_weight|||||||\u00a0\u00bb header_2_text_color=\u00a0\u00bbgcid-heading-color\u00a0\u00bb header_2_font_size=\u00a0\u00bb50px\u00a0\u00bb header_2_line_height=\u00a0\u00bb1.2em\u00a0\u00bb header_3_font=\u00a0\u00bbPermanent Marker|Permanent Marker_weight|||||||\u00a0\u00bb header_3_text_color=\u00a0\u00bbgcid-heading-color\u00a0\u00bb header_3_font_size=\u00a0\u00bb32px\u00a0\u00bb header_3_line_height=\u00a0\u00bb1.3em\u00a0\u00bb header_4_font=\u00a0\u00bbPermanent Marker|Permanent Marker_weight|||||||\u00a0\u00bb header_4_text_color=\u00a0\u00bbgcid-heading-color\u00a0\u00bb header_4_font_size=\u00a0\u00bb24px\u00a0\u00bb header_4_line_height=\u00a0\u00bb1.4em\u00a0\u00bb header_5_font=\u00a0\u00bbPermanent Marker|Permanent Marker_weight|||||||\u00a0\u00bb header_5_text_color=\u00a0\u00bbgcid-heading-color\u00a0\u00bb header_5_font_size=\u00a0\u00bb18px\u00a0\u00bb header_5_line_height=\u00a0\u00bb1.4em\u00a0\u00bb header_6_font=\u00a0\u00bbPermanent Marker|Permanent Marker_weight|||||||\u00a0\u00bb header_6_text_color=\u00a0\u00bbgcid-heading-color\u00a0\u00bb header_6_font_size=\u00a0\u00bb14px\u00a0\u00bb header_6_line_height=\u00a0\u00bb1.5em\u00a0\u00bb custom_margin=\u00a0\u00bb||||false|false\u00a0\u00bb hover_enabled=\u00a0\u00bb0&Prime; text_font_size_tablet=\u00a0\u00bb15px\u00a0\u00bb text_font_size_phone=\u00a0\u00bb14px\u00a0\u00bb text_font_size_last_edited=\u00a0\u00bbon|phone\u00a0\u00bb header_font_size_tablet=\u00a0\u00bb40px\u00a0\u00bb header_font_size_phone=\u00a0\u00bb24px\u00a0\u00bb header_2_font_size_tablet=\u00a0\u00bb28px\u00a0\u00bb header_2_font_size_phone=\u00a0\u00bb20px\u00a0\u00bb header_2_font_size_last_edited=\u00a0\u00bbon|phone\u00a0\u00bb header_3_font_size_tablet=\u00a0\u00bb22px\u00a0\u00bb header_3_font_size_phone=\u00a0\u00bb17px\u00a0\u00bb header_3_font_size_last_edited=\u00a0\u00bbon|phone\u00a0\u00bb header_4_font_size_tablet=\u00a0\u00bb18px\u00a0\u00bb header_4_font_size_phone=\u00a0\u00bb15px\u00a0\u00bb header_5_font_size_tablet=\u00a0\u00bb15px\u00a0\u00bb header_5_font_size_phone=\u00a0\u00bb14px\u00a0\u00bb header_5_font_size_last_edited=\u00a0\u00bbon|desktop\u00a0\u00bb header_6_font_size_tablet=\u00a0\u00bb13px\u00a0\u00bb header_6_font_size_phone=\u00a0\u00bb13px\u00a0\u00bb header_6_font_size_last_edited=\u00a0\u00bbon|desktop\u00a0\u00bb global_colors_info=\u00a0\u00bb{%22gcid-primary-color%22:%91%22link_text_color%22,%22ul_text_color%22%93,%22gcid-heading-color%22:%91%22header_text_color%22,%22header_4_text_color%22,%22header_3_text_color%22,%22header_2_text_color%22,%22header_5_text_color%22,%22header_6_text_color%22,%22quote_text_color%22,%22header_text_color%22,%22header_4_text_color%22,%22header_3_text_color%22,%22header_2_text_color%22,%22header_5_text_color%22,%22header_6_text_color%22,%22quote_text_color%22%93,%22gcid-body-color%22:%91%22text_text_color%22,%22text_text_color%22%93,%22gcid-secondary-color%22:%91%22quote_border_color%22,%22quote_border_color%22%93}\u00a0\u00bb sticky_enabled=\u00a0\u00bb0&Prime;]<\/p>\n<ul>\n<li><a href=\"https:\/\/www.bcchildrens.ca\/\" target=\"_blank\" rel=\"noopener\"><span style=\"text-decoration: underline;\">H\u00f4pital pour enfants de la Colombie-Britannique :<\/span><\/a> <span style=\"color: #000000;\">Gr\u00e2ce aux excellents soins prodigu\u00e9s \u00e0 l\u2019H\u00f4pital pour enfants de la Colombie-Britannique, le parcours de traitement du fils de Carolina a commenc\u00e9 avec un solide soutien.<\/span><br \/><span style=\"color: #000000;\"><\/span><\/li>\n<\/ul>\n<p>[\/et_pb_text][\/et_pb_column][\/et_pb_row][\/et_pb_section]<\/p>\n","protected":false},"excerpt":{"rendered":"<p>L\u2019histoire du lupus de cette m\u00e8re suit Carolina et son fils alors qu\u2019ils naviguent dans un diagnostic qui change leur vie avec force, amour et r\u00e9silience.<\/p>\n","protected":false},"author":4,"featured_media":0,"comment_status":"closed","ping_status":"closed","sticky":false,"template":"","format":"standard","meta":{"_acf_changed":false,"_et_pb_use_builder":"on","_et_pb_old_content":"","_et_gb_content_width":"","footnotes":""},"categories":[92],"tags":[454,144,455,458,457,187,456,414],"topic":[118],"audience":[123,122,126,124],"class_list":["post-10335","post","type-post","status-publish","format-standard","hentry","category-article-fr","tag-fete-des-meres","tag-guerrier-du-lupus","tag-histoire-dun-aidant-naturel","tag-histoires-de-lupus-canada","tag-hommes-atteints-de-lupus","tag-lupus-fr","tag-lupus-pediatrique","tag-parlons-lupus","topic-recits-personnels","audience-j-ai-le-lupus","audience-j-ai-recemment-recu-un-diagnostic","audience-je-veux-plaider","audience-une-personne-a-qui-je-tiens-a-le-lupus"],"acf":[],"_links":{"self":[{"href":"https:\/\/www.lupuscanada.org\/fr\/wp-json\/wp\/v2\/posts\/10335","targetHints":{"allow":["GET"]}}],"collection":[{"href":"https:\/\/www.lupuscanada.org\/fr\/wp-json\/wp\/v2\/posts"}],"about":[{"href":"https:\/\/www.lupuscanada.org\/fr\/wp-json\/wp\/v2\/types\/post"}],"author":[{"embeddable":true,"href":"https:\/\/www.lupuscanada.org\/fr\/wp-json\/wp\/v2\/users\/4"}],"replies":[{"embeddable":true,"href":"https:\/\/www.lupuscanada.org\/fr\/wp-json\/wp\/v2\/comments?post=10335"}],"version-history":[{"count":0,"href":"https:\/\/www.lupuscanada.org\/fr\/wp-json\/wp\/v2\/posts\/10335\/revisions"}],"wp:attachment":[{"href":"https:\/\/www.lupuscanada.org\/fr\/wp-json\/wp\/v2\/media?parent=10335"}],"wp:term":[{"taxonomy":"category","embeddable":true,"href":"https:\/\/www.lupuscanada.org\/fr\/wp-json\/wp\/v2\/categories?post=10335"},{"taxonomy":"post_tag","embeddable":true,"href":"https:\/\/www.lupuscanada.org\/fr\/wp-json\/wp\/v2\/tags?post=10335"},{"taxonomy":"topic","embeddable":true,"href":"https:\/\/www.lupuscanada.org\/fr\/wp-json\/wp\/v2\/topic?post=10335"},{"taxonomy":"audience","embeddable":true,"href":"https:\/\/www.lupuscanada.org\/fr\/wp-json\/wp\/v2\/audience?post=10335"}],"curies":[{"name":"wp","href":"https:\/\/api.w.org\/{rel}","templated":true}]}}