{"id":10043,"date":"2025-04-11T02:07:14","date_gmt":"2025-04-11T02:07:14","guid":{"rendered":"https:\/\/www.lupuscanada.org\/parlons-lupus-histoires-de-canadiens-vivant-avec-le-lupus\/"},"modified":"2025-04-18T16:57:12","modified_gmt":"2025-04-18T16:57:12","slug":"parlons-lupus-histoires-de-canadiens-vivant-avec-le-lupus","status":"publish","type":"post","link":"https:\/\/www.lupuscanada.org\/fr\/parlons-lupus-histoires-de-canadiens-vivant-avec-le-lupus\/","title":{"rendered":"Parlons lupus : Histoires de Canadiens vivant avec le lupus"},"content":{"rendered":"<p>[et_pb_section fb_built=\u00a0\u00bb1&Prime; _builder_version=\u00a0\u00bb4.27.4&Prime; _module_preset=\u00a0\u00bbdefault\u00a0\u00bb custom_margin=\u00a0\u00bb-132px||||false|false\u00a0\u00bb custom_padding=\u00a0\u00bb0px||0px||true|false\u00a0\u00bb da_disable_devices=\u00a0\u00bboff|off|off\u00a0\u00bb global_colors_info=\u00a0\u00bb{}\u00a0\u00bb da_is_popup=\u00a0\u00bboff\u00a0\u00bb da_exit_intent=\u00a0\u00bboff\u00a0\u00bb da_has_close=\u00a0\u00bbon\u00a0\u00bb da_alt_close=\u00a0\u00bboff\u00a0\u00bb da_dark_close=\u00a0\u00bboff\u00a0\u00bb da_not_modal=\u00a0\u00bbon\u00a0\u00bb da_is_singular=\u00a0\u00bboff\u00a0\u00bb da_with_loader=\u00a0\u00bboff\u00a0\u00bb da_has_shadow=\u00a0\u00bbon\u00a0\u00bb][et_pb_row _builder_version=\u00a0\u00bb4.27.4&Prime; _module_preset=\u00a0\u00bbdefault\u00a0\u00bb background_image=\u00a0\u00bbhttps:\/\/www.lupuscanada.org\/wp-content\/uploads\/2024\/08\/Custom-Gradient-1080&#215;1080@2x.png\u00a0\u00bb custom_margin=\u00a0\u00bb-14px||||false|false\u00a0\u00bb global_colors_info=\u00a0\u00bb{}\u00a0\u00bb][et_pb_column type=\u00a0\u00bb4_4&Prime; _builder_version=\u00a0\u00bb4.27.3&Prime; _module_preset=\u00a0\u00bbdefault\u00a0\u00bb global_colors_info=\u00a0\u00bb{}\u00a0\u00bb][et_pb_heading title=\u00a0\u00bbParlons lupus : Conversations avec Macenzie\u00a0\u00bb _builder_version=\u00a0\u00bb4.27.4&Prime; _module_preset=\u00a0\u00bbdefault\u00a0\u00bb title_font=\u00a0\u00bb&#8211;et_global_heading_font|700|||||||\u00a0\u00bb title_text_align=\u00a0\u00bbcenter\u00a0\u00bb title_text_color=\u00a0\u00bb#FFFFFF\u00a0\u00bb title_font_size=\u00a0\u00bb29px\u00a0\u00bb custom_margin=\u00a0\u00bb30px||0px||false|false\u00a0\u00bb custom_margin_tablet=\u00a0\u00bb30px||0px||false|false\u00a0\u00bb custom_margin_phone=\u00a0\u00bb30px||0px||false|false\u00a0\u00bb custom_margin_last_edited=\u00a0\u00bbon|desktop\u00a0\u00bb custom_padding=\u00a0\u00bb22px||22px||true|false\u00a0\u00bb hover_enabled=\u00a0\u00bb0&Prime; title_font_size_tablet=\u00a0\u00bb29px\u00a0\u00bb title_font_size_phone=\u00a0\u00bb39px\u00a0\u00bb title_font_size_last_edited=\u00a0\u00bbon|phone\u00a0\u00bb global_colors_info=\u00a0\u00bb{}\u00a0\u00bb sticky_enabled=\u00a0\u00bb0&Prime;][\/et_pb_heading][\/et_pb_column][\/et_pb_row][et_pb_row column_structure=\u00a0\u00bb1_2,1_2&Prime; _builder_version=\u00a0\u00bb4.27.4&Prime; _module_preset=\u00a0\u00bbdefault\u00a0\u00bb background_image=\u00a0\u00bbhttps:\/\/www.lupuscanada.org\/wp-content\/uploads\/2024\/08\/Custom-Gradient-1080&#215;1080@2x.png\u00a0\u00bb custom_margin=\u00a0\u00bb-50px||||false|false\u00a0\u00bb custom_padding=\u00a0\u00bb64px||64px||true|false\u00a0\u00bb global_colors_info=\u00a0\u00bb{}\u00a0\u00bb][et_pb_column type=\u00a0\u00bb1_2&Prime; _builder_version=\u00a0\u00bb4.27.4&Prime; _module_preset=\u00a0\u00bbdefault\u00a0\u00bb global_colors_info=\u00a0\u00bb{}\u00a0\u00bb][et_pb_heading title=\u00a0\u00bbDes histoires vraies. Un impact r\u00e9el. \u00a0\u00bb _builder_version=\u00a0\u00bb4.27.4&Prime; _module_preset=\u00a0\u00bbdefault\u00a0\u00bb title_level=\u00a0\u00bbh2&Prime; title_text_color=\u00a0\u00bb#FFFFFF\u00a0\u00bb hover_enabled=\u00a0\u00bb0&Prime; global_colors_info=\u00a0\u00bb{}\u00a0\u00bb sticky_enabled=\u00a0\u00bb0&Prime;][\/et_pb_heading][et_pb_text _builder_version=\u00a0\u00bb4.27.4&Prime; _module_preset=\u00a0\u00bbdefault\u00a0\u00bb custom_margin=\u00a0\u00bb0px|-4px||1px|false|false\u00a0\u00bb custom_padding=\u00a0\u00bb0px||0px||true|false\u00a0\u00bb global_colors_info=\u00a0\u00bb{}\u00a0\u00bb]<\/p>\n<p data-start=\"672\" data-end=\"1087\" class=\"\"><span style=\"color: #ffffff;\"><em data-start=\"695\" data-end=\"742\">Parlons lupus : Conversations avec Macenzie est une s\u00e9rie d\u2019entrevues<\/em> mensuelles qui pr\u00e9sente des histoires vraies de Canadiens vivant avec le lupus. Anim\u00e9e par le journaliste et \u00e9crivain torontois <strong data-start=\"880\" data-end=\"892\">Macenzie<\/strong>, qui a re\u00e7u un diagnostic de <strong data-start=\"917\" data-end=\"955\">lupus \u00e9ryth\u00e9mateux diss\u00e9min\u00e9 (LED)<\/strong> en 2017, cette s\u00e9rie met en lumi\u00e8re les <strong data-start=\"996\" data-end=\"1044\">d\u00e9fis uniques, la r\u00e9silience et les victoires<\/strong> des guerriers du lupus de partout au pays. <\/span><\/p>\n<p data-start=\"1089\" data-end=\"1267\" class=\"\"><span style=\"color: #ffffff;\">Par le biais de conversations honn\u00eates, Macenzie sensibilise aux aspects physiques, \u00e9motionnels et sociaux de la vie avec le lupus, aidant ainsi les autres \u00e0 se sentir vus, compris et autonomes.<\/span><\/p>\n<p>[\/et_pb_text][\/et_pb_column][et_pb_column type=\u00a0\u00bb1_2&Prime; _builder_version=\u00a0\u00bb4.27.4&Prime; _module_preset=\u00a0\u00bbdefault\u00a0\u00bb global_colors_info=\u00a0\u00bb{}\u00a0\u00bb][et_pb_image src=\u00a0\u00bbhttps:\/\/www.lupuscanada.org\/wp-content\/uploads\/2025\/01\/MBM_0134-scaled.jpg\u00a0\u00bb title_text=\u00a0\u00bbParlons lupus avec Macenzie\u00a0\u00bb align=\u00a0\u00bbcenter\u00a0\u00bb _builder_version=\u00a0\u00bb4.27.4&Prime; _module_preset=\u00a0\u00bbdefault\u00a0\u00bb max_height=\u00a0\u00bb475px\u00a0\u00bb custom_margin=\u00a0\u00bb38px||||false|false\u00a0\u00bb custom_margin_tablet=\u00a0\u00bb38px||||false|false\u00a0\u00bb custom_margin_phone=\u00a0\u00bb-23px||||false|false\u00a0\u00bb custom_margin_last_edited=\u00a0\u00bbon|phone\u00a0\u00bb custom_padding=\u00a0\u00bb25px||25px||true|false\u00a0\u00bb global_colors_info=\u00a0\u00bb{}\u00a0\u00bb][\/et_pb_image][\/et_pb_column][\/et_pb_row][et_pb_row _builder_version=\u00a0\u00bb4.27.4&Prime; _module_preset=\u00a0\u00bbdefault\u00a0\u00bb global_colors_info=\u00a0\u00bb{}\u00a0\u00bb][et_pb_column type=\u00a0\u00bb4_4&Prime; _builder_version=\u00a0\u00bb4.27.4&Prime; _module_preset=\u00a0\u00bbdefault\u00a0\u00bb global_colors_info=\u00a0\u00bb{}\u00a0\u00bb][et_pb_testimonial portrait_width=\u00a0\u00bb1px\u00a0\u00bb portrait_height=\u00a0\u00bb1px\u00a0\u00bb _builder_version=\u00a0\u00bb4.27.4&Prime; _module_preset=\u00a0\u00bbdefault\u00a0\u00bb author_text_align=\u00a0\u00bbcenter\u00a0\u00bb author_font_size=\u00a0\u00bb1px\u00a0\u00bb position_font_size=\u00a0\u00bb1px\u00a0\u00bb company_font_size=\u00a0\u00bb1px\u00a0\u00bb custom_margin=\u00a0\u00bb||0px||false|false\u00a0\u00bb custom_padding=\u00a0\u00bb62px||62px||true|false\u00a0\u00bb global_colors_info=\u00a0\u00bb{}\u00a0\u00bb]<\/p>\n<p><em>\u00ab Il est extr\u00eamement important de d\u00e9mystifier les id\u00e9es fausses sur le lupus et les maladies non visibles, surtout pour ceux d\u2019entre nous qui ont \u00e9prouv\u00e9 des sentiments de solitude et de d\u00e9sespoir. Partager nos histoires nous rappelle que \u00ab vous n\u2019\u00eates pas seuls \u00bb. Notre communaut\u00e9 est peut-\u00eatre petite, mais elle est r\u00e9siliente malgr\u00e9 les d\u00e9fis auxquels nous sommes confront\u00e9s au quotidien.<\/em><\/p>\n<p style=\"text-align: center;\"><strong>Macenzie<\/strong><\/p>\n<p>[\/et_pb_testimonial][\/et_pb_column][\/et_pb_row][et_pb_row _builder_version=\u00a0\u00bb4.27.3&Prime; _module_preset=\u00a0\u00bbdefault\u00a0\u00bb global_colors_info=\u00a0\u00bb{}\u00a0\u00bb][et_pb_column type=\u00a0\u00bb4_4&Prime; _builder_version=\u00a0\u00bb4.27.3&Prime; _module_preset=\u00a0\u00bbdefault\u00a0\u00bb global_colors_info=\u00a0\u00bb{}\u00a0\u00bb][et_pb_text content_tablet=\u00a0\u00bb<\/p>\n<p style=%22text-align: center;%22><strong data-start=%221350%22 data-end=%221374%22><span>Si vous souhaitez partager votre histoire, veuillez envoyer un courriel \u00e0 Ariana Ranjbar, sp\u00e9cialiste nationale du marketing num\u00e9rique chez Lupus Canada, \u00e0 <\/span><a data-start=%22191%22 data-end=%22221%22 rel=%22noopener%22>l\u2019adresse ariana.ranjbar@lupuscanada.org<\/a><span>.<\/span><\/strong><\/p>\n<p>\u00a0\u00bb content_phone=\u00a0\u00bb<\/p>\n<p style=%22text-align: center;%22><strong data-start=%221350%22 data-end=%221374%22><span>Si vous souhaitez partager votre histoire, veuillez envoyer un courriel \u00e0 Ariana Ranjbar, sp\u00e9cialiste nationale du marketing num\u00e9rique chez Lupus Canada, \u00e0 <\/span><a data-start=%22191%22 data-end=%22221%22 rel=%22noopener%22>l\u2019adresse ariana.ranjbar@lupuscanada.org<\/a><span>.<\/span><\/strong><\/p>\n<p>\u00a0\u00bb content_last_edited=\u00a0\u00bbon|tablet\u00a0\u00bb _builder_version=\u00a0\u00bb4.27.4&Prime; _module_preset=\u00a0\u00bbdefault\u00a0\u00bb text_font_size=\u00a0\u00bb20px\u00a0\u00bb custom_margin=\u00a0\u00bb||-23px||false|false\u00a0\u00bb custom_padding=\u00a0\u00bb44px|0px|44px||true|false\u00a0\u00bb text_font_size_tablet=\u00a0\u00bb20px\u00a0\u00bb text_font_size_phone=\u00a0\u00bb20px\u00a0\u00bb text_font_size_last_edited=\u00a0\u00bbon|phone\u00a0\u00bb global_colors_info=\u00a0\u00bb{}\u00a0\u00bb]<\/p>\n<p style=\"text-align: center;\"><strong data-start=\"1350\" data-end=\"1374\"><span>Si vous souhaitez partager votre histoire, veuillez envoyer un courriel \u00e0 Ariana Ranjbar, sp\u00e9cialiste nationale du marketing num\u00e9rique chez Lupus Canada, \u00e0 <\/span><a data-start=\"191\" data-end=\"221\" rel=\"noopener\">l\u2019adresse ariana.ranjbar@lupuscanada.org<\/a><span>.<\/span><\/strong><\/p>\n<p>[\/et_pb_text][et_pb_text _builder_version=\u00a0\u00bb4.27.4&Prime; _module_preset=\u00a0\u00bbdefault\u00a0\u00bb text_font_size=\u00a0\u00bb20px\u00a0\u00bb text_orientation=\u00a0\u00bbcenter\u00a0\u00bb custom_margin=\u00a0\u00bb6px||||false|false\u00a0\u00bb custom_padding=\u00a0\u00bb15px||15px||true|false\u00a0\u00bb global_colors_info=\u00a0\u00bb{}\u00a0\u00bb]<\/p>\n<p><strong data-start=\"1350\" data-end=\"1374\"><span>Vous voulez en savoir plus sur le lupus ? Visitez notre page <span style=\"text-decoration: underline;\"><a href=\"https:\/\/www.lupuscanada.org\/fr\/quest-ce-que-le-lupus\/\">\u00c0 propos du lupus <\/a><\/span>.<br data-start=\"846\" data-end=\"849\">Explorez les efforts de sensibilisation actuels sur notre page <a data-start=\"890\" data-end=\"947\" href=\"https:\/\/www.lupuscanada.org\/fr\/conscience\/\">de sensibilisation au lupus<\/a> .<br data-start=\"953\" data-end=\"956\">Pr\u00eat \u00e0 soutenir la communaut\u00e9 du lupus ? <a data-start=\"994\" data-end=\"1051\" href=\"https:\/\/www.lupuscanada.org\/fr\/impliquez-vous\/\">Impliquez-vous<\/a> ou <a data-start=\"1055\" data-end=\"1100\" href=\"https:\/\/www.lupuscanada.org\/fr\/donner\/\">faites un don<\/a> d\u00e8s aujourd\u2019hui. <\/span><\/strong><\/p>\n<p>[\/et_pb_text][et_pb_divider color=\u00a0\u00bb#6B198A\u00a0\u00bb divider_weight=\u00a0\u00bb5px\u00a0\u00bb _builder_version=\u00a0\u00bb4.27.3&Prime; _module_preset=\u00a0\u00bbdefault\u00a0\u00bb module_alignment=\u00a0\u00bbcenter\u00a0\u00bb custom_margin=\u00a0\u00bb23px||||false|false\u00a0\u00bb global_colors_info=\u00a0\u00bb{}\u00a0\u00bb][\/et_pb_divider][\/et_pb_column][\/et_pb_row][et_pb_row _builder_version=\u00a0\u00bb4.27.4&Prime; _module_preset=\u00a0\u00bbdefault\u00a0\u00bb custom_margin=\u00a0\u00bb35px||||false|false\u00a0\u00bb global_colors_info=\u00a0\u00bb{}\u00a0\u00bb][et_pb_column type=\u00a0\u00bb4_4&Prime; _builder_version=\u00a0\u00bb4.27.4&Prime; _module_preset=\u00a0\u00bbdefault\u00a0\u00bb global_colors_info=\u00a0\u00bb{}\u00a0\u00bb][et_pb_heading title=\u00a0\u00bbUn aper\u00e7u des conversations\u00a0\u00bb _builder_version=\u00a0\u00bb4.27.4&Prime; _module_preset=\u00a0\u00bbdefault\u00a0\u00bb title_level=\u00a0\u00bbh3&Prime; title_font=\u00a0\u00bb|&#8211;et_global_body_font_weight|||||||\u00a0\u00bb global_colors_info=\u00a0\u00bb{}\u00a0\u00bb][\/et_pb_heading][\/et_pb_column][\/et_pb_row][et_pb_row column_structure=\u00a0\u00bb1_2,1_2&Prime; _builder_version=\u00a0\u00bb4.27.4&Prime; _module_preset=\u00a0\u00bbdefault\u00a0\u00bb custom_padding=\u00a0\u00bb20px||20px||true|false\u00a0\u00bb global_colors_info=\u00a0\u00bb{}\u00a0\u00bb][et_pb_column type=\u00a0\u00bb1_2&Prime; _builder_version=\u00a0\u00bb4.27.4&Prime; _module_preset=\u00a0\u00bbdefault\u00a0\u00bb global_colors_info=\u00a0\u00bb{}\u00a0\u00bb][et_pb_video src=\u00a0\u00bbhttps:\/\/youtube.com\/shorts\/PZeu3I4jVb0&Prime; _builder_version=\u00a0\u00bb4.27.4&Prime; _module_preset=\u00a0\u00bbdefault\u00a0\u00bb global_colors_info=\u00a0\u00bb{}\u00a0\u00bb][\/et_pb_video][\/et_pb_column][et_pb_column type=\u00a0\u00bb1_2&Prime; _builder_version=\u00a0\u00bb4.27.4&Prime; _module_preset=\u00a0\u00bbdefault\u00a0\u00bb global_colors_info=\u00a0\u00bb{}\u00a0\u00bb][et_pb_video src=\u00a0\u00bbhttps:\/\/youtube.com\/shorts\/eQJRn84b-hI\u00a0\u00bb _builder_version=\u00a0\u00bb4.27.4&Prime; _module_preset=\u00a0\u00bbdefault\u00a0\u00bb global_colors_info=\u00a0\u00bb{}\u00a0\u00bb][\/et_pb_video][\/et_pb_column][\/et_pb_row][\/et_pb_section]<\/p>\n","protected":false},"excerpt":{"rendered":"<p>D\u00e9couvrez des entrevues inspirantes avec des Canadiens atteints de lupus dans notre s\u00e9rie Parlons lupus : Conversations avec Macenzie. Anim\u00e9e par le journaliste Macenzie, cette rubrique mensuelle met en lumi\u00e8re la r\u00e9silience, la d\u00e9fense des droits et l\u2019espoir. <\/p>\n","protected":false},"author":4,"featured_media":5845,"comment_status":"closed","ping_status":"closed","sticky":false,"template":"","format":"standard","meta":{"_acf_changed":false,"_et_pb_use_builder":"on","_et_pb_old_content":"","_et_gb_content_width":"","footnotes":""},"categories":[92],"tags":[415,343,179,143,416,414,210,205,206,417],"topic":[114,118,120],"audience":[123,122,126,124],"class_list":["post-10043","post","type-post","status-publish","format-standard","has-post-thumbnail","hentry","category-article-fr","tag-entretiens-sur-le-lupus","tag-histoires-de-lupus","tag-maladie-auto-immune","tag-maladie-chronique","tag-parcours-avec-le-lupus","tag-parlons-lupus","tag-plaidoyer-contre-le-lupus","tag-sensibilisation-au-lupus","tag-vivre-avec-le-lupus","tag-voix-du-patient","topic-communaute-et-sensibilisation","topic-recits-personnels","topic-sensibilisation-et-communaute-fr","audience-j-ai-le-lupus","audience-j-ai-recemment-recu-un-diagnostic","audience-je-veux-plaider","audience-une-personne-a-qui-je-tiens-a-le-lupus"],"acf":[],"_links":{"self":[{"href":"https:\/\/www.lupuscanada.org\/fr\/wp-json\/wp\/v2\/posts\/10043","targetHints":{"allow":["GET"]}}],"collection":[{"href":"https:\/\/www.lupuscanada.org\/fr\/wp-json\/wp\/v2\/posts"}],"about":[{"href":"https:\/\/www.lupuscanada.org\/fr\/wp-json\/wp\/v2\/types\/post"}],"author":[{"embeddable":true,"href":"https:\/\/www.lupuscanada.org\/fr\/wp-json\/wp\/v2\/users\/4"}],"replies":[{"embeddable":true,"href":"https:\/\/www.lupuscanada.org\/fr\/wp-json\/wp\/v2\/comments?post=10043"}],"version-history":[{"count":0,"href":"https:\/\/www.lupuscanada.org\/fr\/wp-json\/wp\/v2\/posts\/10043\/revisions"}],"wp:featuredmedia":[{"embeddable":true,"href":"https:\/\/www.lupuscanada.org\/fr\/wp-json\/wp\/v2\/media\/5845"}],"wp:attachment":[{"href":"https:\/\/www.lupuscanada.org\/fr\/wp-json\/wp\/v2\/media?parent=10043"}],"wp:term":[{"taxonomy":"category","embeddable":true,"href":"https:\/\/www.lupuscanada.org\/fr\/wp-json\/wp\/v2\/categories?post=10043"},{"taxonomy":"post_tag","embeddable":true,"href":"https:\/\/www.lupuscanada.org\/fr\/wp-json\/wp\/v2\/tags?post=10043"},{"taxonomy":"topic","embeddable":true,"href":"https:\/\/www.lupuscanada.org\/fr\/wp-json\/wp\/v2\/topic?post=10043"},{"taxonomy":"audience","embeddable":true,"href":"https:\/\/www.lupuscanada.org\/fr\/wp-json\/wp\/v2\/audience?post=10043"}],"curies":[{"name":"wp","href":"https:\/\/api.w.org\/{rel}","templated":true}]}}